{"id":6850,"date":"2012-11-26T13:45:33","date_gmt":"2012-11-26T16:45:33","guid":{"rendered":"http:\/\/www.24baires.com\/?p=6850"},"modified":"2012-11-27T12:10:34","modified_gmt":"2012-11-27T15:10:34","slug":"se-le-salio-la-cadena-ahora-magnetto-pide-que-los-periodistas-revelen-sus-fuentes","status":"publish","type":"post","link":"https:\/\/www.24baires.com\/?p=6850","title":{"rendered":"Se le sali\u00f3 la cadena: ahora Magnetto pide que los periodistas revelen sus fuentes"},"content":{"rendered":"<p><a href=\"http:\/\/www.24baires.com\/medios\/6745-manotazos-de-ahogado-ahora-clarin-denuncia-penalmente-a-periodistas-y-funcionarios\/\" target=\"_blank\">Despu\u00e9s de la denuncia contra tres periodistas<\/a>, el apoderado legal del grupo dijo: <strong>\u00abQueremos que vengan y digan qui\u00e9n les dijo que Clar\u00edn est\u00e1 detr\u00e1s de eso\u00bb.<\/strong><!--more--><\/p>\n<p>El abogado patrocinante del Grupo Clar\u00edn, Hugo Wortman Jofre calific\u00f3 a los periodistas inclu\u00eddos en la denuncia penal presentada por instigaci\u00f3n a la violencia de \u00abpropagadores\u00bb de un mensaje que \u00abdemoniza\u00bb a la empresa.<\/p>\n<p>En declaraciones al programa radial del periodista Pablo Duggan, el letrado indic\u00f3 que no se denunci\u00f3 a Sandra Russo, a Roberto Caballero y a Javier Vicente, sino que se pide les que se presenten a declarar para contar de d\u00f3nde sacan sus afirmaciones.<br \/>\n\u00abAc\u00e1 hay personas que est\u00e1n propagando este mensaje, no estamos denunciando a estas personas, queremos que vengan y digan qui\u00e9n les dijo que Clar\u00edn est\u00e1 detr\u00e1s de eso\u00bb, indic\u00f3 Wortman Jofre en referencia a la presunta vinculaci\u00f3n del multimedio con los reclamos salariales de Prefectura y Gendarmer\u00eda, entre otros temas.<\/p>\n<p>En otras palabras, el apoderado del Grupo Clar\u00edn pide que los periodistas denunciados revelen su fuente de informaci\u00f3n; violando de esta forma todo el derecho que los ampara.<br \/>\nAsimismo, el abogado aclar\u00f3 que los dichos de los periodistas no constituyen un delito, pero aclara que esto es \u00aben la medida en que ese mensaje no constituya la instigaci\u00f3n a la violencia colectiva\u00bb.<br \/>\n\u00abEllos tienen que venir a contar sobre qu\u00e9 base sostuvieron tal afirmaci\u00f3n, hay funcionarios que hablaron en esa misma l\u00ednea, ser\u00e1 el Juez el que tendr\u00e1 que evaluar todo ese contenido probatorio\u00bb, agreg\u00f3.<\/p>\n","protected":false},"excerpt":{"rendered":"<p>Despu\u00e9s de la denuncia contra tres periodistas, el apoderado legal del grupo dijo: \u00abQueremos que vengan y digan qui\u00e9n les dijo que Clar\u00edn est\u00e1 detr\u00e1s de eso\u00bb.<\/p>\n","protected":false},"author":11,"featured_media":0,"comment_status":"open","ping_status":"open","sticky":false,"template":"","format":"standard","meta":{"_jetpack_newsletter_access":"","_jetpack_dont_email_post_to_subs":false,"_jetpack_newsletter_tier_id":0,"_jetpack_memberships_contains_paywalled_content":false,"_jetpack_memberships_contains_paid_content":false,"footnotes":""},"categories":[54],"tags":[],"class_list":["post-6850","post","type-post","status-publish","format-standard","hentry","category-medios"],"jetpack_featured_media_url":"","jetpack_shortlink":"https:\/\/wp.me\/p2JWE0-1Mu","jetpack-related-posts":[{"id":101974,"url":"https:\/\/www.24baires.com\/?p=101974","url_meta":{"origin":6850,"position":0},"title":"\u00abClar\u00edn adulter\u00f3 informaci\u00f3n, manipul\u00f3 a los lectores y construy\u00f3 una operaci\u00f3n berreta\u00bb","author":"AF","date":"04\/05\/2018","format":false,"excerpt":"El legislador Rodolfo Thailade carg\u00f3 con los tapones de punta contra el pol\u00e9mico multimedio hegem\u00f3nico, ante lo que denomin\u00f3 como una \"operaci\u00f3n berreta\" del \"editor (ir)responsable de Clar\u00edn, Ricardo Roa\". En una carta publicada por el legislador Rodolfo Thailade, carg\u00f3 con todo contra el multimedio Clar\u00edn por la publicaci\u00f3n de\u2026","rel":"","context":"En \u00abLocales\u00bb","block_context":{"text":"Locales","link":"https:\/\/www.24baires.com\/?cat=38"},"img":{"alt_text":"","src":"https:\/\/i0.wp.com\/www.24baires.com\/wp-content\/uploads\/2018\/05\/clar%C3%ADn-thailade.jpg?resize=350%2C200","width":350,"height":200,"srcset":"https:\/\/i0.wp.com\/www.24baires.com\/wp-content\/uploads\/2018\/05\/clar%C3%ADn-thailade.jpg?resize=350%2C200 1x, https:\/\/i0.wp.com\/www.24baires.com\/wp-content\/uploads\/2018\/05\/clar%C3%ADn-thailade.jpg?resize=525%2C300 1.5x"},"classes":[]},{"id":6830,"url":"https:\/\/www.24baires.com\/?p=6830","url_meta":{"origin":6850,"position":1},"title":"FOPEA insta a Clar\u00edn a que retire la denuncia","author":"AF","date":"26\/11\/2012","format":false,"excerpt":"El Foro de Periodismo Argentino (FOPEA) rechaza la denuncia por \u201cincitaci\u00f3n a la violencia colectiva\u201d (Art\u00edculo 212 del C\u00f3digo Penal), iniciada por el Grupo Clar\u00edn contra los periodistas Roberto Caballero, Sandra Russo y Javier Vicente. Se trata de una figura penal que podr\u00eda implicar penas de tres a seis a\u00f1os\u2026","rel":"","context":"En \u00abMedios\u00bb","block_context":{"text":"Medios","link":"https:\/\/www.24baires.com\/?cat=54"},"img":{"alt_text":"","src":"","width":0,"height":0},"classes":[]},{"id":112141,"url":"https:\/\/www.24baires.com\/?p=112141","url_meta":{"origin":6850,"position":2},"title":"Daniel Vila denunci\u00f3 que Macri lo extorsion\u00f3 con \u201cmeterle una denuncia\u201d y que tiene pruebas","author":"GB","date":"19\/09\/2019","format":false,"excerpt":"El empresario mendocino cont\u00f3 que el Presidente lo presion\u00f3 con un ministro para que se desprendiera de una licencia que ten\u00eda comprometida con Clar\u00edn. Cuando alguien se mete con mi libertad o mi familia, para mi pas\u00f3 el l\u00edmite\", dijo. El propietario del Grupo Am\u00e9rica, Daniel Vila, rompi\u00f3 anoche el\u2026","rel":"","context":"En \u00abPol\u00edtica\u00bb","block_context":{"text":"Pol\u00edtica","link":"https:\/\/www.24baires.com\/?cat=51"},"img":{"alt_text":"","src":"https:\/\/i0.wp.com\/www.24baires.com\/wp-content\/uploads\/2019\/09\/daniel-vila.jpg?resize=350%2C200","width":350,"height":200,"srcset":"https:\/\/i0.wp.com\/www.24baires.com\/wp-content\/uploads\/2019\/09\/daniel-vila.jpg?resize=350%2C200 1x, https:\/\/i0.wp.com\/www.24baires.com\/wp-content\/uploads\/2019\/09\/daniel-vila.jpg?resize=525%2C300 1.5x"},"classes":[]},{"id":6893,"url":"https:\/\/www.24baires.com\/?p=6893","url_meta":{"origin":6850,"position":3},"title":"\u00abLos periodistas est\u00e1n denunciados, no fueron citados como testigos\u00bb dijeron desde el CELS","author":"Grupo Sierra","date":"26\/11\/2012","format":false,"excerpt":"El titular del CELS, Horacio Verbistsky, asegur\u00f3 que \"existe una contradicci\u00f3n flagrante entre la denuncia\" formulada por Clar\u00edn contra periodistas y \"la aclaraci\u00f3n del abogado\" del multimedio, a quien acus\u00f3 de mentir porque \"fueron denunciados e igualados con funcionarios\". As\u00ed lo expres\u00f3 esta tarde, al presentarse formalmente en la sede\u2026","rel":"","context":"En \u00abSociedad\u00bb","block_context":{"text":"Sociedad","link":"https:\/\/www.24baires.com\/?cat=1"},"img":{"alt_text":"","src":"https:\/\/i0.wp.com\/www.24baires.com\/wp-content\/uploads\/2012\/11\/conferencia-cels.jpg?resize=350%2C200","width":350,"height":200,"srcset":"https:\/\/i0.wp.com\/www.24baires.com\/wp-content\/uploads\/2012\/11\/conferencia-cels.jpg?resize=350%2C200 1x, https:\/\/i0.wp.com\/www.24baires.com\/wp-content\/uploads\/2012\/11\/conferencia-cels.jpg?resize=525%2C300 1.5x"},"classes":[]},{"id":8000,"url":"https:\/\/www.24baires.com\/?p=8000","url_meta":{"origin":6850,"position":4},"title":"Charla debate en el Senado bonaerense con los periodistas denunciados por Clar\u00edn","author":"AF","date":"05\/12\/2012","format":false,"excerpt":"Los periodistas Horacio Vertbitsky, Javier Vicente, Roberto Caballero, Sandra Russo, Cynthia Garc\u00eda y Orlando Barone, y el abogado Damian Loreti participaron de la charla debate realizada en el Senado bonaerense. Acompa\u00f1ados por el vicegobernador Gabriel Mariotto, debatieron sobre el 7D, ante los reiterados intentos del Grupo Clar\u00edn de extender la\u2026","rel":"","context":"En \u00abMedios\u00bb","block_context":{"text":"Medios","link":"https:\/\/www.24baires.com\/?cat=54"},"img":{"alt_text":"","src":"https:\/\/i0.wp.com\/www.24baires.com\/wp-content\/uploads\/2012\/12\/debate-7d-300x198.jpg?resize=350%2C200","width":350,"height":200},"classes":[]},{"id":77526,"url":"https:\/\/www.24baires.com\/?p=77526","url_meta":{"origin":6850,"position":5},"title":"Masiva marcha en repudio al despido de V\u00edctor Hugo Morales","author":"GB","date":"12\/01\/2016","format":false,"excerpt":"En la Plaza de Mayo, el periodista despedido por Radio Continental agradeci\u00f3 la convocatoria. Critic\u00f3 a Macri y al Grupo Clar\u00edn. \"Quieren silenciar la realidad\", afirm\u00f3 Miles de personas se convocaron en la Plaza de Mayo para repudiar el despido de V\u00edctor Hugo Morales de Radio Continental. El periodista agradeci\u00f3\u2026","rel":"","context":"En \u00abSociedad\u00bb","block_context":{"text":"Sociedad","link":"https:\/\/www.24baires.com\/?cat=1"},"img":{"alt_text":"marcha x vh","src":"https:\/\/i0.wp.com\/www.24baires.com\/wp-content\/uploads\/2016\/01\/marcha-x-vh.jpg?resize=350%2C200","width":350,"height":200,"srcset":"https:\/\/i0.wp.com\/www.24baires.com\/wp-content\/uploads\/2016\/01\/marcha-x-vh.jpg?resize=350%2C200 1x, https:\/\/i0.wp.com\/www.24baires.com\/wp-content\/uploads\/2016\/01\/marcha-x-vh.jpg?resize=525%2C300 1.5x"},"classes":[]}],"jetpack_sharing_enabled":true,"jetpack_likes_enabled":true,"_links":{"self":[{"href":"https:\/\/www.24baires.com\/index.php?rest_route=\/wp\/v2\/posts\/6850","targetHints":{"allow":["GET"]}}],"collection":[{"href":"https:\/\/www.24baires.com\/index.php?rest_route=\/wp\/v2\/posts"}],"about":[{"href":"https:\/\/www.24baires.com\/index.php?rest_route=\/wp\/v2\/types\/post"}],"author":[{"embeddable":true,"href":"https:\/\/www.24baires.com\/index.php?rest_route=\/wp\/v2\/users\/11"}],"replies":[{"embeddable":true,"href":"https:\/\/www.24baires.com\/index.php?rest_route=%2Fwp%2Fv2%2Fcomments&post=6850"}],"version-history":[{"count":3,"href":"https:\/\/www.24baires.com\/index.php?rest_route=\/wp\/v2\/posts\/6850\/revisions"}],"predecessor-version":[{"id":6854,"href":"https:\/\/www.24baires.com\/index.php?rest_route=\/wp\/v2\/posts\/6850\/revisions\/6854"}],"wp:attachment":[{"href":"https:\/\/www.24baires.com\/index.php?rest_route=%2Fwp%2Fv2%2Fmedia&parent=6850"}],"wp:term":[{"taxonomy":"category","embeddable":true,"href":"https:\/\/www.24baires.com\/index.php?rest_route=%2Fwp%2Fv2%2Fcategories&post=6850"},{"taxonomy":"post_tag","embeddable":true,"href":"https:\/\/www.24baires.com\/index.php?rest_route=%2Fwp%2Fv2%2Ftags&post=6850"}],"curies":[{"name":"wp","href":"https:\/\/api.w.org\/{rel}","templated":true}]}}