{"id":68481,"date":"2015-07-02T13:00:00","date_gmt":"2015-07-02T16:00:00","guid":{"rendered":"http:\/\/www.24baires.com\/?p=68481"},"modified":"2015-07-02T12:59:55","modified_gmt":"2015-07-02T15:59:55","slug":"dias-de-justicia","status":"publish","type":"post","link":"https:\/\/www.24baires.com\/?p=68481","title":{"rendered":"D\u00edas de justicia"},"content":{"rendered":"<p><img data-recalc-dims=\"1\" loading=\"lazy\" decoding=\"async\" class=\"aligncenter size-full wp-image-68482\" src=\"https:\/\/i0.wp.com\/www.24baires.com\/wp-content\/uploads\/2015\/07\/fines.jpg?resize=560%2C373\" alt=\"fines\" width=\"560\" height=\"373\" srcset=\"https:\/\/i0.wp.com\/www.24baires.com\/wp-content\/uploads\/2015\/07\/fines.jpg?w=560&amp;ssl=1 560w, https:\/\/i0.wp.com\/www.24baires.com\/wp-content\/uploads\/2015\/07\/fines.jpg?resize=300%2C200&amp;ssl=1 300w\" sizes=\"auto, (max-width: 560px) 100vw, 560px\" \/>Este martes tuve la oportunidad de asistir a un acto de colaci\u00f3n del Plan Fines, que es el plan del Ministerio de Educaci\u00f3n de la Naci\u00f3n para que terminen los estudios primarios y secundarios aquellos j\u00f3venes y adultos que por alg\u00fan motivo no pudieron concluirlos dentro de los tiempos de la educaci\u00f3n formal.<!--more--><\/p>\n<p>J\u00f3venes con beb\u00e9s, mujeres mayores, chicos y chicas de edades variadas. No conozco sus vidas, pero puedo inferir muchas cosas, elaborar hip\u00f3tesis que expliquen por qu\u00e9 est\u00e1n terminando reci\u00e9n sus estudios y no lo pudieron hacer en tiempo y forma. Pero lo cierto es que cada uno de ellos es una historia diferente, plagada de peque\u00f1as historias. Aunque tienen varias cosas en com\u00fan: la adversidad y la falta de oportunidades puede tener muchos nombres, pero nos hacen sufrir de la misma manera. Nos limita, nos a\u00edsla, nos obtura el presente y desdibuja el futuro. Nos marca.<br \/>\nY despu\u00e9s queda ver qu\u00e9 vamos haciendo con eso durante la vida, qu\u00e9 hacemos con la falta de oportunidades, que no es m\u00e1s ni menos que la manifestaci\u00f3n permanente de la desigualdad. Y la desigualdad es el s\u00edntoma puro de una \u00e9poca en donde decidieron que deb\u00edamos vivir as\u00ed. Donde los postergados, los de abajo, estaban ah\u00ed porque algunos tomaban decisiones para que siempre estuvieran ah\u00ed.<br \/>\nPorque el Plan Fines no llega s\u00f3lo porque hac\u00eda falta, sino porque, como algunos antes eleg\u00edan no educarnos, otros, despu\u00e9s, generaron pol\u00edticas p\u00fablicas para que aquellos que hab\u00edan tenido que dejar la escuela, que no hab\u00edan podido terminar sus estudios, pudieran hacerlo. El Fines es la oportunidad negada durante tantos a\u00f1os, es justicia.<br \/>\nPorque las oportunidades son peque\u00f1as realidades que a veces llegan y a veces no. Y cuando llegan son moment\u00e1neas, esquivas, como rel\u00e1mpagos que iluminan de golpe. Pero no son azarosas, necesariamente. De hecho, suelen ser producto de un conjunto de circunstancias y elecciones.<br \/>\nCuando no aparecen, cuando las oportunidades parecen s\u00f3lo existir para los dem\u00e1s, cuando los de arriba atrapan al vuelo chances a manotazos y para otros se vuelven inasibles, se transforman en dolores nuevos, golpes bajos que amedrentan, que recluyen m\u00e1s, que hasta pueden quitar las ganas de intentar.<br \/>\nEste mi\u00e9rcoles en Mar del Plata, juntos a una treintena de alumnos, se recibieron Cintia Pili y Daniela Castro, las primeras trans en egresar del Plan Fines. La primera es precandidata a consejera escolar y la segunda delegada de la Secretar\u00eda de Derechos Humanos bonaerense, y en ellas se resumen con perfecci\u00f3n po\u00e9tica los derechos conquistados, la inclusi\u00f3n, la lucha por crecer, avanzar, muchas veces a contracorriente, batallando contra los prejuicios de muchos, contra la discriminaci\u00f3n, contra el miedo que pueden infundir los que tan mal nos tratan.<br \/>\nY esto no es magia, esto es generar oportunidades para todos y todas, es dar herramientas desde el Estado para que podamos avanzar, aprender, ser mejores. Y no bajar nunca los brazos, claro. Llevar la roca siempre cuesta arriba, como S\u00edsifo, y no retroceder jam\u00e1s, por mas que cueste, por m\u00e1s que pese.<br \/>\nEs elegir: en una \u00e9poca nos quer\u00edan ignorantes y mansos, ah\u00ed abajo, mirando la lona con hambre de justicia. Hoy nos empoderamos, hoy podemos crecer porque nos quieren educados, incluidos, con oportunidades.<br \/>\nOtra cosa que tuvieron en com\u00fan los egresados es la alegr\u00eda, y eso es algo que no se negocia y se defiende. Quiz\u00e1 para algunos que leen esto, les estoy relatando unos eventos ajenos, algo trivial. Bueno, leen pero no entienden. Cintia y Daniela, as\u00ed como los cientos, miles de personas que se inscriben en el Fines para completar sus estudios, son una victoria, un ejemplo. Es por ellos que debemos seguir siempre, construyendo, proyectando, porque se puede, por el otro, que nos necesita. Por el otro, que es la patria.<\/p>\n","protected":false},"excerpt":{"rendered":"<p>Este martes tuve la oportunidad de asistir a un acto de colaci\u00f3n del Plan Fines, que es el plan del Ministerio de Educaci\u00f3n de la Naci\u00f3n para que terminen los estudios primarios y secundarios aquellos j\u00f3venes y adultos que por alg\u00fan motivo no pudieron concluirlos dentro de los tiempos de la educaci\u00f3n formal.<\/p>\n","protected":false},"author":4,"featured_media":0,"comment_status":"open","ping_status":"open","sticky":false,"template":"","format":"standard","meta":{"_jetpack_newsletter_access":"","_jetpack_dont_email_post_to_subs":false,"_jetpack_newsletter_tier_id":0,"_jetpack_memberships_contains_paywalled_content":false,"_jetpack_memberships_contains_paid_content":false,"footnotes":""},"categories":[64],"tags":[],"class_list":["post-68481","post","type-post","status-publish","format-standard","hentry","category-opinion"],"jetpack_featured_media_url":"","jetpack_shortlink":"https:\/\/wp.me\/p2JWE0-hOx","jetpack-related-posts":[{"id":32692,"url":"https:\/\/www.24baires.com\/?p=32692","url_meta":{"origin":68481,"position":0},"title":"&#8216;Madres Cuidadoras&#8217; en Centro Comunitario se proponen terminar juntas el secundario","author":"Grupo Sierra","date":"29\/09\/2013","format":false,"excerpt":"Madres que trabajan como cuidadoras en un centro comunitario de Jos\u00e9 C. Paz desde 1996 se sumaron de a poco a la idea de terminar el nivel secundario, una deuda que se adjudican a ellas mismas \u201cpor problemas familiares o personales\u201d, y que hoy el Estado intenta subsanar a trav\u00e9s\u2026","rel":"","context":"En \u00abSociedad\u00bb","block_context":{"text":"Sociedad","link":"https:\/\/www.24baires.com\/?cat=1"},"img":{"alt_text":"","src":"","width":0,"height":0},"classes":[]},{"id":120277,"url":"https:\/\/www.24baires.com\/?p=120277","url_meta":{"origin":68481,"position":1},"title":"Aumentan las Becas Progresar: ser\u00e1n de $20.000 desde agosto","author":"AF","date":"12\/07\/2023","format":false,"excerpt":"El ministro de Econom\u00eda y precandidato presidencial de Uni\u00f3n por la Patria (UxP) record\u00f3 que las becas benefician a un total de 1,7 millones de j\u00f3venes de distintos niveles educativos. El ministro de Econom\u00eda, Sergio Massa, anunci\u00f3 este mi\u00e9rcoles que a partir del mes que viene el monto de las\u2026","rel":"","context":"En \u00abSociedad\u00bb","block_context":{"text":"Sociedad","link":"https:\/\/www.24baires.com\/?cat=1"},"img":{"alt_text":"","src":"https:\/\/i0.wp.com\/www.24baires.com\/wp-content\/uploads\/2023\/07\/WhatsApp-Image-2023-07-12-at-22.47.40.jpeg?resize=350%2C200","width":350,"height":200,"srcset":"https:\/\/i0.wp.com\/www.24baires.com\/wp-content\/uploads\/2023\/07\/WhatsApp-Image-2023-07-12-at-22.47.40.jpeg?resize=350%2C200 1x, https:\/\/i0.wp.com\/www.24baires.com\/wp-content\/uploads\/2023\/07\/WhatsApp-Image-2023-07-12-at-22.47.40.jpeg?resize=525%2C300 1.5x, https:\/\/i0.wp.com\/www.24baires.com\/wp-content\/uploads\/2023\/07\/WhatsApp-Image-2023-07-12-at-22.47.40.jpeg?resize=700%2C400 2x"},"classes":[]},{"id":33155,"url":"https:\/\/www.24baires.com\/?p=33155","url_meta":{"origin":68481,"position":2},"title":"Alumnos de un colegio de Monte Grande viajaron a EEUU para visitar la NASA","author":"AF","date":"07\/10\/2013","format":false,"excerpt":"Fue en el marco de un programa que el colegio viene realizando donde buscan \u201cllevar a la pr\u00e1ctica el contenido te\u00f3rico\u201d. En el viaje a Estados Unidos \u2013que tuvo lugar en septiembre- tuvieron la oportunidad de conocer las instalaciones de la NASA en Cabo Ca\u00f1averal y una instituci\u00f3n educativa local\u2026","rel":"","context":"En \u00abLocales\u00bb","block_context":{"text":"Locales","link":"https:\/\/www.24baires.com\/?cat=38"},"img":{"alt_text":"","src":"","width":0,"height":0},"classes":[]},{"id":94145,"url":"https:\/\/www.24baires.com\/?p=94145","url_meta":{"origin":68481,"position":3},"title":"El boleto estudiantil bonaerense ahora llegar\u00e1 a 15 universidades","author":"GB","date":"27\/04\/2017","format":false,"excerpt":"La gobernadora bonaerense, Mar\u00eda Eugenia Vidal, y el ministro de Educaci\u00f3n nacional, Esteban Bullrich, anunciaron hoy que el boleto estudiantil gratuito llegar\u00e1 a 15 universidades p\u00fablicas. El nuevo boleto estudiantil gratuito ampliado, que beneficiar\u00e1 a 128 mil estudiantes de cinco universidades de la provincia de Buenos Aires, entrar\u00e1 en vigencia\u2026","rel":"","context":"En \u00abProvincia\u00bb","block_context":{"text":"Provincia","link":"https:\/\/www.24baires.com\/?cat=40"},"img":{"alt_text":"","src":"https:\/\/i0.wp.com\/www.24baires.com\/wp-content\/uploads\/2016\/12\/vidall.jpg?resize=350%2C200","width":350,"height":200,"srcset":"https:\/\/i0.wp.com\/www.24baires.com\/wp-content\/uploads\/2016\/12\/vidall.jpg?resize=350%2C200 1x, https:\/\/i0.wp.com\/www.24baires.com\/wp-content\/uploads\/2016\/12\/vidall.jpg?resize=525%2C300 1.5x"},"classes":[]},{"id":90152,"url":"https:\/\/www.24baires.com\/?p=90152","url_meta":{"origin":68481,"position":4},"title":"Un estudio revel\u00f3 que el 35% de los j\u00f3venes no estudia ni trabaja","author":"GB","date":"23\/11\/2016","format":false,"excerpt":"Un relevamiento privado en el \u00e1mbito bonaerense mostr\u00f3 la dram\u00e1tica situaci\u00f3n que viven los j\u00f3venes. Los indicadores aseguran que el 35% no puede acceder a los estudios ni a un trabajo, mientras que otra porci\u00f3n similar a penas cuenta con un empleo informal. La denominada \u201cEncuesta J\u00f3ven\u201d, realizada por la\u2026","rel":"","context":"En \u00abSociedad\u00bb","block_context":{"text":"Sociedad","link":"https:\/\/www.24baires.com\/?cat=1"},"img":{"alt_text":"jovenes-y-memoria-proyeccion","src":"https:\/\/i0.wp.com\/www.24baires.com\/wp-content\/uploads\/2012\/11\/jovenes-y-memoria-proyeccion.jpg?resize=350%2C200","width":350,"height":200,"srcset":"https:\/\/i0.wp.com\/www.24baires.com\/wp-content\/uploads\/2012\/11\/jovenes-y-memoria-proyeccion.jpg?resize=350%2C200 1x, https:\/\/i0.wp.com\/www.24baires.com\/wp-content\/uploads\/2012\/11\/jovenes-y-memoria-proyeccion.jpg?resize=525%2C300 1.5x"},"classes":[]},{"id":31449,"url":"https:\/\/www.24baires.com\/?p=31449","url_meta":{"origin":68481,"position":5},"title":"Jun\u00edn: alumnos de una escuela denuncian malos tratos y persecuci\u00f3n","author":"AF","date":"07\/09\/2013","format":false,"excerpt":"Los j\u00f3venes de todos los a\u00f1os de la Escuela de Educaci\u00f3n Secundaria 3 de la localidad de Agust\u00edn Roca, en Jun\u00edn, realizaron una sentada por un conflicto con la directora, Mar\u00eda Rosa Da Valle. Aseveran que \u201cno los respeta\u201d y pidieron su remoci\u00f3n del cargo. Alumnos de todos los a\u00f1os\u2026","rel":"","context":"En \u00abLocales\u00bb","block_context":{"text":"Locales","link":"https:\/\/www.24baires.com\/?cat=38"},"img":{"alt_text":"secundaria 3 jun\u00edn","src":"https:\/\/i0.wp.com\/www.24baires.com\/wp-content\/uploads\/2013\/09\/secundaria-3-jun%C3%ADn.jpg?resize=350%2C200","width":350,"height":200,"srcset":"https:\/\/i0.wp.com\/www.24baires.com\/wp-content\/uploads\/2013\/09\/secundaria-3-jun%C3%ADn.jpg?resize=350%2C200 1x, https:\/\/i0.wp.com\/www.24baires.com\/wp-content\/uploads\/2013\/09\/secundaria-3-jun%C3%ADn.jpg?resize=525%2C300 1.5x"},"classes":[]}],"jetpack_sharing_enabled":true,"jetpack_likes_enabled":true,"_links":{"self":[{"href":"https:\/\/www.24baires.com\/index.php?rest_route=\/wp\/v2\/posts\/68481","targetHints":{"allow":["GET"]}}],"collection":[{"href":"https:\/\/www.24baires.com\/index.php?rest_route=\/wp\/v2\/posts"}],"about":[{"href":"https:\/\/www.24baires.com\/index.php?rest_route=\/wp\/v2\/types\/post"}],"author":[{"embeddable":true,"href":"https:\/\/www.24baires.com\/index.php?rest_route=\/wp\/v2\/users\/4"}],"replies":[{"embeddable":true,"href":"https:\/\/www.24baires.com\/index.php?rest_route=%2Fwp%2Fv2%2Fcomments&post=68481"}],"version-history":[{"count":1,"href":"https:\/\/www.24baires.com\/index.php?rest_route=\/wp\/v2\/posts\/68481\/revisions"}],"predecessor-version":[{"id":68483,"href":"https:\/\/www.24baires.com\/index.php?rest_route=\/wp\/v2\/posts\/68481\/revisions\/68483"}],"wp:attachment":[{"href":"https:\/\/www.24baires.com\/index.php?rest_route=%2Fwp%2Fv2%2Fmedia&parent=68481"}],"wp:term":[{"taxonomy":"category","embeddable":true,"href":"https:\/\/www.24baires.com\/index.php?rest_route=%2Fwp%2Fv2%2Fcategories&post=68481"},{"taxonomy":"post_tag","embeddable":true,"href":"https:\/\/www.24baires.com\/index.php?rest_route=%2Fwp%2Fv2%2Ftags&post=68481"}],"curies":[{"name":"wp","href":"https:\/\/api.w.org\/{rel}","templated":true}]}}