{"id":68407,"date":"2015-07-01T13:00:02","date_gmt":"2015-07-01T16:00:02","guid":{"rendered":"http:\/\/www.24baires.com\/?p=68407"},"modified":"2015-07-01T12:54:37","modified_gmt":"2015-07-01T15:54:37","slug":"el-fernet-llego-a-las-paginas-de-new-york-times","status":"publish","type":"post","link":"https:\/\/www.24baires.com\/?p=68407","title":{"rendered":"El fernet lleg\u00f3 a las p\u00e1ginas de New York Times"},"content":{"rendered":"<p><img data-recalc-dims=\"1\" loading=\"lazy\" decoding=\"async\" class=\"aligncenter size-full wp-image-22919\" src=\"https:\/\/i0.wp.com\/www.24baires.com\/wp-content\/uploads\/2013\/05\/Fernet1.jpg?resize=560%2C422\" alt=\"Fernet\" width=\"560\" height=\"422\" srcset=\"https:\/\/i0.wp.com\/www.24baires.com\/wp-content\/uploads\/2013\/05\/Fernet1.jpg?w=560&amp;ssl=1 560w, https:\/\/i0.wp.com\/www.24baires.com\/wp-content\/uploads\/2013\/05\/Fernet1.jpg?resize=300%2C226&amp;ssl=1 300w\" sizes=\"auto, (max-width: 560px) 100vw, 560px\" \/>El fernet es una de las bebidas m\u00e1s consumidas por los j\u00f3venes y los cordobeses son especialistas en el tema. El reconocido peri\u00f3dico estadounidense se hizo eco de esa pasi\u00f3n argentina y cont\u00f3 c\u00f3mo fue su origen.<!--more--><\/p>\n<p>Es un protagonista m\u00e1s en las reuniones de amigos y encuentros familiares. El fernet se convirti\u00f3 en la bebida alcoh\u00f3lica t\u00edpica de C\u00f3rdoba y su historia lleg\u00f3 a las p\u00e1ginas del reconocido diario estadounidense The New York Times.<br \/>\nBajo el t\u00edtulo \u00abArgentine City Aims to Stand Out With Rebellious Spirit (and Coke) in a Cup\u00bb (Una ciudad argentina quiere destacarse con esp\u00edritu rebelde y coca cola), el peri\u00f3dico da cuenta de sus or\u00edgenes y explica por qu\u00e9 lleg\u00f3 convertirse en una bebida tradicional de esa provincia.<\/p>\n<p>\u00abLa ciudad se enorgullece de establecer sus propias tendencias culturales. Cuando la m\u00fasica cumbia filtr\u00f3 a trav\u00e9s de la Argentina en la d\u00e9cada de 1990, C\u00f3rdoba sigue siendo un basti\u00f3n del cuarteto\u00bb, describe el diario.<\/p>\n<p>Asimismo, destaca las propiedades digestivas del fernet aunque resalta la sabrosa combinaci\u00f3n que se logra al mezclarlo con Coca. \u00abEl cambio de bebiendo fernet aseado como aperitivo o como un remedio para el dolor de est\u00f3mago, a los j\u00f3venes de mezclado con Coca-Cola en los vol\u00famenes copiosos comenz\u00f3 hace unos 20 a\u00f1os\u00bb, reza el texto.<\/p>\n<p>Lo cierto es que desde hace a\u00f1os el fernet viene a darle batalla a la cerveza y al vino al momento de elegir con qu\u00e9 bebida se acompa\u00f1a una comida.<\/p>\n<p>&nbsp;<\/p>\n<p>&nbsp;<\/p>\n<p>&nbsp;<\/p>\n<p>&nbsp;<\/p>\n<p>&nbsp;<\/p>\n<p>&nbsp;<\/p>\n<p>&nbsp;<\/p>\n<p>&nbsp;<\/p>\n<p>&nbsp;<\/p>\n<p>&nbsp;<\/p>\n","protected":false},"excerpt":{"rendered":"<p>El fernet es una de las bebidas m\u00e1s consumidas por los j\u00f3venes y los cordobeses son especialistas en el tema. El reconocido peri\u00f3dico estadounidense se hizo eco de esa pasi\u00f3n argentina y cont\u00f3 c\u00f3mo fue su origen.<\/p>\n","protected":false},"author":8,"featured_media":0,"comment_status":"open","ping_status":"open","sticky":false,"template":"","format":"standard","meta":{"_jetpack_newsletter_access":"","_jetpack_dont_email_post_to_subs":false,"_jetpack_newsletter_tier_id":0,"_jetpack_memberships_contains_paywalled_content":false,"_jetpack_memberships_contains_paid_content":false,"footnotes":""},"categories":[52],"tags":[],"class_list":["post-68407","post","type-post","status-publish","format-standard","hentry","category-cocina-vinos"],"jetpack_featured_media_url":"","jetpack_shortlink":"https:\/\/wp.me\/p2JWE0-hNl","jetpack-related-posts":[{"id":43483,"url":"https:\/\/www.24baires.com\/?p=43483","url_meta":{"origin":68407,"position":0},"title":"Un brindis por el Fernet en los Precios Cuidados","author":"Grupo Sierra","date":"08\/04\/2014","format":false,"excerpt":"Augusto Costa confirm\u00f3 el ingreso de la cl\u00e1sica bebida alcoh\u00f3lica. Adem\u00e1s, la bebida cola con que se prepara tambi\u00e9n est\u00e1 en el acuerdo. Luego de que el secretario de Comercio Augusto Costa detallara la inclusi\u00f3n de nuevos productos en el programa Precios Cuidados (ver Los nuevos art\u00edculos que se suman\u2026","rel":"","context":"En \u00abEconom\u00eda\u00bb","block_context":{"text":"Econom\u00eda","link":"https:\/\/www.24baires.com\/?cat=45"},"img":{"alt_text":"fernet","src":"https:\/\/i0.wp.com\/www.24baires.com\/wp-content\/uploads\/2014\/01\/fernet.jpg?resize=350%2C200","width":350,"height":200,"srcset":"https:\/\/i0.wp.com\/www.24baires.com\/wp-content\/uploads\/2014\/01\/fernet.jpg?resize=350%2C200 1x, https:\/\/i0.wp.com\/www.24baires.com\/wp-content\/uploads\/2014\/01\/fernet.jpg?resize=525%2C300 1.5x"},"classes":[]},{"id":55542,"url":"https:\/\/www.24baires.com\/?p=55542","url_meta":{"origin":68407,"position":1},"title":"La batalla entre el vino, el fernet y la cerveza en Argentina","author":"Grupo Sierra","date":"16\/10\/2014","format":false,"excerpt":"El fernet, los espumantes y los destilados crecen. El vino, en cambio, cae. Qu\u00e9 elegimos los argentinos para tomar y c\u00f3mo las marcas posicionan sus productos. Seg\u00fan datos de la consultora Abeceb, desde 2003 hasta 2013 el fernet (amargos y bitters) aument\u00f3 el consumo un 405%, con 1,5 litros per\u2026","rel":"","context":"En \u00abCocina &amp; Vinos\u00bb","block_context":{"text":"Cocina &amp; Vinos","link":"https:\/\/www.24baires.com\/?cat=52"},"img":{"alt_text":"Fernet","src":"https:\/\/i0.wp.com\/www.24baires.com\/wp-content\/uploads\/2013\/05\/Fernet1.jpg?resize=350%2C200","width":350,"height":200,"srcset":"https:\/\/i0.wp.com\/www.24baires.com\/wp-content\/uploads\/2013\/05\/Fernet1.jpg?resize=350%2C200 1x, https:\/\/i0.wp.com\/www.24baires.com\/wp-content\/uploads\/2013\/05\/Fernet1.jpg?resize=525%2C300 1.5x"},"classes":[]},{"id":38543,"url":"https:\/\/www.24baires.com\/?p=38543","url_meta":{"origin":68407,"position":2},"title":"El consumo de fernet creci\u00f3 un 400%","author":"Grupo Sierra","date":"15\/01\/2014","format":false,"excerpt":"Un informe indica que en los \u00faltimos diez a\u00f1os fue la bebida alcoh\u00f3lica de mayor dinamismo en el pa\u00eds junto a los espumantes. Un estudio realizado por la consultora ABECEB.COM destaca que el consumo del fernet creci\u00f3 en nuestro pa\u00eds un 400 % en los \u00faltimos 10 a\u00f1os. Horacio Lazarte\u2026","rel":"","context":"En \u00abGeneral\u00bb","block_context":{"text":"General","link":"https:\/\/www.24baires.com\/?cat=67"},"img":{"alt_text":"fernet","src":"https:\/\/i0.wp.com\/www.24baires.com\/wp-content\/uploads\/2014\/01\/fernet.jpg?resize=350%2C200","width":350,"height":200,"srcset":"https:\/\/i0.wp.com\/www.24baires.com\/wp-content\/uploads\/2014\/01\/fernet.jpg?resize=350%2C200 1x, https:\/\/i0.wp.com\/www.24baires.com\/wp-content\/uploads\/2014\/01\/fernet.jpg?resize=525%2C300 1.5x"},"classes":[]},{"id":53983,"url":"https:\/\/www.24baires.com\/?p=53983","url_meta":{"origin":68407,"position":3},"title":"Ofrec\u00edan \u00abcanilla libre\u00bb en un hotel alojamiento y lo clausuraron","author":"Grupo Sierra","date":"20\/09\/2014","format":false,"excerpt":"El establecimiento ubicado en La Plata vend\u00eda \"fernet gratis\" mediante esa modalidad y a trav\u00e9s de un aviso publicitario. El Registro Provincial para la Comercializaci\u00f3n de Bebidas Alcoh\u00f3licas del ministerio de Salud de la Provincia (ReBA), clausur\u00f3 ayer unHOTEL alojamiento que ofrec\u00eda \"fernet gratis\" a trav\u00e9s de un aviso publicitario\u2026","rel":"","context":"En \u00abLocales\u00bb","block_context":{"text":"Locales","link":"https:\/\/www.24baires.com\/?cat=38"},"img":{"alt_text":"fernet","src":"https:\/\/i0.wp.com\/www.24baires.com\/wp-content\/uploads\/2014\/01\/fernet-300x225.jpg?resize=350%2C200","width":350,"height":200},"classes":[]},{"id":51047,"url":"https:\/\/www.24baires.com\/?p=51047","url_meta":{"origin":68407,"position":4},"title":"Fondos Buitre: The New York Times asegura que Argentina se sobrepondr\u00e1 f\u00e1cilmente","author":"AF","date":"02\/08\/2014","format":false,"excerpt":"F\u00e9lix Salmon, editor del diario norteamericano, escribi\u00f3 un art\u00edculo donde asegura que \"el estado financiero de Argentina hoy por hoy es muy bueno\". La columna de F\u00e9lix Salmon, editor del New York Times, acerca del conflicto entre Argentina y los Fondos Buitre tras el fallo del juez Thomas Griesa, sostiene\u2026","rel":"","context":"En \u00abEconom\u00eda\u00bb","block_context":{"text":"Econom\u00eda","link":"https:\/\/www.24baires.com\/?cat=45"},"img":{"alt_text":"the new york times","src":"https:\/\/i0.wp.com\/www.24baires.com\/wp-content\/uploads\/2014\/08\/the-new-york-times.jpg?resize=350%2C200","width":350,"height":200,"srcset":"https:\/\/i0.wp.com\/www.24baires.com\/wp-content\/uploads\/2014\/08\/the-new-york-times.jpg?resize=350%2C200 1x, https:\/\/i0.wp.com\/www.24baires.com\/wp-content\/uploads\/2014\/08\/the-new-york-times.jpg?resize=525%2C300 1.5x"},"classes":[]},{"id":107900,"url":"https:\/\/www.24baires.com\/?p=107900","url_meta":{"origin":68407,"position":5},"title":"Por la ca\u00edda del consumo, ARCOR dejar\u00e1 de producir en una de sus plantas.","author":"AF","date":"29\/04\/2019","format":false,"excerpt":"Es por la fuerte ca\u00edda del consumo, la peor desde 2002. Por el momento, no habr\u00eda despidos, aunque s\u00ed reacomodamiento de personal hacia otras \u00e1reas. La alimenticia Arcor anunci\u00f3 la suspensi\u00f3n de las operaciones de su planta de alcohol de San Pedro para hacer frente a la acumulaci\u00f3n de stocks\u2026","rel":"","context":"En \u00abSociedad\u00bb","block_context":{"text":"Sociedad","link":"https:\/\/www.24baires.com\/?cat=1"},"img":{"alt_text":"","src":"https:\/\/i0.wp.com\/www.24baires.com\/wp-content\/uploads\/2019\/04\/arcor.jpg?resize=350%2C200","width":350,"height":200,"srcset":"https:\/\/i0.wp.com\/www.24baires.com\/wp-content\/uploads\/2019\/04\/arcor.jpg?resize=350%2C200 1x, https:\/\/i0.wp.com\/www.24baires.com\/wp-content\/uploads\/2019\/04\/arcor.jpg?resize=525%2C300 1.5x"},"classes":[]}],"jetpack_sharing_enabled":true,"jetpack_likes_enabled":true,"_links":{"self":[{"href":"https:\/\/www.24baires.com\/index.php?rest_route=\/wp\/v2\/posts\/68407","targetHints":{"allow":["GET"]}}],"collection":[{"href":"https:\/\/www.24baires.com\/index.php?rest_route=\/wp\/v2\/posts"}],"about":[{"href":"https:\/\/www.24baires.com\/index.php?rest_route=\/wp\/v2\/types\/post"}],"author":[{"embeddable":true,"href":"https:\/\/www.24baires.com\/index.php?rest_route=\/wp\/v2\/users\/8"}],"replies":[{"embeddable":true,"href":"https:\/\/www.24baires.com\/index.php?rest_route=%2Fwp%2Fv2%2Fcomments&post=68407"}],"version-history":[{"count":1,"href":"https:\/\/www.24baires.com\/index.php?rest_route=\/wp\/v2\/posts\/68407\/revisions"}],"predecessor-version":[{"id":68408,"href":"https:\/\/www.24baires.com\/index.php?rest_route=\/wp\/v2\/posts\/68407\/revisions\/68408"}],"wp:attachment":[{"href":"https:\/\/www.24baires.com\/index.php?rest_route=%2Fwp%2Fv2%2Fmedia&parent=68407"}],"wp:term":[{"taxonomy":"category","embeddable":true,"href":"https:\/\/www.24baires.com\/index.php?rest_route=%2Fwp%2Fv2%2Fcategories&post=68407"},{"taxonomy":"post_tag","embeddable":true,"href":"https:\/\/www.24baires.com\/index.php?rest_route=%2Fwp%2Fv2%2Ftags&post=68407"}],"curies":[{"name":"wp","href":"https:\/\/api.w.org\/{rel}","templated":true}]}}