{"id":6830,"date":"2012-11-26T12:43:22","date_gmt":"2012-11-26T15:43:22","guid":{"rendered":"http:\/\/www.24baires.com\/?p=6830"},"modified":"2012-11-26T13:34:22","modified_gmt":"2012-11-26T16:34:22","slug":"fopea-insta-a-clarin-a-que-retire-la-denuncia","status":"publish","type":"post","link":"https:\/\/www.24baires.com\/?p=6830","title":{"rendered":"FOPEA insta a Clar\u00edn a que retire la denuncia"},"content":{"rendered":"<p>El Foro de Periodismo Argentino (FOPEA) rechaza la denuncia por \u201cincitaci\u00f3n a la violencia colectiva\u201d (Art\u00edculo 212 del C\u00f3digo Penal), iniciada por el Grupo Clar\u00edn contra los periodistas Roberto Caballero, Sandra Russo y Javier Vicente. Se trata de una figura penal que podr\u00eda implicar penas de tres a seis a\u00f1os de prisi\u00f3n. <!--more--><br \/>\n<em><\/em><\/p>\n<p>En un comunicado publicado en su <a href=\"http:\/\/www.fopea.org\/\" target=\"_blank\">p\u00e1gina web<\/a>, FOPEA expone su postura frente a este tema y dice lo siguiente:<\/p>\n<p><em>De acuerdo al texto de la denuncia al que accedi\u00f3 FOPEA, adem\u00e1s de esta denuncia, el demandante pide a la Justicia que se eval\u00fae la posibilidad de aplicar tambi\u00e9n la figura de \u201ccoacci\u00f3n prevista agravada\u201d (Art\u00edculo 149 del C\u00f3digo Penal), que establece penas no excarcelables, de hasta 10 a\u00f1os de c\u00e1rcel.<\/em><\/p>\n<p><em>Es contradictorio que una empresa para cuya tarea es imprescindible el ejercicio de la libertad de expresi\u00f3n, recurra a presentaciones penales contra periodistas. Y m\u00e1s si se tiene en cuenta que en su denuncia el Grupo Clar\u00edn hace hincapi\u00e9 en la necesidad del respeto a la libertad de expresi\u00f3n y de opini\u00f3n, derechos protegidos por diferentes Tratados Internacionales citados en su presentaci\u00f3n.<\/em><\/p>\n<p><em>En ese sentido y de acuerdo a los est\u00e1ndares internacionales y nacionales en los que se basa FOPEA para realizar su defensa irrestricta de la libertad de expresi\u00f3n, la denuncia presentada el pasado jueves constituye una clara afrenta a estos principios, considerando que cuestiona los dichos p\u00fablicos de los periodistas en diferentes espacios televisivos, donde opinaron sobre la empresa y sus directivos.<\/em><\/p>\n<p><em>Por ello, FOPEA se solidariza con Russo (columnista del diario P\u00e1gina\/12 y panelista del programa 678); Caballero (ex director del diario Tiempo Argentino) y Vicente (relator del ciclo F\u00fatbol para Todos).<\/em><\/p>\n<p><em>El Grupo Clar\u00edn relacion\u00f3 a todos en una supuesta maniobra violenta en su perjuicio, que \u201cse verifica con claridad a partir de los dichos de distintos periodistas y funcionarios\u201d (la demanda alcanza adem\u00e1s al titular de la AFSCA, Mart\u00edn Sabbatella, y el secretario legal y t\u00e9cnico de la Presidencia, Carlos Zannini, entre otros), y que no tiene dudas respecto a que \u201cel Gobierno Nacional est\u00e1 detr\u00e1s de este accionar\u201d. En ning\u00fan lugar de la presentaci\u00f3n judicial formulada por el Grupo Clar\u00edn se menciona a los periodistas como testigos. En cambio, s\u00ed son identificados entre los &#8216;principales propaladores del mensaje gubernamental&#8217;, lo cual los har\u00eda parte, dentro de la l\u00f3gica judicial de la denuncia, de &#8216;quienes incitan a la violencia colectiva&#8217;.<\/em><\/p>\n<p><em>FOPEA estuvo y est\u00e1 en contra de las acciones judiciales para limitar o penalizar la libertad de expresi\u00f3n, por m\u00e1s discutibles que puedan ser las expresiones vertidas, y as\u00ed lo ha se\u00f1alado en varias oportunidades. De hecho, manifest\u00f3 su opini\u00f3n a favor de la despenalizaci\u00f3n de las figuras de calumnias e injurias, incluso mucho antes de que se haga efectiva su supresi\u00f3n legal, lo que celebramos. Tambi\u00e9n hemos planteado la necesidad de limitar los montos de las demandas civiles por calumnias e injurias contra periodistas, algo que muchas veces intenta actuar como un silenciador de voces, a trav\u00e9s de las presiones econ\u00f3micas que implican querellas de este tipo. Adem\u00e1s, alertamos sobre la judicializaci\u00f3n de las discusiones pol\u00edticas, lo que puede llevar a la desnaturalizaci\u00f3n de la elevada funci\u00f3n del Poder Judicial como tal.<\/em><\/p>\n<p><em>Es por eso que solicita al Grupo Clar\u00edn que retire la denuncia hecha contra los periodistas e insta a la Justicia a que, de no ser retirada la demanda, la rechace bas\u00e1ndose en los principios de libertad de expresi\u00f3n consagrados en la Constituci\u00f3n Nacional y los Tratados Internacionales a los que la Argentina suscribi\u00f3.<\/em><\/p>\n","protected":false},"excerpt":{"rendered":"<p>El Foro de Periodismo Argentino (FOPEA) rechaza la denuncia por \u201cincitaci\u00f3n a la violencia colectiva\u201d (Art\u00edculo 212 del C\u00f3digo Penal), iniciada por el Grupo Clar\u00edn contra los periodistas Roberto Caballero, Sandra Russo y Javier Vicente. Se trata de una figura penal que podr\u00eda implicar penas de tres a seis a\u00f1os de prisi\u00f3n.<\/p>\n","protected":false},"author":4,"featured_media":0,"comment_status":"open","ping_status":"open","sticky":false,"template":"","format":"standard","meta":{"_jetpack_newsletter_access":"","_jetpack_dont_email_post_to_subs":false,"_jetpack_newsletter_tier_id":0,"_jetpack_memberships_contains_paywalled_content":false,"_jetpack_memberships_contains_paid_content":false,"footnotes":""},"categories":[54],"tags":[],"class_list":["post-6830","post","type-post","status-publish","format-standard","hentry","category-medios"],"jetpack_featured_media_url":"","jetpack_shortlink":"https:\/\/wp.me\/p2JWE0-1Ma","jetpack-related-posts":[{"id":101040,"url":"https:\/\/www.24baires.com\/?p=101040","url_meta":{"origin":6830,"position":0},"title":"Megadenuncia contra Macri y m\u00e1s funcionarios por abuso de autoridad","author":"AF","date":"13\/03\/2018","format":false,"excerpt":"Adem\u00e1s del Presidente, el escrito involucra a Marcos Pe\u00f1a, Guillermo Dietrich, Germ\u00e1n Garavano, Oscar Aguad, Sergio Bergman, Mar\u00eda Eugenia Vidal y muchos otros representantes del gobierno de Cambiemos, por irregularidades en el aeropuerto de El Palomar y Flybondi. La abogada Claudia Sambro Merlo present\u00f3 una denuncia penal contra 23 funcionarios\u2026","rel":"","context":"En \u00abJUDICIALES\u00bb","block_context":{"text":"JUDICIALES","link":"https:\/\/www.24baires.com\/?cat=68"},"img":{"alt_text":"","src":"https:\/\/i0.wp.com\/www.24baires.com\/wp-content\/uploads\/2017\/12\/retiro-chapadmalal.jpg?resize=350%2C200","width":350,"height":200,"srcset":"https:\/\/i0.wp.com\/www.24baires.com\/wp-content\/uploads\/2017\/12\/retiro-chapadmalal.jpg?resize=350%2C200 1x, https:\/\/i0.wp.com\/www.24baires.com\/wp-content\/uploads\/2017\/12\/retiro-chapadmalal.jpg?resize=525%2C300 1.5x"},"classes":[]},{"id":112141,"url":"https:\/\/www.24baires.com\/?p=112141","url_meta":{"origin":6830,"position":1},"title":"Daniel Vila denunci\u00f3 que Macri lo extorsion\u00f3 con \u201cmeterle una denuncia\u201d y que tiene pruebas","author":"GB","date":"19\/09\/2019","format":false,"excerpt":"El empresario mendocino cont\u00f3 que el Presidente lo presion\u00f3 con un ministro para que se desprendiera de una licencia que ten\u00eda comprometida con Clar\u00edn. Cuando alguien se mete con mi libertad o mi familia, para mi pas\u00f3 el l\u00edmite\", dijo. El propietario del Grupo Am\u00e9rica, Daniel Vila, rompi\u00f3 anoche el\u2026","rel":"","context":"En \u00abPol\u00edtica\u00bb","block_context":{"text":"Pol\u00edtica","link":"https:\/\/www.24baires.com\/?cat=51"},"img":{"alt_text":"","src":"https:\/\/i0.wp.com\/www.24baires.com\/wp-content\/uploads\/2019\/09\/daniel-vila.jpg?resize=350%2C200","width":350,"height":200,"srcset":"https:\/\/i0.wp.com\/www.24baires.com\/wp-content\/uploads\/2019\/09\/daniel-vila.jpg?resize=350%2C200 1x, https:\/\/i0.wp.com\/www.24baires.com\/wp-content\/uploads\/2019\/09\/daniel-vila.jpg?resize=525%2C300 1.5x"},"classes":[]},{"id":6810,"url":"https:\/\/www.24baires.com\/?p=6810","url_meta":{"origin":6830,"position":2},"title":"El CELS se har\u00e1 cargo de la defensa de los periodistas denunciados por Clar\u00edn","author":"AF","date":"26\/11\/2012","format":false,"excerpt":"El Centro de Estudios Legales y Sociales (CELS) anunciar\u00e1 este lunes que asumir\u00e1 la defensa de Roberto Caballero, Sandra Russo, Nora Veiras, Javier Vicente, Edgardo Mocca y Orlando Barone, quienes fueron denunciados penalmente por el grupo. La decisi\u00f3n fue difundida por medio de un comunicado de prensa firmado por su\u2026","rel":"","context":"En \u00abMedios\u00bb","block_context":{"text":"Medios","link":"https:\/\/www.24baires.com\/?cat=54"},"img":{"alt_text":"","src":"https:\/\/i0.wp.com\/www.24baires.com\/wp-content\/uploads\/2012\/11\/Verbitsky.jpg?resize=350%2C200","width":350,"height":200,"srcset":"https:\/\/i0.wp.com\/www.24baires.com\/wp-content\/uploads\/2012\/11\/Verbitsky.jpg?resize=350%2C200 1x, https:\/\/i0.wp.com\/www.24baires.com\/wp-content\/uploads\/2012\/11\/Verbitsky.jpg?resize=525%2C300 1.5x"},"classes":[]},{"id":120548,"url":"https:\/\/www.24baires.com\/?p=120548","url_meta":{"origin":6830,"position":3},"title":"Alberto Fern\u00e1ndez denunci\u00f3 a Milei y a Marra por sus dichos contra el peso","author":"AF","date":"11\/10\/2023","format":false,"excerpt":"La denuncia, que recay\u00f3 en el juzgado federal de Mar\u00eda Servini, est\u00e1 apoyada en el art\u00edculo 211 del C\u00f3digo Penal, que define el delito de intimidaci\u00f3n p\u00fablica como \u201cdar voces de alarma, hacer se\u00f1ales o utilizar otros medios materiales para infundir temor p\u00fablico o suscitar tumultos o des\u00f3rdenes\u201d. El Presidente\u2026","rel":"","context":"En \u00abSociedad\u00bb","block_context":{"text":"Sociedad","link":"https:\/\/www.24baires.com\/?cat=1"},"img":{"alt_text":"","src":"https:\/\/i0.wp.com\/www.24baires.com\/wp-content\/uploads\/2020\/11\/alberto-fernandez-anuncia-la-construccion-centros-la-ninez.jpg?resize=350%2C200","width":350,"height":200,"srcset":"https:\/\/i0.wp.com\/www.24baires.com\/wp-content\/uploads\/2020\/11\/alberto-fernandez-anuncia-la-construccion-centros-la-ninez.jpg?resize=350%2C200 1x, https:\/\/i0.wp.com\/www.24baires.com\/wp-content\/uploads\/2020\/11\/alberto-fernandez-anuncia-la-construccion-centros-la-ninez.jpg?resize=525%2C300 1.5x, https:\/\/i0.wp.com\/www.24baires.com\/wp-content\/uploads\/2020\/11\/alberto-fernandez-anuncia-la-construccion-centros-la-ninez.jpg?resize=700%2C400 2x"},"classes":[]},{"id":6787,"url":"https:\/\/www.24baires.com\/?p=6787","url_meta":{"origin":6830,"position":4},"title":"Repudio generalizado al grupo de Magnetto por pedir c\u00e1rcel para periodistas","author":"Grupo Sierra","date":"25\/11\/2012","format":false,"excerpt":"Organizaciones de DD.HH, de trabajadores de prensa, funcionarios y legisladores expresaron su repudio a la denuncia del grupo a periodistas y dirigentes que se manifiestan a favor de la aplicaci\u00f3n de la norma. La acci\u00f3n penal fue interpuesta por los abogados del Grupo Clar\u00edn el jueves pasado, a trav\u00e9s de\u2026","rel":"","context":"En \u00abPol\u00edtica\u00bb","block_context":{"text":"Pol\u00edtica","link":"https:\/\/www.24baires.com\/?cat=51"},"img":{"alt_text":"","src":"https:\/\/i0.wp.com\/www.24baires.com\/wp-content\/uploads\/2012\/11\/repudio-clarin.jpg?resize=350%2C200","width":350,"height":200,"srcset":"https:\/\/i0.wp.com\/www.24baires.com\/wp-content\/uploads\/2012\/11\/repudio-clarin.jpg?resize=350%2C200 1x, https:\/\/i0.wp.com\/www.24baires.com\/wp-content\/uploads\/2012\/11\/repudio-clarin.jpg?resize=525%2C300 1.5x"},"classes":[]},{"id":122115,"url":"https:\/\/www.24baires.com\/?p=122115","url_meta":{"origin":6830,"position":5},"title":"Denunciaron penalmente al Gobierno por el acuerdo con el FMI por DNU","author":"GB","date":"11\/03\/2025","format":false,"excerpt":"Legisladores nacionales de Uni\u00f3n por la Patria, entre ellos Victoria Tolosa Paz y Daniel Goll\u00e1n, presentaron una demanda penal contra el Gobierno para intentar frenar la publicaci\u00f3n del DNU de Javier Milei. Diputados nacionales de Uni\u00f3n por la Patria, encabezados por la platense Victoria Tolosa Paz, realizaron una denuncia penal\u2026","rel":"","context":"En \u00abPol\u00edtica\u00bb","block_context":{"text":"Pol\u00edtica","link":"https:\/\/www.24baires.com\/?cat=51"},"img":{"alt_text":"","src":"https:\/\/i0.wp.com\/www.24baires.com\/wp-content\/uploads\/2025\/03\/milei-fmi.webp?resize=350%2C200","width":350,"height":200,"srcset":"https:\/\/i0.wp.com\/www.24baires.com\/wp-content\/uploads\/2025\/03\/milei-fmi.webp?resize=350%2C200 1x, https:\/\/i0.wp.com\/www.24baires.com\/wp-content\/uploads\/2025\/03\/milei-fmi.webp?resize=525%2C300 1.5x, https:\/\/i0.wp.com\/www.24baires.com\/wp-content\/uploads\/2025\/03\/milei-fmi.webp?resize=700%2C400 2x"},"classes":[]}],"jetpack_sharing_enabled":true,"jetpack_likes_enabled":true,"_links":{"self":[{"href":"https:\/\/www.24baires.com\/index.php?rest_route=\/wp\/v2\/posts\/6830","targetHints":{"allow":["GET"]}}],"collection":[{"href":"https:\/\/www.24baires.com\/index.php?rest_route=\/wp\/v2\/posts"}],"about":[{"href":"https:\/\/www.24baires.com\/index.php?rest_route=\/wp\/v2\/types\/post"}],"author":[{"embeddable":true,"href":"https:\/\/www.24baires.com\/index.php?rest_route=\/wp\/v2\/users\/4"}],"replies":[{"embeddable":true,"href":"https:\/\/www.24baires.com\/index.php?rest_route=%2Fwp%2Fv2%2Fcomments&post=6830"}],"version-history":[{"count":3,"href":"https:\/\/www.24baires.com\/index.php?rest_route=\/wp\/v2\/posts\/6830\/revisions"}],"predecessor-version":[{"id":6832,"href":"https:\/\/www.24baires.com\/index.php?rest_route=\/wp\/v2\/posts\/6830\/revisions\/6832"}],"wp:attachment":[{"href":"https:\/\/www.24baires.com\/index.php?rest_route=%2Fwp%2Fv2%2Fmedia&parent=6830"}],"wp:term":[{"taxonomy":"category","embeddable":true,"href":"https:\/\/www.24baires.com\/index.php?rest_route=%2Fwp%2Fv2%2Fcategories&post=6830"},{"taxonomy":"post_tag","embeddable":true,"href":"https:\/\/www.24baires.com\/index.php?rest_route=%2Fwp%2Fv2%2Ftags&post=6830"}],"curies":[{"name":"wp","href":"https:\/\/api.w.org\/{rel}","templated":true}]}}