{"id":6827,"date":"2012-11-26T12:30:14","date_gmt":"2012-11-26T15:30:14","guid":{"rendered":"http:\/\/www.24baires.com\/?p=6827"},"modified":"2012-11-26T12:55:48","modified_gmt":"2012-11-26T15:55:48","slug":"olavarria-festejo-su-145o-aniversario","status":"publish","type":"post","link":"https:\/\/www.24baires.com\/?p=6827","title":{"rendered":"Olavarr\u00eda festej\u00f3 su 145\u00ba aniversario"},"content":{"rendered":"<p><img data-recalc-dims=\"1\" loading=\"lazy\" decoding=\"async\" class=\"alignleft size-medium wp-image-6828\" title=\"cafres 145 olavarr\u00eda\" src=\"https:\/\/i0.wp.com\/www.24baires.com\/wp-content\/uploads\/2012\/11\/cafres-145-olavarr%C3%ADa.png?resize=300%2C196\" alt=\"\" width=\"300\" height=\"196\" srcset=\"https:\/\/i0.wp.com\/www.24baires.com\/wp-content\/uploads\/2012\/11\/cafres-145-olavarr%C3%ADa.png?resize=300%2C196&amp;ssl=1 300w, https:\/\/i0.wp.com\/www.24baires.com\/wp-content\/uploads\/2012\/11\/cafres-145-olavarr%C3%ADa.png?w=544&amp;ssl=1 544w\" sizes=\"auto, (max-width: 300px) 100vw, 300px\" \/>Unas 65 mil personas se congregaron en el Parque Eseverri para vivir la Fiesta por los 145 a\u00f1os de la ciudad de Olavarr\u00eda. Estelares y Los Cafres fueron los espect\u00e1culos musicales centrales junto a la Bomba de Tiempo y Carolina Peleritti. Antes se presentaron \u201cLos Marshalls\u201d, Claudio Gonz\u00e1lez y Mami Gym.\u00a0<!--more--><\/p>\n<p>Olavarr\u00eda celebr\u00f3 este domingo sus 145 a\u00f1os ante unas 65 mil personas que se reunieron en el Parque Helios Eseverri, seg\u00fan cifras oficiales. Desde las 20 subi\u00f3 a escena el grupo de rock platense Estelares y el cierre musical estuvo a cargo de la banda de reggae, Los Cafres. El mal tiempo oblig\u00f3 a adelantar el shows de juegos artificiales entre los dos grupos, pero finalmente pudo incluirse una segunda tanda de luces para dar un cierre a todo color a la gran fiesta.<\/p>\n<p>La actividad comenz\u00f3 temprano con los fogones y los Stands de venta de comidas de las instituciones representativas de las provincias. Cerca de las 16:15 subieron al escenario la agrupaci\u00f3n \u201cLos Marshalls\u201d, quienes por alrededor de cuarenta y cinco minutos recorrieron canciones de los 70\u2019 y los 80\u2019.<\/p>\n<p>Julio Scialaba uno de los integrantes de la banda \u201cLos Marshall\u00b4s\u201d le dijo a infoeme que estaba muy contento de participar por los festejos de la ciudad, remarcando que es la primera vez que tocan ante tanto p\u00fablico y en un escenario tan grande.<\/p>\n<p>Por otro lado, record\u00f3 que pr\u00f3ximamente celebrar\u00e1n los 50 a\u00f1os de la agrupaci\u00f3n con una serie de festejos que se desarrollar\u00e1n en el mes de enero. Scialaba agradeci\u00f3 la participaci\u00f3n del p\u00fablico que a\u00fan recuerda las canciones que la agrupaci\u00f3n interpretaba a\u00f1os atr\u00e1s.<\/p>\n<p>Cerca de las 17, subi\u00f3 al escenario en solista Claudio Gonz\u00e1lez, quien tras interpretar algunas canciones folkl\u00f3ricas y rom\u00e1nticas invit\u00f3 a Cintia Ib\u00e1\u00f1ez y Florencia Bellomo al escenario.<\/p>\n<p>Tras su presentaci\u00f3n, la cantante Cintia Iba\u00f1ez habl\u00f3 con infoeme y dijo sentirse \u201cmuy emocionada por tocar ante tanta gente, el a\u00f1o pasado la miraba a Karina Bettiga desde el p\u00fablico y ni me imaginaba tocar alg\u00fan d\u00eda en este escenario.\u201d Por otro lado se mostr\u00f3 muy agradecida al gobierno municipal por la convocatoria.<\/p>\n<p>La participaci\u00f3n en el programa \u201cSo\u00f1ando por cantar\u201d, que se emiti\u00f3 por la pantalla de Canal 13, le abri\u00f3 nuevas de puertas y a partir de all\u00ed Cintia las aprovecho al m\u00e1ximo para consolidar su carrera como cantante. Ya tiene su banda y esta en el proceso de ensayo para mostrar un mejor espect\u00e1culo en adelante.<\/p>\n<p>Por otro lado, el cantante Claudio Gonz\u00e1lez dijo que \u201csinti\u00f3 ganas de no bajarse del escenario una vez que comenz\u00f3 el espect\u00e1culo. Estamos muy contentos con la banda que armamos y estamos sorprendidos por la repercusi\u00f3n que logramos en tan poco tiempo. Estamos buscando una productora para grabar canciones propias y plasmarlas en un disco, finaliz\u00f3.\u201d<\/p>\n<p>Como cierre de las actuaciones locales la cantante M\u00f3nica Badoglio cant\u00f3 \u201cHonrar la vida\u201d de Eladia Bl\u00e1zquez en contra de la violencia de g\u00e9nero. Cerca de las 18:30 horas con tres pistas se present\u00f3 la habitual coreograf\u00eda del Mami Gym.<\/p>\n<p>El marco de la Fiesta, fue la oportunidad en que la organizaci\u00f3n aprovech\u00f3 una verdadera multitud para difundir la Fiesta de Reyes que se realiza en la localidad de Sierras Bayas. En esta oportunidad se presentar\u00e1 el cantante cordob\u00e9s Mart\u00edn Monguzzi quien interpret\u00f3 un par de canciones de su \u00faltimo trabajo discogr\u00e1fico.<\/p>\n<p>Tras Monguzzi, fue tiempo de dar lugar al primero de los tres espect\u00e1culos for\u00e1neos que estaban previstos. Con un colorido importante y un sonido imponente, sobre el gigante escenario montado se present\u00f3 \u201cLa Bomba de Tiempo\u201d.<\/p>\n<p>Dirigidos por Santiago V\u00e1zquez, el grupo realiz\u00f3 una potente rutina en base a la improvisaci\u00f3n de ritmos en tiempo real. Junto a ellos, particip\u00f3 con dos canciones la reconocida actriz, cantante y ex modelo Carolina Peleritti, e interpret\u00f3 el cl\u00e1sico tema folkl\u00f3rico \u201cSalamanqueando Pa\u00b7 m\u00ed\u201d.<\/p>\n<p>Cerca de las 20, subi\u00f3 al escenario la reconocida banda platense Estelares. El show abri\u00f3 con \u201cAire\u201d uno de los mayores \u00e9xitos del grupo y continu\u00f3 con \u201cElla dijo\u201d.<\/p>\n<p>La banda sorprendi\u00f3 con una c\u00e1lida versi\u00f3n de \u201cPronta Entrega\u201d del legendario grupo Virus y sigui\u00f3 con \u201cUn show\u201d otro de los hits de la banda liderada por Manuel Moretti.<\/p>\n<p>\u201cTanta Gente\u201d uno de los temas m\u00e1s potentes de Estelares comenz\u00f3 a sonar mientras se iniciaba la llovizna que amenazaba con concretarse desde varias horas. \u201c12 Chicharras\u201d<br \/>\nprimer corte de su \u00faltimo disco \u201cEl costado izquierdo\u201d y \u201cCristal\u201d de \u201cUna temporada en el amor\u201d dieron marco al cierre del show que finaliz\u00f3 con \u201cUn d\u00eda Perfecto\u201d, una de las canciones m\u00e1s pedidas y ovacionadas por el p\u00fablico.<\/p>\n<p>El mal tiempo oblig\u00f3 a adelantar el shows de juegos artificiales, que dio inicio pasadas las 21:00 bajo una lluvia m\u00e1s intensa.<\/p>\n<p>Cerca de las 21:40 salieron a escena Los Cafres, uno de los grupos ganadores de los premios Gardel como mejor \u00e1lbum de Reggae.<\/p>\n<p>Haciendo gala de sus impecables vientos, la banda se gan\u00f3 los mayores aplausos con la interpretaci\u00f3n de \u201cLoco\u201d, uno de los temas de su disco \u201cBarrilete\u201d, \u201cA pesar\u201d un cl\u00e1sico del disco \u201cQuien da m\u00e1s\u201d y la canci\u00f3n \u201cDe mi mente\u201d.<\/p>\n<p>Luego siguieron canciones como \u201cAntes\u201d y \u201cSin Semilla\u201d dos de las m\u00e1s coreadas por el p\u00fablico. Tambi\u00e9n hubo tiempo para los bises, de la mano de tres hits de la banda; \u201cCasi que me pierdo\u201d y \u201cBastar\u00e1\u201d y \u201cSi el amor se cae\u201d.<\/p>\n","protected":false},"excerpt":{"rendered":"<p>Unas 65 mil personas se congregaron en el Parque Eseverri para vivir la Fiesta por los 145 a\u00f1os de la ciudad de Olavarr\u00eda. Estelares y Los Cafres fueron los espect\u00e1culos musicales centrales junto a la Bomba de Tiempo y Carolina Peleritti. Antes se presentaron \u201cLos Marshalls\u201d, Claudio Gonz\u00e1lez y Mami Gym.\u00a0<\/p>\n","protected":false},"author":4,"featured_media":0,"comment_status":"open","ping_status":"open","sticky":false,"template":"","format":"standard","meta":{"_jetpack_newsletter_access":"","_jetpack_dont_email_post_to_subs":false,"_jetpack_newsletter_tier_id":0,"_jetpack_memberships_contains_paywalled_content":false,"_jetpack_memberships_contains_paid_content":false,"footnotes":""},"categories":[38],"tags":[],"class_list":["post-6827","post","type-post","status-publish","format-standard","hentry","category-locales"],"jetpack_featured_media_url":"","jetpack_shortlink":"https:\/\/wp.me\/p2JWE0-1M7","jetpack-related-posts":[{"id":3478,"url":"https:\/\/www.24baires.com\/?p=3478","url_meta":{"origin":6827,"position":0},"title":"Olavarr\u00eda comienza a palpitar los festejos por su 145\u00ba aniversario","author":"AF","date":"27\/10\/2012","format":false,"excerpt":"El Municipio de Olavarr\u00eda anunci\u00f3 oficialmente este s\u00e1bado la realizaci\u00f3n de la Fiesta 145\u00ba Aniversario de Olavarr\u00eda el pr\u00f3ximo 25 de noviembre. La quinta edici\u00f3n del evento, en Parque Eseverri, tendr\u00e1 a dos bandas nacionales, la presencia del grupo de percusi\u00f3n La Bomba de Tiempo junto a Carolina Peleritti y\u2026","rel":"","context":"En \u00abLocales\u00bb","block_context":{"text":"Locales","link":"https:\/\/www.24baires.com\/?cat=38"},"img":{"alt_text":"","src":"https:\/\/i0.wp.com\/www.24baires.com\/wp-content\/uploads\/2012\/10\/aniversario-olavarr%C3%ADa-300x156.png?resize=350%2C200","width":350,"height":200},"classes":[]},{"id":6480,"url":"https:\/\/www.24baires.com\/?p=6480","url_meta":{"origin":6827,"position":1},"title":"Comenzaron los preparativos para los festejos de los 145 a\u00f1os de Olavarr\u00eda","author":"AF","date":"23\/11\/2012","format":false,"excerpt":"La quinta edici\u00f3n del evento, por los 145 a\u00f1os de Olavarr\u00eda, se desarrollar\u00e1 este domingo dentro del Parque Helios Eseverri, donde ya se est\u00e1 instalando la infraestructura requerida para los espect\u00e1culos que llegar\u00e1n a la Ciudad. Todos los detalles y la programaci\u00f3n. Este domingo ser\u00e1 la 5\u00aa Fiesta Aniversario de\u2026","rel":"","context":"En \u00abLocales\u00bb","block_context":{"text":"Locales","link":"https:\/\/www.24baires.com\/?cat=38"},"img":{"alt_text":"","src":"https:\/\/i0.wp.com\/www.24baires.com\/wp-content\/uploads\/2012\/11\/olavarr%C3%ADa-145%C2%BA.jpg?resize=350%2C200","width":350,"height":200,"srcset":"https:\/\/i0.wp.com\/www.24baires.com\/wp-content\/uploads\/2012\/11\/olavarr%C3%ADa-145%C2%BA.jpg?resize=350%2C200 1x, https:\/\/i0.wp.com\/www.24baires.com\/wp-content\/uploads\/2012\/11\/olavarr%C3%ADa-145%C2%BA.jpg?resize=525%2C300 1.5x"},"classes":[]},{"id":46251,"url":"https:\/\/www.24baires.com\/?p=46251","url_meta":{"origin":6827,"position":2},"title":"Mariotto sorprendi\u00f3 al participar de un acto massista en Olavarr\u00eda","author":"AF","date":"18\/05\/2014","format":false,"excerpt":"Este s\u00e1bado se realizaron dos encuentros de militantes pol\u00edticos en Olavarr\u00eda. Uno de ellos el del FPV, que se realiz\u00f3 en el parque Mitre, recibi\u00f3 la visita del vicegobernador Gabriel Mariotto y el otro en la Casa del Deporte con un encuentro de m\u00e1s de 250 mujeres del massismo denominado\u2026","rel":"","context":"En \u00abPol\u00edtica\u00bb","block_context":{"text":"Pol\u00edtica","link":"https:\/\/www.24baires.com\/?cat=51"},"img":{"alt_text":"mariotto olava","src":"https:\/\/i0.wp.com\/www.24baires.com\/wp-content\/uploads\/2014\/05\/mariotto-olava.jpg?resize=350%2C200","width":350,"height":200,"srcset":"https:\/\/i0.wp.com\/www.24baires.com\/wp-content\/uploads\/2014\/05\/mariotto-olava.jpg?resize=350%2C200 1x, https:\/\/i0.wp.com\/www.24baires.com\/wp-content\/uploads\/2014\/05\/mariotto-olava.jpg?resize=525%2C300 1.5x"},"classes":[]},{"id":10199,"url":"https:\/\/www.24baires.com\/?p=10199","url_meta":{"origin":6827,"position":3},"title":"Eseverri con Massa y Facundo Moyano, otra se\u00f1al","author":"Grupo Sierra","date":"22\/12\/2012","format":false,"excerpt":"El intendente de Olavarr\u00eda, Jos\u00e9 Eseverri,\u00a0se mostr\u00f3 junto a su par de Tigre y el diputado nacional Facundo Moyano en la cena de fin de a\u00f1o del sindicato de los trabajadores de peajes, que lidera el hijo del titular de la CGT. No es menos que un fuerte s\u00edntoma pol\u00edtico\u2026","rel":"","context":"En \u00abPol\u00edtica\u00bb","block_context":{"text":"Pol\u00edtica","link":"https:\/\/www.24baires.com\/?cat=51"},"img":{"alt_text":"","src":"","width":0,"height":0},"classes":[]},{"id":11616,"url":"https:\/\/www.24baires.com\/?p=11616","url_meta":{"origin":6827,"position":4},"title":"El Intendente de Olavarr\u00eda supervis\u00f3 los trabajos que se realizan en el arroyo Tapalqu\u00e9","author":"AF","date":"09\/01\/2013","format":false,"excerpt":"El intendente de Olavarr\u00eda, Jos\u00e9 Eseverri, reconoci\u00f3 el aporte de la provincia para ejecutar obras h\u00eddricas, al recorrer los trabajos que se desarrollan en el arroyo Tapalqu\u00e9, a la altura de la Ruta Nacional 226. El intendente de Olavarr\u00eda Jos\u00e9 Eseverri supervis\u00f3 el importante trabajo h\u00eddrico que realiza la Provincia\u2026","rel":"","context":"En \u00abLocales\u00bb","block_context":{"text":"Locales","link":"https:\/\/www.24baires.com\/?cat=38"},"img":{"alt_text":"Eseverri Olavarr\u00eda","src":"https:\/\/i0.wp.com\/www.24baires.com\/wp-content\/uploads\/2013\/01\/Eseverri-Olavarr%C3%ADa.jpg?resize=350%2C200","width":350,"height":200},"classes":[]},{"id":71070,"url":"https:\/\/www.24baires.com\/?p=71070","url_meta":{"origin":6827,"position":5},"title":"Muri\u00f3 \u00abEl P\u00e1jaro\u00bb Ferreyra, torturador de Monte Peloni","author":"AF","date":"24\/08\/2015","format":false,"excerpt":"Omar \u201cel P\u00e1jaro\u201d Ferreyra integraba la \u201cguardia dura\u201d del centro clandestino de detenci\u00f3n de Olavarr\u00eda. Su voz qued\u00f3 grabada en la memoria de los detenidos-desaparecidos que lograron sobrevivir. En democracia se recicl\u00f3 en la pol\u00edtica y en diciembre de 2003, el intendente radical de Olavarr\u00eda, Helios Eseverri, lo nombr\u00f3 director\u2026","rel":"","context":"En \u00abMemoria\u00bb","block_context":{"text":"Memoria","link":"https:\/\/www.24baires.com\/?cat=50"},"img":{"alt_text":"pajaroferreyra_2ra","src":"https:\/\/i0.wp.com\/www.24baires.com\/wp-content\/uploads\/2015\/08\/pajaroferreyra_2ra.jpg?resize=350%2C200","width":350,"height":200,"srcset":"https:\/\/i0.wp.com\/www.24baires.com\/wp-content\/uploads\/2015\/08\/pajaroferreyra_2ra.jpg?resize=350%2C200 1x, https:\/\/i0.wp.com\/www.24baires.com\/wp-content\/uploads\/2015\/08\/pajaroferreyra_2ra.jpg?resize=525%2C300 1.5x"},"classes":[]}],"jetpack_sharing_enabled":true,"jetpack_likes_enabled":true,"_links":{"self":[{"href":"https:\/\/www.24baires.com\/index.php?rest_route=\/wp\/v2\/posts\/6827","targetHints":{"allow":["GET"]}}],"collection":[{"href":"https:\/\/www.24baires.com\/index.php?rest_route=\/wp\/v2\/posts"}],"about":[{"href":"https:\/\/www.24baires.com\/index.php?rest_route=\/wp\/v2\/types\/post"}],"author":[{"embeddable":true,"href":"https:\/\/www.24baires.com\/index.php?rest_route=\/wp\/v2\/users\/4"}],"replies":[{"embeddable":true,"href":"https:\/\/www.24baires.com\/index.php?rest_route=%2Fwp%2Fv2%2Fcomments&post=6827"}],"version-history":[{"count":1,"href":"https:\/\/www.24baires.com\/index.php?rest_route=\/wp\/v2\/posts\/6827\/revisions"}],"predecessor-version":[{"id":6829,"href":"https:\/\/www.24baires.com\/index.php?rest_route=\/wp\/v2\/posts\/6827\/revisions\/6829"}],"wp:attachment":[{"href":"https:\/\/www.24baires.com\/index.php?rest_route=%2Fwp%2Fv2%2Fmedia&parent=6827"}],"wp:term":[{"taxonomy":"category","embeddable":true,"href":"https:\/\/www.24baires.com\/index.php?rest_route=%2Fwp%2Fv2%2Fcategories&post=6827"},{"taxonomy":"post_tag","embeddable":true,"href":"https:\/\/www.24baires.com\/index.php?rest_route=%2Fwp%2Fv2%2Ftags&post=6827"}],"curies":[{"name":"wp","href":"https:\/\/api.w.org\/{rel}","templated":true}]}}