{"id":6820,"date":"2012-11-26T12:46:17","date_gmt":"2012-11-26T15:46:17","guid":{"rendered":"http:\/\/www.24baires.com\/?p=6820"},"modified":"2012-11-26T12:46:17","modified_gmt":"2012-11-26T15:46:17","slug":"mas-de-120-mil-turistas-disfrutaron-en-mar-del-plata-del-ultimo-fin-de-semana-largo","status":"publish","type":"post","link":"https:\/\/www.24baires.com\/?p=6820","title":{"rendered":"M\u00e1s de 120 mil turistas disfrutaron en Mar del Plata del \u00faltimo fin de semana largo"},"content":{"rendered":"<p><img data-recalc-dims=\"1\" loading=\"lazy\" decoding=\"async\" class=\"aligncenter size-full wp-image-6824\" title=\"mdp\" src=\"https:\/\/i0.wp.com\/www.24baires.com\/wp-content\/uploads\/2012\/11\/mdp.jpg?resize=560%2C285\" alt=\"\" width=\"560\" height=\"285\" srcset=\"https:\/\/i0.wp.com\/www.24baires.com\/wp-content\/uploads\/2012\/11\/mdp.jpg?w=560&amp;ssl=1 560w, https:\/\/i0.wp.com\/www.24baires.com\/wp-content\/uploads\/2012\/11\/mdp.jpg?resize=300%2C152&amp;ssl=1 300w\" sizes=\"auto, (max-width: 560px) 100vw, 560px\" \/>Unos<strong> 120.000 turistas<\/strong> visitaron la ciudad de Mar del Plata durante el fin de semana largo por el D\u00eda de la Soberan\u00eda, lo que representa un<strong> aumento del 10 por ciento<\/strong> respecto al a\u00f1o pasado. <!--more--><br \/>\n\u201cEl fin de semana largo en Mar del Plata convoc\u00f3 a m\u00e1s de 120 mil personas, registrando un incremento del 10 por ciento respecto al mismo momento del a\u00f1o anterior, seg\u00fan las estad\u00edsticas de nuestro Ente de Turismo\u201d, dijo el intendente Gustavo Pulti.<br \/>\nPulti remarc\u00f3 que la hoteler\u00eda \u201ctuvo un fin de semana con un alt\u00edsimo \u00edndice de ocupaci\u00f3n, ya que de todas las plazas disponibles para esta altura del a\u00f1o, ha llegado al 80%\u00bb.<br \/>\nPara el jefe comunal, \u201ccomo consecuencia de esta afluencia notable\u00bb se \u00abanticipa un verano de los mejores\u00bb.<br \/>\n\u201cEso es lo que produce que por primera vez se estrene un 23 de noviembre una obra de verano, como es la &#8216;La Dama de Negro&#8217;, con Fabi\u00e1n Gianola y Nicol\u00e1s Scarpino, que debi\u00f3 agregar funciones este fin de semana ante un verano en el que habr\u00e1, otra vez, una gran cantidad de ofertas culturales y espect\u00e1culos deportivos\u201d, complet\u00f3 Pulti.<br \/>\nEl jefe comunal se\u00f1al\u00f3 que \u201cnos queda por ver si 2012, en su \u00faltima etapa, con un comienzo de temporada anticipado, lograr\u00e1 batir el r\u00e9cord de 2011, donde con 8,5 millones de visitas tuvimos el a\u00f1o de mayor afluencia\u201d.<br \/>\n\u201cQue esto est\u00e9 ocurriendo en el mismo a\u00f1o en el que las econom\u00edas de muchos pa\u00edses expresan dificultades y crisis sin precedentes, tambi\u00e9n nos est\u00e1 se\u00f1alando el valor del rumbo enla Argentina, ya que a Mar del Plata le va bien cuando le va bien al pa\u00eds\u201d, concluy\u00f3 el intendente.<\/p>\n","protected":false},"excerpt":{"rendered":"<p>Unos 120.000 turistas visitaron la ciudad de Mar del Plata durante el fin de semana largo por el D\u00eda de la Soberan\u00eda, lo que representa un aumento del 10 por ciento respecto al a\u00f1o pasado.<\/p>\n","protected":false},"author":4,"featured_media":0,"comment_status":"open","ping_status":"open","sticky":false,"template":"","format":"standard","meta":{"_jetpack_newsletter_access":"","_jetpack_dont_email_post_to_subs":false,"_jetpack_newsletter_tier_id":0,"_jetpack_memberships_contains_paywalled_content":false,"_jetpack_memberships_contains_paid_content":false,"footnotes":""},"categories":[1],"tags":[],"class_list":["post-6820","post","type-post","status-publish","format-standard","hentry","category-sociedad"],"jetpack_featured_media_url":"","jetpack_shortlink":"https:\/\/wp.me\/p2JWE0-1M0","jetpack-related-posts":[{"id":98831,"url":"https:\/\/www.24baires.com\/?p=98831","url_meta":{"origin":6820,"position":0},"title":"Mar del Plata recibi\u00f3 a casi 120 mil turistas en el fin de semana largo","author":"GB","date":"20\/11\/2017","format":false,"excerpt":"La ocupaci\u00f3n hotelera estuvo super\u00f3 el 70 por ciento. El Festival de Cine, la Marat\u00f3n y los recitales sedujeron a los visitantes. Casi 120 mil turistas eligieron a Mar del Plata para pasar el fin de semana largo. As\u00ed lo confirm\u00f3 la titular del Emtur, Gabriela Magnoler, en di\u00e1logo con\u2026","rel":"","context":"En \u00abSociedad\u00bb","block_context":{"text":"Sociedad","link":"https:\/\/www.24baires.com\/?cat=1"},"img":{"alt_text":"","src":"https:\/\/i0.wp.com\/www.24baires.com\/wp-content\/uploads\/2017\/02\/mar-del-plata.jpg?resize=350%2C200","width":350,"height":200,"srcset":"https:\/\/i0.wp.com\/www.24baires.com\/wp-content\/uploads\/2017\/02\/mar-del-plata.jpg?resize=350%2C200 1x, https:\/\/i0.wp.com\/www.24baires.com\/wp-content\/uploads\/2017\/02\/mar-del-plata.jpg?resize=525%2C300 1.5x"},"classes":[]},{"id":101373,"url":"https:\/\/www.24baires.com\/?p=101373","url_meta":{"origin":6820,"position":1},"title":"M\u00e1s de 200 mil turistas arribaron a Mar del Plata durante Semana Santa","author":"GB","date":"02\/04\/2018","format":false,"excerpt":"Seg\u00fan inform\u00f3 el Emtur, la cifra supera en un 31,9% al mismo per\u00edodo del a\u00f1o pasado. La ocupaci\u00f3n hotelera fue del 85 por ciento. Seg\u00fan inform\u00f3 el Ente Municipal de Turismo (Emtur), m\u00e1s de 214 mil personas visitaron Mar del Plata en Semana Santa. La cantidad de turistas que llegaron\u2026","rel":"","context":"En \u00abTurismo\u00bb","block_context":{"text":"Turismo","link":"https:\/\/www.24baires.com\/?cat=69"},"img":{"alt_text":"","src":"https:\/\/i0.wp.com\/www.24baires.com\/wp-content\/uploads\/2015\/01\/turistas-mar-del-plata.jpg?resize=350%2C200","width":350,"height":200,"srcset":"https:\/\/i0.wp.com\/www.24baires.com\/wp-content\/uploads\/2015\/01\/turistas-mar-del-plata.jpg?resize=350%2C200 1x, https:\/\/i0.wp.com\/www.24baires.com\/wp-content\/uploads\/2015\/01\/turistas-mar-del-plata.jpg?resize=525%2C300 1.5x"},"classes":[]},{"id":92701,"url":"https:\/\/www.24baires.com\/?p=92701","url_meta":{"origin":6820,"position":2},"title":"M\u00e1s de 289 mil turistas arribaron a Mar del Plata en el fin de semana de Carnaval","author":"GB","date":"28\/02\/2017","format":false,"excerpt":"La ocupaci\u00f3n hotelera super\u00f3 el 90 por ciento. Satisfacci\u00f3n entre los operadores tur\u00edsticos M\u00e1s de 289.000 turistas arribaron a Mar del Plata para disfrutar del fin de semana largo de Carnaval y la ocupaci\u00f3n hotelera super\u00f3 el 90 por ciento. Si bien los datos definitivos estar\u00e1n en los pr\u00f3ximos d\u00edas,\u2026","rel":"","context":"En \u00abTurismo\u00bb","block_context":{"text":"Turismo","link":"https:\/\/www.24baires.com\/?cat=69"},"img":{"alt_text":"","src":"https:\/\/i0.wp.com\/www.24baires.com\/wp-content\/uploads\/2014\/01\/Playa_marpla_2_12012014_julian_ddc_69644.jpg?resize=350%2C200","width":350,"height":200,"srcset":"https:\/\/i0.wp.com\/www.24baires.com\/wp-content\/uploads\/2014\/01\/Playa_marpla_2_12012014_julian_ddc_69644.jpg?resize=350%2C200 1x, https:\/\/i0.wp.com\/www.24baires.com\/wp-content\/uploads\/2014\/01\/Playa_marpla_2_12012014_julian_ddc_69644.jpg?resize=525%2C300 1.5x"},"classes":[]},{"id":10871,"url":"https:\/\/www.24baires.com\/?p=10871","url_meta":{"origin":6820,"position":3},"title":"Cerca del 10% m\u00e1s de turismo en a\u00f1o nuevo en Mar del Plata","author":"AF","date":"31\/12\/2012","format":false,"excerpt":"M\u00e1s de 200 mil personas arribaron en el \u00faltimo fin de semana de 2012 y a la espera del nuevo a\u00f1o, superando as\u00ed el n\u00famero de visitantes del a\u00f1o anterior. En todo el a\u00f1o llegaron 8.650.000 turistas a la ciudad. La actividad tur\u00edstica en Mar del Plata en el \u00faltimo\u2026","rel":"","context":"En \u00abSociedad\u00bb","block_context":{"text":"Sociedad","link":"https:\/\/www.24baires.com\/?cat=1"},"img":{"alt_text":"mdq turismo","src":"https:\/\/i0.wp.com\/www.24baires.com\/wp-content\/uploads\/2012\/12\/mdq-turismo-300x180.jpg?resize=350%2C200","width":350,"height":200},"classes":[]},{"id":61859,"url":"https:\/\/www.24baires.com\/?p=61859","url_meta":{"origin":6820,"position":4},"title":"Mar del Plata vive el mejor fin de semana del a\u00f1o","author":"AF","date":"17\/02\/2015","format":false,"excerpt":"El titular del Ente Municipal de Turismo de Mar del Plata (Emtur), Pablo Fern\u00e1ndez, afirm\u00f3 que en la ciudad \"actualmente hay alrededor de 280 mil turistas estables, una cifra muy importante\". En todo el pa\u00eds, estiman que se llevan gastados $3.526 millones durante el fin de semana. Las declaraciones del\u2026","rel":"","context":"En \u00abLocales\u00bb","block_context":{"text":"Locales","link":"https:\/\/www.24baires.com\/?cat=38"},"img":{"alt_text":"mar del plata playa","src":"https:\/\/i0.wp.com\/www.24baires.com\/wp-content\/uploads\/2015\/01\/mar-del-plata-playa.jpg?resize=350%2C200","width":350,"height":200,"srcset":"https:\/\/i0.wp.com\/www.24baires.com\/wp-content\/uploads\/2015\/01\/mar-del-plata-playa.jpg?resize=350%2C200 1x, https:\/\/i0.wp.com\/www.24baires.com\/wp-content\/uploads\/2015\/01\/mar-del-plata-playa.jpg?resize=525%2C300 1.5x"},"classes":[]},{"id":41538,"url":"https:\/\/www.24baires.com\/?p=41538","url_meta":{"origin":6820,"position":5},"title":"Crece el turismo interno: m\u00e1s de 3,5 millones de turistas visitaron Mar del Plata en el verano","author":"Grupo Sierra","date":"04\/03\/2014","format":false,"excerpt":"El Intendente de General Pueyrred\u00f3n, Gustavo Pulti, comunic\u00f3 que en este fin de semana extra largo de carnaval llegaron unas 252 mil personas a esa ciudad balnearia. Y afirm\u00f3 que desde el 1 de diciembre a la ciudad arribaron 3.512.000 turistas. El alcalde local, junto al presidente del Ente Municipal\u2026","rel":"","context":"En \u00abTurismo\u00bb","block_context":{"text":"Turismo","link":"https:\/\/www.24baires.com\/?cat=69"},"img":{"alt_text":"mar del plata","src":"https:\/\/i0.wp.com\/www.24baires.com\/wp-content\/uploads\/2013\/05\/mar-del-plata.jpg?resize=350%2C200","width":350,"height":200,"srcset":"https:\/\/i0.wp.com\/www.24baires.com\/wp-content\/uploads\/2013\/05\/mar-del-plata.jpg?resize=350%2C200 1x, https:\/\/i0.wp.com\/www.24baires.com\/wp-content\/uploads\/2013\/05\/mar-del-plata.jpg?resize=525%2C300 1.5x"},"classes":[]}],"jetpack_sharing_enabled":true,"jetpack_likes_enabled":true,"_links":{"self":[{"href":"https:\/\/www.24baires.com\/index.php?rest_route=\/wp\/v2\/posts\/6820","targetHints":{"allow":["GET"]}}],"collection":[{"href":"https:\/\/www.24baires.com\/index.php?rest_route=\/wp\/v2\/posts"}],"about":[{"href":"https:\/\/www.24baires.com\/index.php?rest_route=\/wp\/v2\/types\/post"}],"author":[{"embeddable":true,"href":"https:\/\/www.24baires.com\/index.php?rest_route=\/wp\/v2\/users\/4"}],"replies":[{"embeddable":true,"href":"https:\/\/www.24baires.com\/index.php?rest_route=%2Fwp%2Fv2%2Fcomments&post=6820"}],"version-history":[{"count":2,"href":"https:\/\/www.24baires.com\/index.php?rest_route=\/wp\/v2\/posts\/6820\/revisions"}],"predecessor-version":[{"id":6826,"href":"https:\/\/www.24baires.com\/index.php?rest_route=\/wp\/v2\/posts\/6820\/revisions\/6826"}],"wp:attachment":[{"href":"https:\/\/www.24baires.com\/index.php?rest_route=%2Fwp%2Fv2%2Fmedia&parent=6820"}],"wp:term":[{"taxonomy":"category","embeddable":true,"href":"https:\/\/www.24baires.com\/index.php?rest_route=%2Fwp%2Fv2%2Fcategories&post=6820"},{"taxonomy":"post_tag","embeddable":true,"href":"https:\/\/www.24baires.com\/index.php?rest_route=%2Fwp%2Fv2%2Ftags&post=6820"}],"curies":[{"name":"wp","href":"https:\/\/api.w.org\/{rel}","templated":true}]}}