{"id":6819,"date":"2012-11-26T13:03:00","date_gmt":"2012-11-26T16:03:00","guid":{"rendered":"http:\/\/www.24baires.com\/?p=6819"},"modified":"2012-11-26T13:34:15","modified_gmt":"2012-11-26T16:34:15","slug":"la-asociacion-comunicadores-de-la-argentina-rechazo-la-denuncia-de-clarin-contra-periodistas","status":"publish","type":"post","link":"https:\/\/www.24baires.com\/?p=6819","title":{"rendered":"La asociaci\u00f3n &#8216;Comunicadores de la Argentina&#8217; rechaz\u00f3 tambi\u00e9n la denuncia de Clar\u00edn"},"content":{"rendered":"<p><strong>COMUNA<\/strong> tild\u00f3 de \u00abinconstitucional y antidemocr\u00e1tica\u00bb el planteo del Grupo, contra tres periodistas que opinaron a favor de aplicar la Ley de Medios. Comunicado.<!--more--><\/p>\n<p>La asociaci\u00f3n Comunicadores de la Argentina (COMUNA) rechaz\u00f3\u00a0\u00abpor inconstitucional y antidemocr\u00e1tica\u00bb la denuncia presentada por el Grupo Clar\u00edn contra tres periodistas \u00abpor opinar a favor de la aplicaci\u00f3n de la Ley de Servicios de Comunicaci\u00f3n Audiovisual\u00bb.<\/p>\n<p>En una solicitada publicada este lunes en el peri\u00f3dico Tiempo Argentino, COMUNA record\u00f3, adem\u00e1s, que la demanda penal por el delito de \u00abinstigaci\u00f3n a la violencia\u00bb contra directivos del multimedios incluye a funcionarios nacionales, legisladores y dirigentes pol\u00edticos \u00abque no comulgan con los prop\u00f3sitos de la empresa\u00bb.<\/p>\n<p>\u00abEl Grupo Clar\u00edn, que supo ser c\u00f3mplice de la genocida dictadura c\u00edvico-militar, considera un delito la libertad de expresi\u00f3n de los periodistas que no defienden sus intereses\u00bb, a\u00f1adi\u00f3 el texto.<\/p>\n<p>En ese marco, COMUNA destac\u00f3 que \u00abse solidariza con los periodistas amenazados por la acci\u00f3n de una empresa que promueve el silenciamiento y la censura ahora por v\u00eda judicial\u00bb.<\/p>\n<p>En el cierre de la solicitada, la asociaci\u00f3n que agrupa periodistas, comunicadores sociales, trabajadores de medios, docentes universitarios y publicitarios indic\u00f3 que \u00abvuelve a abogar por la aplicaci\u00f3n completa, sin excepciones, de las leyes de la democracia, que deben ser cumplidas por todos\u00bb.<\/p>\n<p>De acuerdo a Tiempo Argentino, al cierre de la edici\u00f3n del diario, <strong>la adhesi\u00f3n a la nota superaba las 34.000 firmas.<\/strong><\/p>\n<p>En su acci\u00f3n penal presentada ante la Justicia, el Grupo Clar\u00edn acusa por \u00abinstigaci\u00f3n a la violencia\u00bb y \u00abcoacci\u00f3n agravada\u00bb a los periodistas Roberto Caballero (fundador y ex director de Tiempo Argentino), Sandra Russo (columnista de P\u00e1gina\/12 y panelista del programa 678) y Javier Vicente (relator de F\u00fatbol para Todos).<\/p>\n<p>La embestida del grupo liderado por H\u00e9ctor Magnetto abarca tambi\u00e9n a funcionarios como el ministro de Justicia, Julio Alak; el secretario de Legal y T\u00e9cnica de la Presidencia, Carlos Zannini, y el titular de la AFSCA, Mart\u00edn Sabbatella.<\/p>\n<p>&nbsp;<\/p>\n<p>&nbsp;<\/p>\n<p>&nbsp;<\/p>\n<p>&nbsp;<\/p>\n<p>&nbsp;<\/p>\n<p>&nbsp;<\/p>\n<p>&nbsp;<\/p>\n<p>&nbsp;<\/p>\n<p>&nbsp;<\/p>\n<p>&nbsp;<\/p>\n<p>&nbsp;<\/p>\n<p>&nbsp;<\/p>\n<p>&nbsp;<\/p>\n<p>&nbsp;<\/p>\n<p>&nbsp;<\/p>\n<p>&nbsp;<\/p>\n<p>&nbsp;<\/p>\n<p>&nbsp;<\/p>\n<p>&nbsp;<\/p>\n","protected":false},"excerpt":{"rendered":"<p>COMUNA tild\u00f3 de \u00abinconstitucional y antidemocr\u00e1tica\u00bb el planteo del Grupo, contra tres periodistas que opinaron a favor de aplicar la Ley de Medios. Comunicado.<\/p>\n","protected":false},"author":11,"featured_media":0,"comment_status":"open","ping_status":"open","sticky":false,"template":"","format":"standard","meta":{"_jetpack_newsletter_access":"","_jetpack_dont_email_post_to_subs":false,"_jetpack_newsletter_tier_id":0,"_jetpack_memberships_contains_paywalled_content":false,"_jetpack_memberships_contains_paid_content":false,"footnotes":""},"categories":[54],"tags":[],"class_list":["post-6819","post","type-post","status-publish","format-standard","hentry","category-medios"],"jetpack_featured_media_url":"","jetpack_shortlink":"https:\/\/wp.me\/p2JWE0-1LZ","jetpack-related-posts":[{"id":6787,"url":"https:\/\/www.24baires.com\/?p=6787","url_meta":{"origin":6819,"position":0},"title":"Repudio generalizado al grupo de Magnetto por pedir c\u00e1rcel para periodistas","author":"Grupo Sierra","date":"25\/11\/2012","format":false,"excerpt":"Organizaciones de DD.HH, de trabajadores de prensa, funcionarios y legisladores expresaron su repudio a la denuncia del grupo a periodistas y dirigentes que se manifiestan a favor de la aplicaci\u00f3n de la norma. La acci\u00f3n penal fue interpuesta por los abogados del Grupo Clar\u00edn el jueves pasado, a trav\u00e9s de\u2026","rel":"","context":"En \u00abPol\u00edtica\u00bb","block_context":{"text":"Pol\u00edtica","link":"https:\/\/www.24baires.com\/?cat=51"},"img":{"alt_text":"","src":"https:\/\/i0.wp.com\/www.24baires.com\/wp-content\/uploads\/2012\/11\/repudio-clarin.jpg?resize=350%2C200","width":350,"height":200,"srcset":"https:\/\/i0.wp.com\/www.24baires.com\/wp-content\/uploads\/2012\/11\/repudio-clarin.jpg?resize=350%2C200 1x, https:\/\/i0.wp.com\/www.24baires.com\/wp-content\/uploads\/2012\/11\/repudio-clarin.jpg?resize=525%2C300 1.5x"},"classes":[]},{"id":30927,"url":"https:\/\/www.24baires.com\/?p=30927","url_meta":{"origin":6819,"position":1},"title":"Culmin\u00f3 el primer d\u00eda de la audiencia p\u00fablica por la Ley de Medios","author":"AF","date":"28\/08\/2013","format":false,"excerpt":"La Corte Suprema de Justicia recibi\u00f3 hoy a diez ONG, cinco por el Estado y cinco por el Grupo Clar\u00edn, en la audiencia informativa que busca ser el paso previo a la resoluci\u00f3n definitiva del conflicto generado a partir del planteo de inconstitucionalidad del holding de medios sobre dos art\u00edculos\u2026","rel":"","context":"En \u00abMedios\u00bb","block_context":{"text":"Medios","link":"https:\/\/www.24baires.com\/?cat=54"},"img":{"alt_text":"audiencia p\u00fablica ley medios","src":"https:\/\/i0.wp.com\/www.24baires.com\/wp-content\/uploads\/2013\/08\/audiencia-p%C3%BAblica-ley-medios-300x200.jpg?resize=350%2C200","width":350,"height":200},"classes":[]},{"id":6830,"url":"https:\/\/www.24baires.com\/?p=6830","url_meta":{"origin":6819,"position":2},"title":"FOPEA insta a Clar\u00edn a que retire la denuncia","author":"AF","date":"26\/11\/2012","format":false,"excerpt":"El Foro de Periodismo Argentino (FOPEA) rechaza la denuncia por \u201cincitaci\u00f3n a la violencia colectiva\u201d (Art\u00edculo 212 del C\u00f3digo Penal), iniciada por el Grupo Clar\u00edn contra los periodistas Roberto Caballero, Sandra Russo y Javier Vicente. Se trata de una figura penal que podr\u00eda implicar penas de tres a seis a\u00f1os\u2026","rel":"","context":"En \u00abMedios\u00bb","block_context":{"text":"Medios","link":"https:\/\/www.24baires.com\/?cat=54"},"img":{"alt_text":"","src":"","width":0,"height":0},"classes":[]},{"id":4309,"url":"https:\/\/www.24baires.com\/?p=4309","url_meta":{"origin":6819,"position":3},"title":"El CERTAL reconoci\u00f3 que entre sus sponsors est\u00e1 el Grupo Clar\u00edn","author":"Grupo Sierra","date":"03\/11\/2012","format":false,"excerpt":"La ONG que invit\u00f3 al magistrado Francisco Horacio de las Carreras a participar de un congreso realizado en Miami con los gastos de alojamiento y pasajes pagos, amiti\u00f3 que su \"principal fuente de financiamiento son los aportes que realizan los diversos sponsors\", entre los que se cuentan varias empresas pertenecientes\u2026","rel":"","context":"En \u00abMedios\u00bb","block_context":{"text":"Medios","link":"https:\/\/www.24baires.com\/?cat=54"},"img":{"alt_text":"","src":"","width":0,"height":0},"classes":[]},{"id":29499,"url":"https:\/\/www.24baires.com\/?p=29499","url_meta":{"origin":6819,"position":4},"title":"Convocan a marchar en respaldo de V\u00edctor Hugo por el ataque a la libertad de expresi\u00f3n de Magnetto","author":"Grupo Sierra","date":"04\/08\/2013","format":false,"excerpt":"La entidad Comunicadores de la Argentina (Comuna) repudi\u00f3 mediante un documento la acci\u00f3n judicial que el empresario de Clar\u00edn H\u00e9ctor Magnetto inici\u00f3 contra el periodista V\u00edctor Hugo Morales y convoc\u00f3 a marchar en su apoyo este jueves cuando se haga la audiencia de conciliaci\u00f3n. \"Atacando otra vez a V\u00edctor Hugo,\u2026","rel":"","context":"En \u00abMedios\u00bb","block_context":{"text":"Medios","link":"https:\/\/www.24baires.com\/?cat=54"},"img":{"alt_text":"","src":"","width":0,"height":0},"classes":[]},{"id":6745,"url":"https:\/\/www.24baires.com\/?p=6745","url_meta":{"origin":6819,"position":5},"title":"Manotazos de ahogado: Ahora Clar\u00edn denuncia penalmente a periodistas y funcionarios","author":"Grupo Sierra","date":"25\/11\/2012","format":false,"excerpt":"En una nueva embestida judicial, el grupo Clar\u00edn denunci\u00f3 penalmente por \"incitaci\u00f3n a la violencia y coacci\u00f3n agravada\" a periodistas, agrupaciones y funcionarios, a dos semanas de la llegada del \"7D\". La acci\u00f3n penal fue interpuesta por los abogados del Grupo el jueves pasado, y a trav\u00e9s de un escrito\u2026","rel":"","context":"En \u00abMedios\u00bb","block_context":{"text":"Medios","link":"https:\/\/www.24baires.com\/?cat=54"},"img":{"alt_text":"","src":"https:\/\/i0.wp.com\/www.24baires.com\/wp-content\/uploads\/2012\/11\/magnetto.jpg?resize=350%2C200","width":350,"height":200,"srcset":"https:\/\/i0.wp.com\/www.24baires.com\/wp-content\/uploads\/2012\/11\/magnetto.jpg?resize=350%2C200 1x, https:\/\/i0.wp.com\/www.24baires.com\/wp-content\/uploads\/2012\/11\/magnetto.jpg?resize=525%2C300 1.5x"},"classes":[]}],"jetpack_sharing_enabled":true,"jetpack_likes_enabled":true,"_links":{"self":[{"href":"https:\/\/www.24baires.com\/index.php?rest_route=\/wp\/v2\/posts\/6819","targetHints":{"allow":["GET"]}}],"collection":[{"href":"https:\/\/www.24baires.com\/index.php?rest_route=\/wp\/v2\/posts"}],"about":[{"href":"https:\/\/www.24baires.com\/index.php?rest_route=\/wp\/v2\/types\/post"}],"author":[{"embeddable":true,"href":"https:\/\/www.24baires.com\/index.php?rest_route=\/wp\/v2\/users\/11"}],"replies":[{"embeddable":true,"href":"https:\/\/www.24baires.com\/index.php?rest_route=%2Fwp%2Fv2%2Fcomments&post=6819"}],"version-history":[{"count":3,"href":"https:\/\/www.24baires.com\/index.php?rest_route=\/wp\/v2\/posts\/6819\/revisions"}],"predecessor-version":[{"id":6822,"href":"https:\/\/www.24baires.com\/index.php?rest_route=\/wp\/v2\/posts\/6819\/revisions\/6822"}],"wp:attachment":[{"href":"https:\/\/www.24baires.com\/index.php?rest_route=%2Fwp%2Fv2%2Fmedia&parent=6819"}],"wp:term":[{"taxonomy":"category","embeddable":true,"href":"https:\/\/www.24baires.com\/index.php?rest_route=%2Fwp%2Fv2%2Fcategories&post=6819"},{"taxonomy":"post_tag","embeddable":true,"href":"https:\/\/www.24baires.com\/index.php?rest_route=%2Fwp%2Fv2%2Ftags&post=6819"}],"curies":[{"name":"wp","href":"https:\/\/api.w.org\/{rel}","templated":true}]}}