{"id":6810,"date":"2012-11-26T12:10:04","date_gmt":"2012-11-26T15:10:04","guid":{"rendered":"http:\/\/www.24baires.com\/?p=6810"},"modified":"2012-11-26T18:40:05","modified_gmt":"2012-11-26T21:40:05","slug":"el-cels-se-hara-cargo-de-la-defensa-de-los-periodistas-denunciados-por-clarin","status":"publish","type":"post","link":"https:\/\/www.24baires.com\/?p=6810","title":{"rendered":"El CELS se har\u00e1 cargo de la defensa de los periodistas denunciados por Clar\u00edn"},"content":{"rendered":"<p><img data-recalc-dims=\"1\" loading=\"lazy\" decoding=\"async\" class=\"aligncenter size-full wp-image-6842\" title=\"Verbitsky\" src=\"https:\/\/i0.wp.com\/www.24baires.com\/wp-content\/uploads\/2012\/11\/Verbitsky.jpg?resize=560%2C335\" alt=\"\" width=\"560\" height=\"335\" srcset=\"https:\/\/i0.wp.com\/www.24baires.com\/wp-content\/uploads\/2012\/11\/Verbitsky.jpg?w=560&amp;ssl=1 560w, https:\/\/i0.wp.com\/www.24baires.com\/wp-content\/uploads\/2012\/11\/Verbitsky.jpg?resize=300%2C179&amp;ssl=1 300w\" sizes=\"auto, (max-width: 560px) 100vw, 560px\" \/><\/p>\n<p>El Centro de Estudios Legales y Sociales (CELS) anunciar\u00e1 este lunes que asumir\u00e1 la defensa de Roberto Caballero, Sandra Russo, Nora Veiras, Javier Vicente, Edgardo Mocca y Orlando Barone, quienes fueron <a href=\"http:\/\/www.24baires.com\/medios\/6745-manotazos-de-ahogado-ahora-clarin-denuncia-penalmente-a-periodistas-y-funcionarios\/\" target=\"_blank\">denunciados penalmente por el grupo<\/a>.<!--more--><\/p>\n<p>La decisi\u00f3n fue difundida por medio de un comunicado de prensa firmado por su presidente, Horacio Verbitsky; su secretario, Dami\u00e1n Loreti, y su director ejecutivo, Gast\u00f3n Chillier, en el cual se informa que hoy se har\u00e1 una conferencia a las 17 en su sede ubicada en Piedras 547.<\/p>\n<p>El CELS afirm\u00f3 que \u00abno es menos grave el amordazamiento de la libertad de expresi\u00f3n cuando lo intenta una poderosa empresa privada que si proviene del Estado\u00bb, dado que \u00abpara una y otro rige la Convenci\u00f3n Americana sobre Derechos Humanos que, en su art\u00edculo 13, exige el respeto a la libertad de pensamiento y de expresi\u00f3n\u00bb.<\/p>\n<p>Por este motivo, el CELS -que ha representado a Eduardo Kimel, Jorge Fontevecchia y H\u00e9ctor D\u2019Amico ante el Sistema Interamericano de Derechos Humanos en causas iniciadas por funcionarios del Poder Judicial y del Poder Ejecutivo- \u00abhar\u00e1 lo propio ahora con los periodistas a los que el Grupo Clar\u00edn pretende intimidar por afirmaciones hechas en ejercicio de derechos constitucionales indiscutibles\u00bb.<\/p>\n<p>En ese sentido, la organizaci\u00f3n de derechos humanos agrega que \u00abcomo han sido suprimidas las figuras de calumnias e injurias en un caso de ostensible inter\u00e9s p\u00fablico, acuden a dos tipos del C\u00f3digo Penal que no fueron concebidos para reprimir el pensamiento y la expresi\u00f3n, lo cual resalta el absurdo de la intenci\u00f3n persecutoria\u00bb.<\/p>\n","protected":false},"excerpt":{"rendered":"<p>El Centro de Estudios Legales y Sociales (CELS) anunciar\u00e1 este lunes que asumir\u00e1 la defensa de Roberto Caballero, Sandra Russo, Nora Veiras, Javier Vicente, Edgardo Mocca y Orlando Barone, quienes fueron denunciados penalmente por el grupo.<\/p>\n","protected":false},"author":4,"featured_media":0,"comment_status":"open","ping_status":"open","sticky":false,"template":"","format":"standard","meta":{"_jetpack_newsletter_access":"","_jetpack_dont_email_post_to_subs":false,"_jetpack_newsletter_tier_id":0,"_jetpack_memberships_contains_paywalled_content":false,"_jetpack_memberships_contains_paid_content":false,"footnotes":""},"categories":[54],"tags":[],"class_list":["post-6810","post","type-post","status-publish","format-standard","hentry","category-medios"],"jetpack_featured_media_url":"","jetpack_shortlink":"https:\/\/wp.me\/p2JWE0-1LQ","jetpack-related-posts":[{"id":116948,"url":"https:\/\/www.24baires.com\/?p=116948","url_meta":{"origin":6810,"position":0},"title":"En Argentina, 1.532 mujeres afrontan causas penales por aborto","author":"AF","date":"28\/12\/2020","format":false,"excerpt":"As\u00ed lo indica un informe del CELS que recopila datos desde 2012 y que fue elevado al Senado, que este martes debatir\u00e1 la interrupci\u00f3n legal del embarazo. En la previa del debate por la Interrupci\u00f3n Voluntaria del Embarazo, el Centro de Estudios Legales y Sociales (CELS) public\u00f3 un informe seg\u00fan\u2026","rel":"","context":"En \u00abSociedad\u00bb","block_context":{"text":"Sociedad","link":"https:\/\/www.24baires.com\/?cat=1"},"img":{"alt_text":"","src":"https:\/\/i0.wp.com\/www.24baires.com\/wp-content\/uploads\/2019\/02\/pa%C3%B1uelo-aborto.jpg?resize=350%2C200","width":350,"height":200,"srcset":"https:\/\/i0.wp.com\/www.24baires.com\/wp-content\/uploads\/2019\/02\/pa%C3%B1uelo-aborto.jpg?resize=350%2C200 1x, https:\/\/i0.wp.com\/www.24baires.com\/wp-content\/uploads\/2019\/02\/pa%C3%B1uelo-aborto.jpg?resize=525%2C300 1.5x"},"classes":[]},{"id":6893,"url":"https:\/\/www.24baires.com\/?p=6893","url_meta":{"origin":6810,"position":1},"title":"\u00abLos periodistas est\u00e1n denunciados, no fueron citados como testigos\u00bb dijeron desde el CELS","author":"Grupo Sierra","date":"26\/11\/2012","format":false,"excerpt":"El titular del CELS, Horacio Verbistsky, asegur\u00f3 que \"existe una contradicci\u00f3n flagrante entre la denuncia\" formulada por Clar\u00edn contra periodistas y \"la aclaraci\u00f3n del abogado\" del multimedio, a quien acus\u00f3 de mentir porque \"fueron denunciados e igualados con funcionarios\". As\u00ed lo expres\u00f3 esta tarde, al presentarse formalmente en la sede\u2026","rel":"","context":"En \u00abSociedad\u00bb","block_context":{"text":"Sociedad","link":"https:\/\/www.24baires.com\/?cat=1"},"img":{"alt_text":"","src":"https:\/\/i0.wp.com\/www.24baires.com\/wp-content\/uploads\/2012\/11\/conferencia-cels.jpg?resize=350%2C200","width":350,"height":200,"srcset":"https:\/\/i0.wp.com\/www.24baires.com\/wp-content\/uploads\/2012\/11\/conferencia-cels.jpg?resize=350%2C200 1x, https:\/\/i0.wp.com\/www.24baires.com\/wp-content\/uploads\/2012\/11\/conferencia-cels.jpg?resize=525%2C300 1.5x"},"classes":[]},{"id":104328,"url":"https:\/\/www.24baires.com\/?p=104328","url_meta":{"origin":6810,"position":2},"title":"Brasil: rechazan mantener la candidatura de Lula","author":"AF","date":"06\/09\/2018","format":false,"excerpt":"Celso de Mello dijo que el recurso presentado por la defensa del ex presidente no lleg\u00f3 todav\u00eda al STF y -por lo tanto- este no puede estudiar el caso. Los abogados de Lula intentar\u00e1n un recurso extraordinario para conseguir el objetivo. El magistrado del Supremo Tribunal Federal de Brasil, Jos\u00e9\u2026","rel":"","context":"En \u00abInternacionales\u00bb","block_context":{"text":"Internacionales","link":"https:\/\/www.24baires.com\/?cat=73"},"img":{"alt_text":"","src":"https:\/\/i0.wp.com\/www.24baires.com\/wp-content\/uploads\/2018\/04\/lula.jpg?resize=350%2C200","width":350,"height":200,"srcset":"https:\/\/i0.wp.com\/www.24baires.com\/wp-content\/uploads\/2018\/04\/lula.jpg?resize=350%2C200 1x, https:\/\/i0.wp.com\/www.24baires.com\/wp-content\/uploads\/2018\/04\/lula.jpg?resize=525%2C300 1.5x"},"classes":[]},{"id":106439,"url":"https:\/\/www.24baires.com\/?p=106439","url_meta":{"origin":6810,"position":3},"title":"Advierten sobre la letalidad de las Taser","author":"AF","date":"18\/01\/2019","format":false,"excerpt":"Diversos estudios dan cuenta de las muertes que provoca el uso sin control de las armas que el Gobierno decidi\u00f3 que empiecen a usar fuerzas de seguridad federales y tambi\u00e9n polic\u00edas de la Ciudad y bonaerenses. El CELS cit\u00f3 esas investigaciones en pedidos de informe que realiz\u00f3 acerca de c\u00f3mo\u2026","rel":"","context":"En \u00abSociedad\u00bb","block_context":{"text":"Sociedad","link":"https:\/\/www.24baires.com\/?cat=1"},"img":{"alt_text":"","src":"https:\/\/i0.wp.com\/www.24baires.com\/wp-content\/uploads\/2019\/01\/taser.jpg?resize=350%2C200","width":350,"height":200,"srcset":"https:\/\/i0.wp.com\/www.24baires.com\/wp-content\/uploads\/2019\/01\/taser.jpg?resize=350%2C200 1x, https:\/\/i0.wp.com\/www.24baires.com\/wp-content\/uploads\/2019\/01\/taser.jpg?resize=525%2C300 1.5x"},"classes":[]},{"id":34912,"url":"https:\/\/www.24baires.com\/?p=34912","url_meta":{"origin":6810,"position":4},"title":"El CELS critic\u00f3 la condena en el Caso Bulacio","author":"Grupo Sierra","date":"09\/11\/2013","format":false,"excerpt":"El Centro de Estudios Legales y Sociales (CELS) critic\u00f3 la condena a tres a\u00f1os de prisi\u00f3n en suspenso al comisario Miguel Angel Esp\u00f3sito por la privaci\u00f3n ilegal agravada del joven Walter Bulacio, quien muri\u00f3 tras estar detenido en una comisar\u00eda en 1991, al destacar que a 22 a\u00f1os del hecho\u2026","rel":"","context":"En \u00abJUDICIALES\u00bb","block_context":{"text":"JUDICIALES","link":"https:\/\/www.24baires.com\/?cat=68"},"img":{"alt_text":"Bulacio","src":"https:\/\/i0.wp.com\/www.24baires.com\/wp-content\/uploads\/2013\/09\/Bulacio.jpg?resize=350%2C200","width":350,"height":200},"classes":[]},{"id":37807,"url":"https:\/\/www.24baires.com\/?p=37807","url_meta":{"origin":6810,"position":5},"title":"El CELS quiere formar parte de la causa contra el ex juez Hooft","author":"GB","date":"02\/01\/2014","format":false,"excerpt":"El Centro de Estudios Legales y Sociales present\u00f3 ante el Juzgado Federal 3 de Mar del Plata un petitorio para ser aceptado como \"amicus curiae\", en la causa que investiga por delitos de lesa humanidad al juez suspendido Pedro Federico Hooft. En el escrito, el CELS realiz\u00f3 una rese\u00f1a del\u2026","rel":"","context":"En \u00abMemoria\u00bb","block_context":{"text":"Memoria","link":"https:\/\/www.24baires.com\/?cat=50"},"img":{"alt_text":"","src":"","width":0,"height":0},"classes":[]}],"jetpack_sharing_enabled":true,"jetpack_likes_enabled":true,"_links":{"self":[{"href":"https:\/\/www.24baires.com\/index.php?rest_route=\/wp\/v2\/posts\/6810","targetHints":{"allow":["GET"]}}],"collection":[{"href":"https:\/\/www.24baires.com\/index.php?rest_route=\/wp\/v2\/posts"}],"about":[{"href":"https:\/\/www.24baires.com\/index.php?rest_route=\/wp\/v2\/types\/post"}],"author":[{"embeddable":true,"href":"https:\/\/www.24baires.com\/index.php?rest_route=\/wp\/v2\/users\/4"}],"replies":[{"embeddable":true,"href":"https:\/\/www.24baires.com\/index.php?rest_route=%2Fwp%2Fv2%2Fcomments&post=6810"}],"version-history":[{"count":3,"href":"https:\/\/www.24baires.com\/index.php?rest_route=\/wp\/v2\/posts\/6810\/revisions"}],"predecessor-version":[{"id":6845,"href":"https:\/\/www.24baires.com\/index.php?rest_route=\/wp\/v2\/posts\/6810\/revisions\/6845"}],"wp:attachment":[{"href":"https:\/\/www.24baires.com\/index.php?rest_route=%2Fwp%2Fv2%2Fmedia&parent=6810"}],"wp:term":[{"taxonomy":"category","embeddable":true,"href":"https:\/\/www.24baires.com\/index.php?rest_route=%2Fwp%2Fv2%2Fcategories&post=6810"},{"taxonomy":"post_tag","embeddable":true,"href":"https:\/\/www.24baires.com\/index.php?rest_route=%2Fwp%2Fv2%2Ftags&post=6810"}],"curies":[{"name":"wp","href":"https:\/\/api.w.org\/{rel}","templated":true}]}}