{"id":68090,"date":"2015-06-24T21:07:10","date_gmt":"2015-06-25T00:07:10","guid":{"rendered":"http:\/\/www.24baires.com\/?p=68090"},"modified":"2015-06-24T21:07:10","modified_gmt":"2015-06-25T00:07:10","slug":"un-cielo-para-elsa","status":"publish","type":"post","link":"https:\/\/www.24baires.com\/?p=68090","title":{"rendered":"Un cielo para Elsa"},"content":{"rendered":"<p><img data-recalc-dims=\"1\" loading=\"lazy\" decoding=\"async\" src=\"https:\/\/i0.wp.com\/www.24baires.com\/wp-content\/uploads\/2015\/06\/elsa-osterheld.jpg?resize=560%2C328\" alt=\"elsa osterheld\" width=\"560\" height=\"328\" class=\"aligncenter size-full wp-image-68091\" srcset=\"https:\/\/i0.wp.com\/www.24baires.com\/wp-content\/uploads\/2015\/06\/elsa-osterheld.jpg?w=560&amp;ssl=1 560w, https:\/\/i0.wp.com\/www.24baires.com\/wp-content\/uploads\/2015\/06\/elsa-osterheld.jpg?resize=300%2C176&amp;ssl=1 300w\" sizes=\"auto, (max-width: 560px) 100vw, 560px\" \/>H\u00e9ctor Oesterheld y sus cuatro hijas, Estela, Diana, Marina y Beatriz, fueron secuestrados durante la \u00faltima dictadura c\u00edvico militar. H\u00e9ctor fue capturado por efectivos del Ej\u00e9rcito en abril de 1977 y luego trasladado a Campo de Mayo. Quienes pudieron sobrevivir a las torturas en el centro clandestino de detenci\u00f3n El Vesubio, afirmaron haberlo visto all\u00ed con vida. Se presume que Oesterheld, el creador del Eternauta, ese h\u00e9roe colectivo, luego fue asesinado en la localidad de Mercedes.<!--more--><\/p>\n<p>Pero antes de esto, fue secuestrada Beatriz. El cuerpo de la joven pudo ser recuperado y sepultado por la familia.<br \/>\nEn julio de 1976, a los pocos d\u00edas de ser secuestrada Beatriz, Elsa, esposa de H\u00e9ctor, se enter\u00f3 por los diarios que Diana, otra de sus hijas, hab\u00eda sido masacrada en Tucum\u00e1n, en lo que los siniestros personajes de las botas y las armas denominaban enfrentamiento armado, ese eufemismo c\u00ednico que aplicaban a la mayor\u00eda de los fusilamientos que hac\u00edan. Diana estaba embarazada de seis meses.<br \/>\nA poco mas de un a\u00f1o y medio fueron asesinadas las otras dos hijas de H\u00e9ctor y Elsa:  Marina y Estela, madre de Mart\u00edn, que fue secuestrado con ella y luego entregado por los represores a Elsa.<br \/>\nY Elsa cri\u00f3 a Mart\u00edn, porque Elsa sobrevivi\u00f3 a todo, hasta este fin de semana. Es la primera vez que Mart\u00edn pudo dar sepultura a alguien de su familia. Y ah\u00ed se resume el dolor al que la sometieron. La perversidad de la dictadura genocida que nos parti\u00f3 en dos, a ella la explot\u00f3 en mil pedazos. Pedazos que tuvo que reunir para proteger y educar a su nieto, despu\u00e9s de que arrasaran su familia.<br \/>\nY Elsa luch\u00f3, creo, imagin\u00f3 un pa\u00eds con memoria, con justicia, y milit\u00f3 en Abuelas de Plaza de Mayo, donde pudo ver concretadas muchas de esas batallas por la verdad. Porque a\u00fan a sus 90 a\u00f1os segu\u00eda trabajando por todo lo que falta.<br \/>\n\u201cFue morir con vida\u201d, dijo Elsa en 2011, cuando la distinguieron con el t\u00edtulo Personalidad Destacada de la Ciudad de Buenos Aires. Pero ella se sobrepuso a esa muerte rara, que te roba todo, te vac\u00eda, pero de alg\u00fan modo cruel logra que sigas respirando. Ella se sobrepuso a todas las muertes: la de su esposo, la de sus cuatro hijas y sus dos yernos. Fue tan generosa que puso todo ese dolor al servicio de la lucha, al servicio de todos. No busc\u00f3 venganza, persigui\u00f3 la justicia.<br \/>\nY con la pena que sinti\u00f3, que ni siquiera atino a figurarme algo as\u00ed, no podemos hacer otra cosa que seguir trabajando por todo aquello en lo que ella luch\u00f3, desde el desgarro.<br \/>\nPor eso a veces de verdad quisiera que el cielo exista. Cierro los ojos, cruzo los dedos. Quisiera que exista un cielo para Elsa, para H\u00e9ctor, para sus hijas que llegaron ah\u00ed, -de existir tal sitio- con la juventud reci\u00e9n empezaba. Me es dif\u00edcil pensar en esa posibilidad, porque as\u00ed urge la explicaci\u00f3n, entender por qu\u00e9 pas\u00f3 todo, por qu\u00e9 a ella, por qu\u00e9 tanto. Y no puedo ni empezar a responder todo eso.<br \/>\nPero hoy voy a hacer el esfuerzo, porque si un lugar as\u00ed existe, quienes la lastimaron tanto est\u00e1n lejos, en otro lado. Porque ese cielo que intento imaginar, es para los buenos. Quisiera que exista un cielo para Elsa, sin puertas de entrada, para no demorar mas el encuentro.<\/p>\n","protected":false},"excerpt":{"rendered":"<p>H\u00e9ctor Oesterheld y sus cuatro hijas, Estela, Diana, Marina y Beatriz, fueron secuestrados durante la \u00faltima dictadura c\u00edvico militar. H\u00e9ctor fue capturado por efectivos del Ej\u00e9rcito en abril de 1977 y luego trasladado a Campo de Mayo. Quienes pudieron sobrevivir a las torturas en el centro clandestino de detenci\u00f3n El Vesubio, afirmaron haberlo visto all\u00ed con vida. Se presume que [&#8230;]<\/p>\n","protected":false},"author":4,"featured_media":0,"comment_status":"open","ping_status":"open","sticky":false,"template":"","format":"standard","meta":{"_jetpack_newsletter_access":"","_jetpack_dont_email_post_to_subs":false,"_jetpack_newsletter_tier_id":0,"_jetpack_memberships_contains_paywalled_content":false,"_jetpack_memberships_contains_paid_content":false,"footnotes":""},"categories":[64],"tags":[],"class_list":["post-68090","post","type-post","status-publish","format-standard","hentry","category-opinion"],"jetpack_featured_media_url":"","jetpack_shortlink":"https:\/\/wp.me\/p2JWE0-hIe","jetpack-related-posts":[{"id":48252,"url":"https:\/\/www.24baires.com\/?p=48252","url_meta":{"origin":68090,"position":0},"title":"Declaran las hermanas Villaflor por la desaparici\u00f3n de sus padres","author":"AF","date":"18\/06\/2014","format":false,"excerpt":"Raimundo Villaflor y Elsa Mart\u00ednez Garreiro fueron secuestrados el 4 de agosto de 1979. \u00c9l fue asesinado a los tres d\u00edas y ella sigue desaparecida. Durante su cautiverio en la ESMA, Elsa sali\u00f3 una vez para visitar a sus hijas en su casa de Avellaneda. La escolt\u00f3 el represor Ricardo\u2026","rel":"","context":"En \u00abMemoria\u00bb","block_context":{"text":"Memoria","link":"https:\/\/www.24baires.com\/?cat=50"},"img":{"alt_text":"villaflor","src":"https:\/\/i0.wp.com\/www.24baires.com\/wp-content\/uploads\/2014\/06\/villaflor.jpg?resize=350%2C200","width":350,"height":200,"srcset":"https:\/\/i0.wp.com\/www.24baires.com\/wp-content\/uploads\/2014\/06\/villaflor.jpg?resize=350%2C200 1x, https:\/\/i0.wp.com\/www.24baires.com\/wp-content\/uploads\/2014\/06\/villaflor.jpg?resize=525%2C300 1.5x"},"classes":[]},{"id":24040,"url":"https:\/\/www.24baires.com\/?p=24040","url_meta":{"origin":68090,"position":1},"title":"Detienen al asesino de Haroldo Conti","author":"Grupo Sierra","date":"21\/05\/2013","format":false,"excerpt":"SAN JUAN.- Qued\u00f3 detenido uno de los acusados por la desaparici\u00f3n del escritor Haroldo Conti en 1976. Actualmente trabaja para la minera Barrick Gold en San Juan, acusada de contaminaci\u00f3n y persecuci\u00f3n a ambientalistas. Rub\u00e9n Osvaldo Bufano, ex integrante del Batall\u00f3n 601, ha sido detenido por ser presuntamente uno de\u2026","rel":"","context":"En \u00abMemoria\u00bb","block_context":{"text":"Memoria","link":"https:\/\/www.24baires.com\/?cat=50"},"img":{"alt_text":"","src":"","width":0,"height":0},"classes":[]},{"id":58837,"url":"https:\/\/www.24baires.com\/?p=58837","url_meta":{"origin":68090,"position":2},"title":"El Vesubio: Prisi\u00f3n perpetua a cuatro represores por delitos de lesa humanidad","author":"GB","date":"18\/12\/2014","format":false,"excerpt":"Cuatro represores que actuaron en el centro clandestino de detenci\u00f3n El Vesubio fueron condenados hoy a prisi\u00f3n perpetua al t\u00e9rmino de un juicio oral por 203 casos de secuestros, torturas, violaciones y homicidios, entre ellos los del historietista H\u00e9ctor Oesterheld, el escritor Haroldo Conti y el cineasta Raymundo Gleyzer. La\u2026","rel":"","context":"En \u00abMemoria\u00bb","block_context":{"text":"Memoria","link":"https:\/\/www.24baires.com\/?cat=50"},"img":{"alt_text":"","src":"","width":0,"height":0},"classes":[]},{"id":55364,"url":"https:\/\/www.24baires.com\/?p=55364","url_meta":{"origin":68090,"position":3},"title":"Se acerca la lectura de alegatos en el juicio por el centro clandestino \u00abEl Vesubio\u00bb","author":"AF","date":"14\/10\/2014","format":false,"excerpt":"El pr\u00f3ximo 30 de octubre los jueces N\u00e9stor Costabel, Horacio Barberis y Eduardo Fern\u00e1ndez, del Tribunal Oral Federal 4, comenzar\u00e1n a escuchar los alegatos del juicio a cuatro represores por delitos contra los derechos humanos durante la \u00faltima dictadura c\u00edvico militar. \u201cEl Vesubio\u201d oper\u00f3 en el partido de La Matanza.\u2026","rel":"","context":"En \u00abMemoria\u00bb","block_context":{"text":"Memoria","link":"https:\/\/www.24baires.com\/?cat=50"},"img":{"alt_text":"el vesubio","src":"https:\/\/i0.wp.com\/www.24baires.com\/wp-content\/uploads\/2014\/10\/el-vesubio.jpg?resize=350%2C200","width":350,"height":200,"srcset":"https:\/\/i0.wp.com\/www.24baires.com\/wp-content\/uploads\/2014\/10\/el-vesubio.jpg?resize=350%2C200 1x, https:\/\/i0.wp.com\/www.24baires.com\/wp-content\/uploads\/2014\/10\/el-vesubio.jpg?resize=525%2C300 1.5x"},"classes":[]},{"id":47556,"url":"https:\/\/www.24baires.com\/?p=47556","url_meta":{"origin":68090,"position":4},"title":"D\u00eda del periodista: homenajearon a trabajadores detenidos desaparecidos de la editorial Atl\u00e1ntida","author":"GB","date":"07\/06\/2014","format":false,"excerpt":"Con la colocaci\u00f3n de una baldosa grabada con sus nombres, los trabajadores detenidos desaparecidos durante la dictadura c\u00edvico militar que se desempe\u00f1aron en la editorial Atl\u00e1ntida-Televisa fueron homenajeados, en el marco de la conmemoraci\u00f3n del D\u00eda del Periodista. Durante el acto, que se realiz\u00f3 en la puerta de esa editorial,\u2026","rel":"","context":"En \u00abMemoria\u00bb","block_context":{"text":"Memoria","link":"https:\/\/www.24baires.com\/?cat=50"},"img":{"alt_text":"desaparecidos atrantida","src":"https:\/\/i0.wp.com\/www.24baires.com\/wp-content\/uploads\/2014\/06\/desaparecidos-atrantida.jpg?resize=350%2C200","width":350,"height":200,"srcset":"https:\/\/i0.wp.com\/www.24baires.com\/wp-content\/uploads\/2014\/06\/desaparecidos-atrantida.jpg?resize=350%2C200 1x, https:\/\/i0.wp.com\/www.24baires.com\/wp-content\/uploads\/2014\/06\/desaparecidos-atrantida.jpg?resize=525%2C300 1.5x"},"classes":[]},{"id":105879,"url":"https:\/\/www.24baires.com\/?p=105879","url_meta":{"origin":68090,"position":5},"title":"Condenaron por delitos de lesa humanidad a dos ex directivos de Ford","author":"GB","date":"12\/12\/2018","format":false,"excerpt":"El Tribunal Oral Federal 1 de San Mart\u00edn conden\u00f3 a Pedro M\u00fcller y a H\u00e9ctor Sibila a 10 y a 12 a\u00f1os de prisi\u00f3n, respectivamente, por secuestros y torturas en la planta de General Pacheco. Tambi\u00e9n le dio 15 a\u00f1os al militar Santiago Riveros. El Tribunal Oral en lo Criminal\u2026","rel":"","context":"En \u00abMemoria\u00bb","block_context":{"text":"Memoria","link":"https:\/\/www.24baires.com\/?cat=50"},"img":{"alt_text":"","src":"https:\/\/i0.wp.com\/www.24baires.com\/wp-content\/uploads\/2018\/12\/ford-lesa-humanidad.jpg?resize=350%2C200","width":350,"height":200,"srcset":"https:\/\/i0.wp.com\/www.24baires.com\/wp-content\/uploads\/2018\/12\/ford-lesa-humanidad.jpg?resize=350%2C200 1x, https:\/\/i0.wp.com\/www.24baires.com\/wp-content\/uploads\/2018\/12\/ford-lesa-humanidad.jpg?resize=525%2C300 1.5x"},"classes":[]}],"jetpack_sharing_enabled":true,"jetpack_likes_enabled":true,"_links":{"self":[{"href":"https:\/\/www.24baires.com\/index.php?rest_route=\/wp\/v2\/posts\/68090","targetHints":{"allow":["GET"]}}],"collection":[{"href":"https:\/\/www.24baires.com\/index.php?rest_route=\/wp\/v2\/posts"}],"about":[{"href":"https:\/\/www.24baires.com\/index.php?rest_route=\/wp\/v2\/types\/post"}],"author":[{"embeddable":true,"href":"https:\/\/www.24baires.com\/index.php?rest_route=\/wp\/v2\/users\/4"}],"replies":[{"embeddable":true,"href":"https:\/\/www.24baires.com\/index.php?rest_route=%2Fwp%2Fv2%2Fcomments&post=68090"}],"version-history":[{"count":1,"href":"https:\/\/www.24baires.com\/index.php?rest_route=\/wp\/v2\/posts\/68090\/revisions"}],"predecessor-version":[{"id":68092,"href":"https:\/\/www.24baires.com\/index.php?rest_route=\/wp\/v2\/posts\/68090\/revisions\/68092"}],"wp:attachment":[{"href":"https:\/\/www.24baires.com\/index.php?rest_route=%2Fwp%2Fv2%2Fmedia&parent=68090"}],"wp:term":[{"taxonomy":"category","embeddable":true,"href":"https:\/\/www.24baires.com\/index.php?rest_route=%2Fwp%2Fv2%2Fcategories&post=68090"},{"taxonomy":"post_tag","embeddable":true,"href":"https:\/\/www.24baires.com\/index.php?rest_route=%2Fwp%2Fv2%2Ftags&post=68090"}],"curies":[{"name":"wp","href":"https:\/\/api.w.org\/{rel}","templated":true}]}}