{"id":6803,"date":"2012-11-26T11:57:35","date_gmt":"2012-11-26T14:57:35","guid":{"rendered":"http:\/\/www.24baires.com\/?p=6803"},"modified":"2012-11-26T11:57:35","modified_gmt":"2012-11-26T14:57:35","slug":"bahia-blanca-original-evento-para-conmemorar-el-dia-de-la-no-violencia","status":"publish","type":"post","link":"https:\/\/www.24baires.com\/?p=6803","title":{"rendered":"Bah\u00eda Blanca: original evento para conmemorar el d\u00eda de la no violencia"},"content":{"rendered":"<p><img data-recalc-dims=\"1\" loading=\"lazy\" decoding=\"async\" class=\"aligncenter size-full wp-image-6804\" title=\"me mat\u00f3 mi marido\" src=\"https:\/\/i0.wp.com\/www.24baires.com\/wp-content\/uploads\/2012\/11\/me-mat%C3%B3-mi-marido.jpg?resize=560%2C373\" alt=\"\" width=\"560\" height=\"373\" srcset=\"https:\/\/i0.wp.com\/www.24baires.com\/wp-content\/uploads\/2012\/11\/me-mat%C3%B3-mi-marido.jpg?w=560&amp;ssl=1 560w, https:\/\/i0.wp.com\/www.24baires.com\/wp-content\/uploads\/2012\/11\/me-mat%C3%B3-mi-marido.jpg?resize=300%2C199&amp;ssl=1 300w\" sizes=\"auto, (max-width: 560px) 100vw, 560px\" \/>El s\u00e1bado \u00faltimo en la Plaza Rivadavia, con gran concurrencia de p\u00fablico, se llev\u00f3 a cabo un evento en conmemoraci\u00f3n al \u00abD\u00eda Internacional de la No-violencia contra las mujeres\u00bb.<!--more--><\/p>\n<p>En la oportunidad se distribuy\u00f3 material informativo sobre temas relacionados a la problem\u00e1tica social econ\u00f3mica, pol\u00edtica y de violencia de g\u00e9nero que sufre la mujer, hubo diversas intervenciones sobre el espacio p\u00fablico, con telas en el monumento central, collages, serigraf\u00edas, proyecci\u00f3n de cortos y bandas en vivo.<\/p>\n<p>El d\u00eda internacional se conmemora por la muerte de las hermanas Mirabal, las cuales fueron victimas de vejaciones, maltratos, palazos y violaci\u00f3n por enfrentarse al r\u00e9gimen del presidente Trujillo en Republica Dominicana. En un traslado de una c\u00e1rcel a otra, las mataron a golpes. Por lo tanto, es recordado con actos a nivel mundial.<\/p>\n<p>Es de destacar que la coordinaci\u00f3n estuvo a cargo de la artista pl\u00e1stica Olga Corrales, con la participaci\u00f3n de la Subsecretaria de Ni\u00f1ez y Adolescencia y Familia, Secretar\u00eda de Desarrollo Social, Instituto Cantilo, la ONG NIDO, el Programa de la Secretaria de Acci\u00f3n Social \u201cBarajar y dar de nuevo\u201d, la Fiscal\u00eda General Departamental, ONG Mujeres bahienses en Acci\u00f3n, Servicio Integral para la familia (SEP), Defensor\u00eda General Departamental, Juzgado de Familia N\u00ba2 y 3, Centro de Protecci\u00f3n de los Derechos de las v\u00edctimas, el programa PROMOVER dependiente del municipio, el Servicio de Asistencia y Prevenci\u00f3n de la Violencia Infantil y el Maltrato Familiar, la Comisar\u00eda de la Mujer y concejales.<\/p>\n<p>En la actualidad, de los actos de violencia registrados, el 90 por ciento es contra la mujer. Adem\u00e1s, entre una y dos mujeres mueren cada tres d\u00edas por femicidio en la Provincia de Buenos Aires, un dato escalofriante.<\/p>\n","protected":false},"excerpt":{"rendered":"<p>El s\u00e1bado \u00faltimo en la Plaza Rivadavia, con gran concurrencia de p\u00fablico, se llev\u00f3 a cabo un evento en conmemoraci\u00f3n al \u00abD\u00eda Internacional de la No-violencia contra las mujeres\u00bb.<\/p>\n","protected":false},"author":4,"featured_media":0,"comment_status":"open","ping_status":"open","sticky":false,"template":"","format":"standard","meta":{"_jetpack_newsletter_access":"","_jetpack_dont_email_post_to_subs":false,"_jetpack_newsletter_tier_id":0,"_jetpack_memberships_contains_paywalled_content":false,"_jetpack_memberships_contains_paid_content":false,"footnotes":""},"categories":[38],"tags":[],"class_list":["post-6803","post","type-post","status-publish","format-standard","hentry","category-locales"],"jetpack_featured_media_url":"","jetpack_shortlink":"https:\/\/wp.me\/p2JWE0-1LJ","jetpack-related-posts":[{"id":57023,"url":"https:\/\/www.24baires.com\/?p=57023","url_meta":{"origin":6803,"position":0},"title":"Las mujeres dicen NO a la violencia en Berisso","author":"Grupo Sierra","date":"12\/11\/2014","format":false,"excerpt":"En el marco de la conmemoraci\u00f3n del D\u00eda Internacional de la NO violencia contra las Mujeres, la Mesa Local contra la Violencia de G\u00e9nero llevar\u00e1 a cabo una actividad en el Parque C\u00edvico con el fin de sensibilizar y generar debate y reflexi\u00f3n en la comunidad. Durante dicha jornada, que\u2026","rel":"","context":"En \u00abLocales\u00bb","block_context":{"text":"Locales","link":"https:\/\/www.24baires.com\/?cat=38"},"img":{"alt_text":"violencia g\u00e9nero","src":"https:\/\/i0.wp.com\/www.24baires.com\/wp-content\/uploads\/2012\/10\/violencia-g%C3%A9nero.jpg?resize=350%2C200","width":350,"height":200,"srcset":"https:\/\/i0.wp.com\/www.24baires.com\/wp-content\/uploads\/2012\/10\/violencia-g%C3%A9nero.jpg?resize=350%2C200 1x, https:\/\/i0.wp.com\/www.24baires.com\/wp-content\/uploads\/2012\/10\/violencia-g%C3%A9nero.jpg?resize=525%2C300 1.5x"},"classes":[]},{"id":107132,"url":"https:\/\/www.24baires.com\/?p=107132","url_meta":{"origin":6803,"position":1},"title":"Pel\u00e9mica: Arroyo amenaza con descontar el d\u00eda a las trabajadoras municipales que paren","author":"GB","date":"08\/03\/2019","format":false,"excerpt":"Es a partir de la vigencia de un decreto firmado el Ejecutivo el a\u00f1o pasado. \"No nos sorprender\u00eda, aunque ser\u00eda una medida muy poco inteligente\", afirmaron desde el \u00e1rea de la Mujer del Sindicato de Trabajadores Municipales. El Sindicato de Trabajadores Municipales (STM) expuso su malestar y preocupaci\u00f3n ante la\u2026","rel":"","context":"En \u00abMunicipios\u00bb","block_context":{"text":"Municipios","link":"https:\/\/www.24baires.com\/?cat=44"},"img":{"alt_text":"","src":"https:\/\/i0.wp.com\/www.24baires.com\/wp-content\/uploads\/2017\/09\/arroyo.jpg?resize=350%2C200","width":350,"height":200,"srcset":"https:\/\/i0.wp.com\/www.24baires.com\/wp-content\/uploads\/2017\/09\/arroyo.jpg?resize=350%2C200 1x, https:\/\/i0.wp.com\/www.24baires.com\/wp-content\/uploads\/2017\/09\/arroyo.jpg?resize=525%2C300 1.5x"},"classes":[]},{"id":35783,"url":"https:\/\/www.24baires.com\/?p=35783","url_meta":{"origin":6803,"position":2},"title":"Casal afirm\u00f3 que \u00abel Estado tiene un rol central en la prevenci\u00f3n de la violencia de g\u00e9nero\u00bb","author":"GB","date":"26\/11\/2013","format":false,"excerpt":"La cartera de Justicia desarroll\u00f3 una serie de actividades de sensibilizaci\u00f3n en el marco del D\u00eda Internacional de la Eliminaci\u00f3n de la Violencia contra la Mujer, que se conmemor\u00f3 ayer, por lo que los principales edificios de esa cartera fueron iluminados en violeta, color que simboliza esa lucha. \"Este tipo\u2026","rel":"","context":"En \u00abProvincia\u00bb","block_context":{"text":"Provincia","link":"https:\/\/www.24baires.com\/?cat=40"},"img":{"alt_text":"CASAL 24 BAIRES small","src":"https:\/\/i0.wp.com\/www.24baires.com\/wp-content\/uploads\/2012\/12\/CASAL-24-BAIRES-small.jpg?resize=350%2C200","width":350,"height":200,"srcset":"https:\/\/i0.wp.com\/www.24baires.com\/wp-content\/uploads\/2012\/12\/CASAL-24-BAIRES-small.jpg?resize=350%2C200 1x, https:\/\/i0.wp.com\/www.24baires.com\/wp-content\/uploads\/2012\/12\/CASAL-24-BAIRES-small.jpg?resize=525%2C300 1.5x"},"classes":[]},{"id":119868,"url":"https:\/\/www.24baires.com\/?p=119868","url_meta":{"origin":6803,"position":3},"title":"Por el D\u00eda Internacional de la Mujer, habr\u00e1 paro y marchas en todo el pa\u00eds","author":"GB","date":"08\/03\/2023","format":false,"excerpt":"Las consignas de este a\u00f1o est\u00e1n enfocadas en la justicia patriarcal, la igualdad salarial y la violencia de g\u00e9nero. Por s\u00e9ptimo a\u00f1o consecutivo, el colectivo #Niunamenos convoc\u00f3 a un paro y movilizaci\u00f3n en todo el pa\u00eds para conmemorar el D\u00eda Internacional de la Mujer. En La Plata se concentrar\u00e1n en\u2026","rel":"","context":"En \u00abSociedad\u00bb","block_context":{"text":"Sociedad","link":"https:\/\/www.24baires.com\/?cat=1"},"img":{"alt_text":"","src":"https:\/\/i0.wp.com\/www.24baires.com\/wp-content\/uploads\/2023\/03\/dia-la-mujer-igualdad.jpg?resize=350%2C200","width":350,"height":200,"srcset":"https:\/\/i0.wp.com\/www.24baires.com\/wp-content\/uploads\/2023\/03\/dia-la-mujer-igualdad.jpg?resize=350%2C200 1x, https:\/\/i0.wp.com\/www.24baires.com\/wp-content\/uploads\/2023\/03\/dia-la-mujer-igualdad.jpg?resize=525%2C300 1.5x, https:\/\/i0.wp.com\/www.24baires.com\/wp-content\/uploads\/2023\/03\/dia-la-mujer-igualdad.jpg?resize=700%2C400 2x"},"classes":[]},{"id":113119,"url":"https:\/\/www.24baires.com\/?p=113119","url_meta":{"origin":6803,"position":4},"title":"Alberto Fern\u00e1ndez: \u00abReivindico mi compromiso de luchar contra las violencias que sufren las mujeres\u00bb","author":"GB","date":"25\/11\/2019","format":false,"excerpt":"El presidente electo public\u00f3 un mensaje por el D\u00eda Internacional de la Eliminaci\u00f3n de la Violencia contra la Mujer. \"Construir una Argentina con igualdad es un imperativo moral\", tuite\u00f3. En el D\u00eda Internacional de la Eliminaci\u00f3n de la Violencia contra la Mujer, el presidente electo Alberto Fern\u00e1ndez expres\u00f3 su compromiso\u2026","rel":"","context":"En \u00abPol\u00edtica\u00bb","block_context":{"text":"Pol\u00edtica","link":"https:\/\/www.24baires.com\/?cat=51"},"img":{"alt_text":"","src":"https:\/\/i0.wp.com\/www.24baires.com\/wp-content\/uploads\/2019\/11\/Alberto-Fernandez-dia-contra-la-violencia-que-sufren-las-mujeres.jpg?resize=350%2C200","width":350,"height":200,"srcset":"https:\/\/i0.wp.com\/www.24baires.com\/wp-content\/uploads\/2019\/11\/Alberto-Fernandez-dia-contra-la-violencia-que-sufren-las-mujeres.jpg?resize=350%2C200 1x, https:\/\/i0.wp.com\/www.24baires.com\/wp-content\/uploads\/2019\/11\/Alberto-Fernandez-dia-contra-la-violencia-que-sufren-las-mujeres.jpg?resize=525%2C300 1.5x"},"classes":[]},{"id":31943,"url":"https:\/\/www.24baires.com\/?p=31943","url_meta":{"origin":6803,"position":5},"title":"Conmemoran en La Plata el 37\u00ba aniversario de La Noche de los L\u00e1pices","author":"AF","date":"16\/09\/2013","format":false,"excerpt":"El titular del organismo, Hugo Ca\u00f1\u00f3n, brind\u00f3 detalles del evento que se realizar\u00e1 en el Coliseo Podest\u00e1 y del que participar\u00e1n mil secundarios. La Comisi\u00f3n Provincial por la Memoria realiza este lunes un acto en La Plata para conmemorar los 37 a\u00f1os de la denominada \"Noche de los l\u00e1pices\". En\u2026","rel":"","context":"En \u00abMemoria\u00bb","block_context":{"text":"Memoria","link":"https:\/\/www.24baires.com\/?cat=50"},"img":{"alt_text":"los l\u00e1pices siguen escribiendo","src":"https:\/\/i0.wp.com\/www.24baires.com\/wp-content\/uploads\/2013\/09\/los-l%C3%A1pices-siguen-escribiendo-300x225.jpg?resize=350%2C200","width":350,"height":200},"classes":[]}],"jetpack_sharing_enabled":true,"jetpack_likes_enabled":true,"_links":{"self":[{"href":"https:\/\/www.24baires.com\/index.php?rest_route=\/wp\/v2\/posts\/6803","targetHints":{"allow":["GET"]}}],"collection":[{"href":"https:\/\/www.24baires.com\/index.php?rest_route=\/wp\/v2\/posts"}],"about":[{"href":"https:\/\/www.24baires.com\/index.php?rest_route=\/wp\/v2\/types\/post"}],"author":[{"embeddable":true,"href":"https:\/\/www.24baires.com\/index.php?rest_route=\/wp\/v2\/users\/4"}],"replies":[{"embeddable":true,"href":"https:\/\/www.24baires.com\/index.php?rest_route=%2Fwp%2Fv2%2Fcomments&post=6803"}],"version-history":[{"count":2,"href":"https:\/\/www.24baires.com\/index.php?rest_route=\/wp\/v2\/posts\/6803\/revisions"}],"predecessor-version":[{"id":6806,"href":"https:\/\/www.24baires.com\/index.php?rest_route=\/wp\/v2\/posts\/6803\/revisions\/6806"}],"wp:attachment":[{"href":"https:\/\/www.24baires.com\/index.php?rest_route=%2Fwp%2Fv2%2Fmedia&parent=6803"}],"wp:term":[{"taxonomy":"category","embeddable":true,"href":"https:\/\/www.24baires.com\/index.php?rest_route=%2Fwp%2Fv2%2Fcategories&post=6803"},{"taxonomy":"post_tag","embeddable":true,"href":"https:\/\/www.24baires.com\/index.php?rest_route=%2Fwp%2Fv2%2Ftags&post=6803"}],"curies":[{"name":"wp","href":"https:\/\/api.w.org\/{rel}","templated":true}]}}