{"id":6799,"date":"2012-11-26T11:40:12","date_gmt":"2012-11-26T14:40:12","guid":{"rendered":"http:\/\/www.24baires.com\/?p=6799"},"modified":"2012-11-26T11:40:12","modified_gmt":"2012-11-26T14:40:12","slug":"concluyeron-las-vii-jornadas-argentinas-de-robotica","status":"publish","type":"post","link":"https:\/\/www.24baires.com\/?p=6799","title":{"rendered":"Concluyeron las VII Jornadas Argentinas de Rob\u00f3tica"},"content":{"rendered":"<p>Referentes nacionales de la especialidad y de otros pa\u00edses se congregaron en la Facultad de Ingenier\u00eda de <strong>Olavarr\u00eda<\/strong>. Los expertos coincidieron en que cada robot encierra la pretensi\u00f3n de hacer la vida m\u00e1s f\u00e1cil, menos peligrosa, m\u00e1s satisfactoria, o menos tediosa.\u00a0<!--more--><\/p>\n<p>La continua incorporaci\u00f3n de robots a la sociedad es imparable. No para competir ni reemplazar al ser humano sino como complemento. Desde el robot explorador que lleg\u00f3 a Marte hasta el que aspira la casa, todos son la demostraci\u00f3n del hombre empujando las fronteras de la ciencia.<\/p>\n<p>Con diversas complejidades, cada robot encierra la pretensi\u00f3n de hacer la vida m\u00e1s f\u00e1cil, menos peligrosa, m\u00e1s satisfactoria, o menos tediosa. Sin embargo, a\u00fan con la capacidad de decidir artificialmente una acci\u00f3n, nunca ser\u00e1n capaces de pensar, ni sentir, ni crear como los humanos.<\/p>\n<p>Estas nociones fueron el tel\u00f3n de fondo de las VII Jornadas Argentinas de Rob\u00f3tica que se realizaron durante tres d\u00edas en la Facultad de Ingenier\u00eda de la Unic\u00e9n. Se concentraron all\u00ed los m\u00e1ximos referentes nacionales en la especialidad, junto a otros expertos de Espa\u00f1a, Brasil y Uruguay.<\/p>\n<p>Durante las Jornadas, cada expositor present\u00f3 el avance de sus investigaciones, las innovaciones alcanzadas, las aplicaciones logradas, y detalles de soluciones a problemas que permanentemente surgen del estudio de la rob\u00f3tica.<\/p>\n<p>En realidad, es una comunidad relativamente peque\u00f1a de personas que se dedican al tema. \u201cNo hay mucha investigaci\u00f3n en rob\u00f3tica porque quiz\u00e1 todav\u00eda no se ve su incidencia en la mejora de la calidad de vida de la gente. Todav\u00eda la seguimos viendo como de una sociedad del futuro, de ciencia ficci\u00f3n, frente a problemas m\u00e1s urgentes que resolver, como si la rob\u00f3tica no pudiera ocuparse de muchos de ellos\u201d, se\u00f1al\u00f3 el doctor en electr\u00f3nica Gerardo Acosta, docente de Ingenier\u00eda, miembro del Conicet, director del grupo \u201cIntelymec\u201d (Investigaci\u00f3n Tecnol\u00f3gica en Electricidad y Mecatr\u00f3nica) de la Facultad, y uno de los pioneros en investigaciones cient\u00edficas asociadas a la tecnolog\u00eda inteligente aplicada.<\/p>\n<p>Olavarr\u00eda concentr\u00f3 a los principales especialistas del pa\u00eds, provenientes de San Juan, C\u00f3rdoba, Buenos Aires, Bah\u00eda Blanca, y de la propia Facultad de Ingenier\u00eda. Tambi\u00e9n llegaron referentes de la Universidad ORT Uruguay, de la Universidad Esp\u00edritu Santo de Brasil, y de la Universidad de Girona, Espa\u00f1a.<\/p>\n<p>Las tendencias de las disertaciones plantearon diversos avances en robots aut\u00f3nomos, con innovadores sistemas de sensores y control de trayectorias, adem\u00e1s de diversas aplicaciones concretas donde ya est\u00e1n actuando m\u00e1quinas inteligentes. Entre los casos se expusieron detalles de un peque\u00f1o prototipo de robot helic\u00f3ptero de cuatro rotores para tareas de inspecci\u00f3n y monitoreo, un robot cuatriciclo para tareas agropecuarias, andadores y sillas de ruedas rob\u00f3ticas, entre otros.<br \/>\nY tambi\u00e9n la versi\u00f3n acu\u00e1tica denominada Ictiobot, un veh\u00edculo aut\u00f3nomo submarino, con sonares de barrido lateral y ecosondas a bordo, GPS y navegador inercial combinados, pensado para la industria off-shore, batimetr\u00edas portuarias, pesca, entre otras aplicaciones. Tambi\u00e9n se puso en marcha el brazo rob\u00f3tico ubicado en la celda de manofactura flexible, donde los visitantes pudieron observarlo en pleno funcionamiento.<\/p>\n<p>Estas son apenas muestras de los avances mundiales en rob\u00f3tica, donde ya se utilizan en actividades militares riesgosas, en la industria de la miner\u00eda, en cirug\u00edas de precisi\u00f3n, en la limpieza de residuos t\u00f3xicos, manipulaci\u00f3n de explosivos, y hasta en tareas dom\u00e9sticas como planchar, aspirar y barrer.<\/p>\n<p><strong>Convivencia<\/strong><\/p>\n<p>El progreso vertiginoso de la rob\u00f3tica ha hecho posible que cada vez haya m\u00e1s m\u00e1quinas que realicen tareas autom\u00e1ticamente, las que requieren cierto grado de comportamiento inteligente. Contienen en su estructura de sensores, motores, y microchips, la capacidad de decidir una conducta. No emulan al cerebro, pero pueden controlar variables que definen una acci\u00f3n, sin la intervenci\u00f3n humana.<\/p>\n<p>Este potencial artificial soluciona muchas de las actividades propias del hombre, pero al mismo tiempo abre puertas desconocidas para la ciencia y plantea nuevos problemas, desde t\u00e9cnicos, hasta \u00e9ticos.<\/p>\n<p>Como sea, la rob\u00f3tica propone una nueva convivencia entre personas y m\u00e1quinas. \u201cTeniendo robots capaces de producir podemos pensar en una sociedad en la que tengamos que trabajar menos horas, y dedicarnos a actividades m\u00e1s creativas. Habr\u00eda una liberaci\u00f3n del humano de las cosas pesadas\u201d, plante\u00f3 Acosta.<\/p>\n<p>\u201cHay que transitar un camino largo de asimilaci\u00f3n de las nuevas tecnolog\u00edas por parte de la sociedad. Todav\u00eda no se considera como un elemento indispensable la presencia de los robots en la vida cotidiana. Adem\u00e1s, si la tecnolog\u00eda es muy costosa tampoco se instala en la gente. Un poco nuestro compromiso es ese, a medida que se abaraten los costos se van a hacer m\u00e1s masivos, y entonces m\u00e1s aceptados para m\u00e1s tareas\u201d, repas\u00f3 el doctor en electr\u00f3nica.<\/p>\n<p>En general, siempre hay un progreso a partir de una necesidad. Y eso se va retroalimentando porque para resolver problemas fue necesario investigar y desarrollar, y despu\u00e9s aplicar esa tecnolog\u00eda para resolver otros problemas. \u201cEste espiral favorece el desarrollo de disciplinas como \u00e9sta, y de las sociedades que tienen el coraje de invertir en este tipo de desarrollos\u201d, subray\u00f3 Acosta. \u201cLo m\u00e1s importante que no hay que perder de vista es la gente, toda esa tecnolog\u00eda tiene que estar al servicio de las personas, de su bienestar\u201d, finaliz\u00f3.<\/p>\n<p>Asimismo, Ingenier\u00eda expuso sus desarrollos con el prototipo de robot Carpincho, capaz de trasladarse en forma aut\u00f3noma a partir de una serie de \u00f3rdenes de referencia, y que se puede utilizar para vigilancia, monitoreo, exploraci\u00f3n, investigaci\u00f3n, as\u00ed como para trabajos de agricultura.<\/p>\n","protected":false},"excerpt":{"rendered":"<p>Referentes nacionales de la especialidad y de otros pa\u00edses se congregaron en la Facultad de Ingenier\u00eda de Olavarr\u00eda. Los expertos coincidieron en que cada robot encierra la pretensi\u00f3n de hacer la vida m\u00e1s f\u00e1cil, menos peligrosa, m\u00e1s satisfactoria, o menos tediosa.\u00a0<\/p>\n","protected":false},"author":4,"featured_media":0,"comment_status":"open","ping_status":"open","sticky":false,"template":"","format":"standard","meta":{"_jetpack_newsletter_access":"","_jetpack_dont_email_post_to_subs":false,"_jetpack_newsletter_tier_id":0,"_jetpack_memberships_contains_paywalled_content":false,"_jetpack_memberships_contains_paid_content":false,"footnotes":""},"categories":[38],"tags":[],"class_list":["post-6799","post","type-post","status-publish","format-standard","hentry","category-locales"],"jetpack_featured_media_url":"","jetpack_shortlink":"https:\/\/wp.me\/p2JWE0-1LF","jetpack-related-posts":[{"id":45277,"url":"https:\/\/www.24baires.com\/?p=45277","url_meta":{"origin":6799,"position":0},"title":"La Universidad de La Plata estrena un club de rob\u00f3tica creado por estudiantes","author":"Grupo Sierra","date":"04\/05\/2014","format":false,"excerpt":"Es un grupo de alumnos de Ingenier\u00eda Electr\u00f3nica. A trav\u00e9s del desarrollo de robots transforman en pr\u00e1ctica los conceptos te\u00f3ricos aprendidos a lo largo de la carrera. Con la paciencia de un artesano, Santiago Rodr\u00edguez acomoda unos cables, atornilla unas tuercas, y el robot rodante empieza a andar. Sin titubear,\u2026","rel":"","context":"En \u00abLocales\u00bb","block_context":{"text":"Locales","link":"https:\/\/www.24baires.com\/?cat=38"},"img":{"alt_text":"robot bruera","src":"https:\/\/i0.wp.com\/www.24baires.com\/wp-content\/uploads\/2013\/06\/robot-bruera-300x140.jpg?resize=350%2C200","width":350,"height":200},"classes":[]},{"id":26512,"url":"https:\/\/www.24baires.com\/?p=26512","url_meta":{"origin":6799,"position":1},"title":"Una nariz electr\u00f3nica es capaz de distinguir variedades de vinos","author":"AF","date":"20\/06\/2013","format":false,"excerpt":"La Universidad de Valencia cre\u00f3 un sistema con sensores que permiten distinguir aromas. El foco del invento est\u00e1 puesto en el sector vitivin\u00edcola. \u00bfSe vienen los sommeliers robotizados? Todos los d\u00edas conocemos una nueva investigaci\u00f3n cient\u00edfica que deriva en un producto o robot extra\u00f1o que se mete en la cocina.\u2026","rel":"","context":"En \u00abCocina &amp; Vinos\u00bb","block_context":{"text":"Cocina &amp; Vinos","link":"https:\/\/www.24baires.com\/?cat=52"},"img":{"alt_text":"oler vino","src":"https:\/\/i0.wp.com\/www.24baires.com\/wp-content\/uploads\/2013\/06\/oler-vino.jpg?resize=350%2C200","width":350,"height":200,"srcset":"https:\/\/i0.wp.com\/www.24baires.com\/wp-content\/uploads\/2013\/06\/oler-vino.jpg?resize=350%2C200 1x, https:\/\/i0.wp.com\/www.24baires.com\/wp-content\/uploads\/2013\/06\/oler-vino.jpg?resize=525%2C300 1.5x"},"classes":[]},{"id":105567,"url":"https:\/\/www.24baires.com\/?p=105567","url_meta":{"origin":6799,"position":2},"title":"El 2019 traer\u00e1 una nueva escuela secundaria","author":"GB","date":"23\/11\/2018","format":false,"excerpt":"El ministro de Educaci\u00f3n de la Naci\u00f3n se\u00f1al\u00f3 que la misma \"ser\u00e1 interdisciplinaria, de ense\u00f1anza por conceptos, con rob\u00f3tica y programaci\u00f3n pero que tambi\u00e9n ense\u00f1e habilidades para la vida\". El ministro de Educaci\u00f3n de la Naci\u00f3n, Alejandro Finocchiaro, estuvo presente en los paneles del Segundo Encuentro Nacional de Intendentes, y\u2026","rel":"","context":"En \u00abEducaci\u00f3n\u00bb","block_context":{"text":"Educaci\u00f3n","link":"https:\/\/www.24baires.com\/?cat=327"},"img":{"alt_text":"","src":"https:\/\/i0.wp.com\/www.24baires.com\/wp-content\/uploads\/2016\/09\/finochiario.jpg?resize=350%2C200","width":350,"height":200,"srcset":"https:\/\/i0.wp.com\/www.24baires.com\/wp-content\/uploads\/2016\/09\/finochiario.jpg?resize=350%2C200 1x, https:\/\/i0.wp.com\/www.24baires.com\/wp-content\/uploads\/2016\/09\/finochiario.jpg?resize=525%2C300 1.5x"},"classes":[]},{"id":68491,"url":"https:\/\/www.24baires.com\/?p=68491","url_meta":{"origin":6799,"position":3},"title":"Cristina y Recalde visitaron la Villa 20 de Lugano","author":"GB","date":"02\/07\/2015","format":false,"excerpt":"Junto al candidato a jefe de Gobierno porte\u00f1o, Cristina recorri\u00f3 un centro de \"Proyecto de Comunidad\" y dialog\u00f3 con los ni\u00f1os y j\u00f3venes que participan del programa \"Rob\u00f3tica para Educar\", relacionado con la apropiaci\u00f3n popular de la tecnolog\u00eda. Cristina Fern\u00e1ndez de Kirchner recorri\u00f3 la Villa 20 de la Ciudad de\u2026","rel":"","context":"En \u00abPol\u00edtica\u00bb","block_context":{"text":"Pol\u00edtica","link":"https:\/\/www.24baires.com\/?cat=51"},"img":{"alt_text":"cristina recalde","src":"https:\/\/i0.wp.com\/www.24baires.com\/wp-content\/uploads\/2015\/07\/cristina-recalde.jpg?resize=350%2C200","width":350,"height":200,"srcset":"https:\/\/i0.wp.com\/www.24baires.com\/wp-content\/uploads\/2015\/07\/cristina-recalde.jpg?resize=350%2C200 1x, https:\/\/i0.wp.com\/www.24baires.com\/wp-content\/uploads\/2015\/07\/cristina-recalde.jpg?resize=525%2C300 1.5x"},"classes":[]},{"id":85105,"url":"https:\/\/www.24baires.com\/?p=85105","url_meta":{"origin":6799,"position":4},"title":"La CPM denuncia falta de acceso a la salud en c\u00e1rceles provinciales","author":"AF","date":"18\/07\/2016","format":false,"excerpt":"La Comisi\u00f3n Provincial por la Memoria (CPM) denunci\u00f3 falta de acceso a la salud de los presos bonaerenses por lo que reclam\u00f3 que el Ministerio de Salud asuma la responsabilidad de garantizar ese derecho. Seg\u00fan inform\u00f3 el organismo, luego de inspeccionar en el \u00faltimo mes varios lugares de encierro constat\u00f3\u2026","rel":"","context":"En \u00abProvincia\u00bb","block_context":{"text":"Provincia","link":"https:\/\/www.24baires.com\/?cat=40"},"img":{"alt_text":"cpm","src":"https:\/\/i0.wp.com\/www.24baires.com\/wp-content\/uploads\/2013\/11\/cpm.jpg?resize=350%2C200","width":350,"height":200,"srcset":"https:\/\/i0.wp.com\/www.24baires.com\/wp-content\/uploads\/2013\/11\/cpm.jpg?resize=350%2C200 1x, https:\/\/i0.wp.com\/www.24baires.com\/wp-content\/uploads\/2013\/11\/cpm.jpg?resize=525%2C300 1.5x"},"classes":[]},{"id":102033,"url":"https:\/\/www.24baires.com\/?p=102033","url_meta":{"origin":6799,"position":5},"title":"Capacitaci\u00f3n docente e incorporaci\u00f3n de tecnolog\u00eda en escuelas de General Pueyrredon","author":"GB","date":"09\/05\/2018","format":false,"excerpt":"Las mejoras forman parte del programa \"Red de Escuelas de Aprendizaje\". \"Hay herramientas que el sistema no les est\u00e1 dando a los chicos\", explic\u00f3 el subsecretario de educaci\u00f3n bonaerense, Sergio Siciliano. Las mejoras forman parte del programa \"Red de Escuelas de Aprendizaje\". \"Hay herramientas que el sistema no les est\u00e1\u2026","rel":"","context":"En \u00abMunicipios\u00bb","block_context":{"text":"Municipios","link":"https:\/\/www.24baires.com\/?cat=44"},"img":{"alt_text":"","src":"https:\/\/i0.wp.com\/www.24baires.com\/wp-content\/uploads\/2013\/02\/aula-vac%C3%ADa.jpg?resize=350%2C200","width":350,"height":200,"srcset":"https:\/\/i0.wp.com\/www.24baires.com\/wp-content\/uploads\/2013\/02\/aula-vac%C3%ADa.jpg?resize=350%2C200 1x, https:\/\/i0.wp.com\/www.24baires.com\/wp-content\/uploads\/2013\/02\/aula-vac%C3%ADa.jpg?resize=525%2C300 1.5x"},"classes":[]}],"jetpack_sharing_enabled":true,"jetpack_likes_enabled":true,"_links":{"self":[{"href":"https:\/\/www.24baires.com\/index.php?rest_route=\/wp\/v2\/posts\/6799","targetHints":{"allow":["GET"]}}],"collection":[{"href":"https:\/\/www.24baires.com\/index.php?rest_route=\/wp\/v2\/posts"}],"about":[{"href":"https:\/\/www.24baires.com\/index.php?rest_route=\/wp\/v2\/types\/post"}],"author":[{"embeddable":true,"href":"https:\/\/www.24baires.com\/index.php?rest_route=\/wp\/v2\/users\/4"}],"replies":[{"embeddable":true,"href":"https:\/\/www.24baires.com\/index.php?rest_route=%2Fwp%2Fv2%2Fcomments&post=6799"}],"version-history":[{"count":2,"href":"https:\/\/www.24baires.com\/index.php?rest_route=\/wp\/v2\/posts\/6799\/revisions"}],"predecessor-version":[{"id":6801,"href":"https:\/\/www.24baires.com\/index.php?rest_route=\/wp\/v2\/posts\/6799\/revisions\/6801"}],"wp:attachment":[{"href":"https:\/\/www.24baires.com\/index.php?rest_route=%2Fwp%2Fv2%2Fmedia&parent=6799"}],"wp:term":[{"taxonomy":"category","embeddable":true,"href":"https:\/\/www.24baires.com\/index.php?rest_route=%2Fwp%2Fv2%2Fcategories&post=6799"},{"taxonomy":"post_tag","embeddable":true,"href":"https:\/\/www.24baires.com\/index.php?rest_route=%2Fwp%2Fv2%2Ftags&post=6799"}],"curies":[{"name":"wp","href":"https:\/\/api.w.org\/{rel}","templated":true}]}}