{"id":6796,"date":"2012-11-26T11:26:53","date_gmt":"2012-11-26T14:26:53","guid":{"rendered":"http:\/\/www.24baires.com\/?p=6796"},"modified":"2012-11-26T11:26:53","modified_gmt":"2012-11-26T14:26:53","slug":"guardavidas-se-movilizaran-exigiendo-politicas-de-seguridad-en-playa","status":"publish","type":"post","link":"https:\/\/www.24baires.com\/?p=6796","title":{"rendered":"Guardavidas se movilizar\u00e1n exigiendo pol\u00edticas de seguridad en playa"},"content":{"rendered":"<p><img data-recalc-dims=\"1\" loading=\"lazy\" decoding=\"async\" class=\"alignleft size-full wp-image-6797\" title=\"guardavidas\" src=\"https:\/\/i0.wp.com\/www.24baires.com\/wp-content\/uploads\/2012\/11\/guardavidas.png?resize=250%2C175\" alt=\"\" width=\"250\" height=\"175\" \/>El Sindicato \u00danico de Guardavidas de la Rep\u00fablica Argentina (SUGARA) confirm\u00f3 una movilizaci\u00f3n masiva a la Casa de Gobierno bonaerense, el pr\u00f3ximo mi\u00e9rcoles, ante la \u201causencia de pol\u00edticas de seguridad en Playa\u201d de la gesti\u00f3n de Daniel Scioli de cara al inicio de la temporada de verano.<!--more--><\/p>\n<p>As\u00ed lo confirm\u00f3 el secretario general de SUGARA, Roberto Solari, ante \u201cla inacci\u00f3n\u201d que presenta la Comisi\u00f3n Provincial de Guardavidas dependiente de la Jefatura de Gabinete de la Provincia a cargo de Alberto P\u00e9rez, que depende de un funcionario que \u201cdesconoce de la materia\u201d y \u201cguarda parentesco\u201d con este \u00faltimo.<\/p>\n<p>\u201cHace un a\u00f1o que la Comisi\u00f3n Provincial de Guardavidas no gestiona a favor de la seguridad en playas y natatorios, motivo que nos genera gran preocupaci\u00f3n por lo que pueda pasar en el transcurso de la temporada en materia de prevenci\u00f3n\u201d, alert\u00f3 Solari.<\/p>\n<p>En esa l\u00ednea, el representante gremial de los guardavidas advirti\u00f3 que, ante la ausencia de pol\u00edticas efectivas, en caso \u201cde registrarse algunas fatalidad en materia de seguridad\u201d en el transcurso de la temporada de verano, SUGARA pondr\u00e1 a disposici\u00f3n de familiares de un eventual damnificado \u201casesores legales para que accionen penalmente contra la Provincia\u201d.<\/p>\n<p>Desde la entidad gremial confirmaron que a la movilizaci\u00f3n del pr\u00f3ximo mi\u00e9rcoles 28 de noviembre, confluir\u00e1n todas las seccionales y delegaciones de guardavidas de la provincia de Buenos Aires, motivo por el que la misma se prev\u00e9 \u201cmasiva\u201d.<\/p>\n<p>Mientras los guardavidas se movilizan en reclamo de pol\u00edticas de seguridad en playas y natatorio, la Provincia fue cuestionada la \u00faltima semana por contratar al actor norteamericano, David Hasselhoff, para promocionar las playas bonaerenses a trav\u00e9s de un spot publicitario en donde Hasselhoff protagoniza a un guardavidas. Seg\u00fan las versiones el valor del cachet del actor estuvo cerca del 820 mil pesos.<\/p>\n","protected":false},"excerpt":{"rendered":"<p>El Sindicato \u00danico de Guardavidas de la Rep\u00fablica Argentina (SUGARA) confirm\u00f3 una movilizaci\u00f3n masiva a la Casa de Gobierno bonaerense, el pr\u00f3ximo mi\u00e9rcoles, ante la \u201causencia de pol\u00edticas de seguridad en Playa\u201d de la gesti\u00f3n de Daniel Scioli de cara al inicio de la temporada de verano.<\/p>\n","protected":false},"author":4,"featured_media":0,"comment_status":"open","ping_status":"open","sticky":false,"template":"","format":"standard","meta":{"_jetpack_newsletter_access":"","_jetpack_dont_email_post_to_subs":false,"_jetpack_newsletter_tier_id":0,"_jetpack_memberships_contains_paywalled_content":false,"_jetpack_memberships_contains_paid_content":false,"footnotes":""},"categories":[1],"tags":[],"class_list":["post-6796","post","type-post","status-publish","format-standard","hentry","category-sociedad"],"jetpack_featured_media_url":"","jetpack_shortlink":"https:\/\/wp.me\/p2JWE0-1LC","jetpack-related-posts":[{"id":8894,"url":"https:\/\/www.24baires.com\/?p=8894","url_meta":{"origin":6796,"position":0},"title":"En pleno recambio de quincena los Guardavidas se movilizan al peaje Samboromb\u00f3n con reclamos a Scioli","author":"Grupo Sierra","date":"12\/12\/2012","format":false,"excerpt":"Los trabajadores, agrupados en Sugara, protestan por la \"inacci\u00f3n\" de la Comisi\u00f3n Provincial de Guardavidas. Cabe resaltar que a fines de noviembre ya se hab\u00edan movilizado a la Gobernaci\u00f3n con el mismo reclamo. \u00a0La movilizaci\u00f3n ser\u00e1 el pr\u00f3ximo s\u00e1bado a ese peaje de la Ruta 2 cercano a Chascom\u00fas.\u00a0 El\u2026","rel":"","context":"En \u00abProvincia\u00bb","block_context":{"text":"Provincia","link":"https:\/\/www.24baires.com\/?cat=40"},"img":{"alt_text":"","src":"","width":0,"height":0},"classes":[]},{"id":58879,"url":"https:\/\/www.24baires.com\/?p=58879","url_meta":{"origin":6796,"position":1},"title":"Provincia present\u00f3 una propuesta a los guardavidas del sector privado de Mar del Plata","author":"GB","date":"19\/12\/2014","format":false,"excerpt":"En una reuni\u00f3n desarrollada en el Sal\u00f3n de Acuerdos del despacho del Gobernador Daniel Scioli, el gobierno provincial present\u00f3 una propuesta concreta al sector de guardavidas para dar respuesta a las demandas expresadas en los \u00faltimos d\u00edas por aquellos trabajadores que no est\u00e1n contemplados en el r\u00e9gimen previsional del IPS.\u2026","rel":"","context":"En \u00abSociedad\u00bb","block_context":{"text":"Sociedad","link":"https:\/\/www.24baires.com\/?cat=1"},"img":{"alt_text":"mesa guardavidas","src":"https:\/\/i0.wp.com\/www.24baires.com\/wp-content\/uploads\/2014\/12\/mesa-guardavidas-300x225.jpg?resize=350%2C200","width":350,"height":200},"classes":[]},{"id":7113,"url":"https:\/\/www.24baires.com\/?p=7113","url_meta":{"origin":6796,"position":2},"title":"Guardavidas furiosos marcharon a la Gobernaci\u00f3n","author":"AF","date":"28\/11\/2012","format":false,"excerpt":"LA PLATA - Piden que la Jefatura de Gabinete remueva de su cargo al titular de la Comisi\u00f3n Provincial de Guardavidas, a quien acusan de \u201cusurpar un cargo y no entender nada de la actividad\u201d. Piden que \u201cse tome la profesi\u00f3n con seriedad\u201d y no descartan profundizar las medidas de\u2026","rel":"","context":"En \u00abSociedad\u00bb","block_context":{"text":"Sociedad","link":"https:\/\/www.24baires.com\/?cat=1"},"img":{"alt_text":"","src":"https:\/\/i0.wp.com\/www.24baires.com\/wp-content\/uploads\/2012\/11\/guardavidas-gobernaci%C3%B3n.jpg?resize=350%2C200","width":350,"height":200,"srcset":"https:\/\/i0.wp.com\/www.24baires.com\/wp-content\/uploads\/2012\/11\/guardavidas-gobernaci%C3%B3n.jpg?resize=350%2C200 1x, https:\/\/i0.wp.com\/www.24baires.com\/wp-content\/uploads\/2012\/11\/guardavidas-gobernaci%C3%B3n.jpg?resize=525%2C300 1.5x"},"classes":[]},{"id":12159,"url":"https:\/\/www.24baires.com\/?p=12159","url_meta":{"origin":6796,"position":3},"title":"San Bernardo cuenta con playas cardio protegidas","author":"AF","date":"14\/01\/2013","format":false,"excerpt":"A tres a\u00f1os de iniciarse el proyecto de las playas cardio protegidas, la localidad balnearia que gestiona Juan Pablo de Jes\u00fas, contar\u00e1 una vez m\u00e1s con un Desfibrilador Externo Autom\u00e1tico para que lo utilicen los guardavidas en caso de paro cardiorrespiratorio. Brinda un \u00e1rea protegida de 300 metros en tres\u2026","rel":"","context":"En \u00abLocales\u00bb","block_context":{"text":"Locales","link":"https:\/\/www.24baires.com\/?cat=38"},"img":{"alt_text":"","src":"","width":0,"height":0},"classes":[]},{"id":105688,"url":"https:\/\/www.24baires.com\/?p=105688","url_meta":{"origin":6796,"position":4},"title":"Provincia contrata a guardavidas de la mutual recortada por Arroyo","author":"GB","date":"30\/11\/2018","format":false,"excerpt":"MAR DEL PLATA-Tras meses de conflicto, el Ministerio de Seguridad les garantiz\u00f3 la firma de un contrato con \u201csimilares\u201d condiciones. Pese al acuerdo, el malestar con el gobierno local: \u201cNos dej\u00f3 sin trabajo despu\u00e9s de 25 a\u00f1os\u201d. La posibilidad que la gobernadora Mar\u00eda Eugenia Vidal hab\u00eda deslizado hace pocos d\u00edas\u2026","rel":"","context":"En \u00abMunicipios\u00bb","block_context":{"text":"Municipios","link":"https:\/\/www.24baires.com\/?cat=44"},"img":{"alt_text":"","src":"https:\/\/i0.wp.com\/www.24baires.com\/wp-content\/uploads\/2016\/01\/guardavidas.jpg?resize=350%2C200","width":350,"height":200,"srcset":"https:\/\/i0.wp.com\/www.24baires.com\/wp-content\/uploads\/2016\/01\/guardavidas.jpg?resize=350%2C200 1x, https:\/\/i0.wp.com\/www.24baires.com\/wp-content\/uploads\/2016\/01\/guardavidas.jpg?resize=525%2C300 1.5x"},"classes":[]},{"id":36800,"url":"https:\/\/www.24baires.com\/?p=36800","url_meta":{"origin":6796,"position":5},"title":"Mar del Plata: guardavidas amenazan con un paro de actividades","author":"GB","date":"13\/12\/2013","format":false,"excerpt":"Los guardavidas pretenden una suba del 21,5 % de aumento. Los empresarios ofrecen 15 %. Se llev\u00f3 adelante en el ministerio de Trabajo de la Naci\u00f3n la paritaria entre el sindicato que nuclea a los guardavidas y miembros de comisi\u00f3n directiva de la C\u00e1mara de Empresarios de Balnearios, Restaurantes y\u2026","rel":"","context":"En \u00abLocales\u00bb","block_context":{"text":"Locales","link":"https:\/\/www.24baires.com\/?cat=38"},"img":{"alt_text":"","src":"","width":0,"height":0},"classes":[]}],"jetpack_sharing_enabled":true,"jetpack_likes_enabled":true,"_links":{"self":[{"href":"https:\/\/www.24baires.com\/index.php?rest_route=\/wp\/v2\/posts\/6796","targetHints":{"allow":["GET"]}}],"collection":[{"href":"https:\/\/www.24baires.com\/index.php?rest_route=\/wp\/v2\/posts"}],"about":[{"href":"https:\/\/www.24baires.com\/index.php?rest_route=\/wp\/v2\/types\/post"}],"author":[{"embeddable":true,"href":"https:\/\/www.24baires.com\/index.php?rest_route=\/wp\/v2\/users\/4"}],"replies":[{"embeddable":true,"href":"https:\/\/www.24baires.com\/index.php?rest_route=%2Fwp%2Fv2%2Fcomments&post=6796"}],"version-history":[{"count":1,"href":"https:\/\/www.24baires.com\/index.php?rest_route=\/wp\/v2\/posts\/6796\/revisions"}],"predecessor-version":[{"id":6798,"href":"https:\/\/www.24baires.com\/index.php?rest_route=\/wp\/v2\/posts\/6796\/revisions\/6798"}],"wp:attachment":[{"href":"https:\/\/www.24baires.com\/index.php?rest_route=%2Fwp%2Fv2%2Fmedia&parent=6796"}],"wp:term":[{"taxonomy":"category","embeddable":true,"href":"https:\/\/www.24baires.com\/index.php?rest_route=%2Fwp%2Fv2%2Fcategories&post=6796"},{"taxonomy":"post_tag","embeddable":true,"href":"https:\/\/www.24baires.com\/index.php?rest_route=%2Fwp%2Fv2%2Ftags&post=6796"}],"curies":[{"name":"wp","href":"https:\/\/api.w.org\/{rel}","templated":true}]}}