{"id":6794,"date":"2012-11-26T11:12:20","date_gmt":"2012-11-26T14:12:20","guid":{"rendered":"http:\/\/www.24baires.com\/?p=6794"},"modified":"2012-11-26T11:12:20","modified_gmt":"2012-11-26T14:12:20","slug":"demoras-en-ruta-2-por-reclamo-de-autonomistas","status":"publish","type":"post","link":"https:\/\/www.24baires.com\/?p=6794","title":{"rendered":"Demoras en ruta 2 por reclamo de autonomistas"},"content":{"rendered":"<p>A la altura de Mar del Plata, vecinos de Quequ\u00e9n, Huanguel\u00e9n, Santa Clara del Mar, Bat\u00e1n y Otamendi reducen la velocidad de los veh\u00edculos y reparten volantes.<!--more--><br \/>\nVecinos de las localidades de Quequ\u00e9n, Huanguel\u00e9n, Santa Clara del Mar, Bat\u00e1n, Otamendi, entre otros lugares reclaman sobre la ruta 2 a la altura de Mar del Plata, la autonom\u00eda municipal, y rechazan la decisi\u00f3n de la Legislatura bonaerense de no avanzar con la sanci\u00f3n de diversos proyectos que apuntan a la creaci\u00f3n de varias comunas, tanto en el Conurbano como en el interior.<\/p>\n<p>El quequense Mat\u00edas Afife manifest\u00f3 a Radio Provincia que \u201cun centenar vamos a manifestarnos en el kil\u00f3metro 383 en Quequ\u00e9n y a la vez se van a acoplar otras localidades que pugna por ser un nuevo municipio\u201d, con otro corte en Mar del Plata por \u201cel no tratamiento de los proyectos de autonom\u00eda, proyectos y reclamos que tienen 60 a\u00f1os y no fueron atendidos\u201d.<\/p>\n<p>En ese sentido, agreg\u00f3 que \u201catr\u00e1s de estas localidades hay necesidades porque son localidades abandonadas y muchas ven su soluci\u00f3n teniendo su presupuesto, eligiendo a su intendente\u201d.<\/p>\n<p>Afife dijo que \u201cen Quequ\u00e9n somos un pueblo de 25mil \u00a0habitantes y tenemos un presupuesto de 600 mil pesos, de los cuales hasta ahora se ejecutaron 220 mil\u201d.<\/p>\n","protected":false},"excerpt":{"rendered":"<p>A la altura de Mar del Plata, vecinos de Quequ\u00e9n, Huanguel\u00e9n, Santa Clara del Mar, Bat\u00e1n y Otamendi reducen la velocidad de los veh\u00edculos y reparten volantes.<\/p>\n","protected":false},"author":4,"featured_media":0,"comment_status":"open","ping_status":"open","sticky":false,"template":"","format":"standard","meta":{"_jetpack_newsletter_access":"","_jetpack_dont_email_post_to_subs":false,"_jetpack_newsletter_tier_id":0,"_jetpack_memberships_contains_paywalled_content":false,"_jetpack_memberships_contains_paid_content":false,"footnotes":""},"categories":[44],"tags":[],"class_list":["post-6794","post","type-post","status-publish","format-standard","hentry","category-municipios"],"jetpack_featured_media_url":"","jetpack_shortlink":"https:\/\/wp.me\/p2JWE0-1LA","jetpack-related-posts":[{"id":9903,"url":"https:\/\/www.24baires.com\/?p=9903","url_meta":{"origin":6794,"position":0},"title":"Masiva marcha por pedidos de autonom\u00eda a la Legislatura bonaerense","author":"Grupo Sierra","date":"20\/12\/2012","format":false,"excerpt":"LA PLATA- Vecinos de diferentes localidades que piden ser reconocidas como nuevos municipios se movilizaron hasta la C\u00e1mara de Diputados bonaerense para pedir el tratamiento de la Ley Marco para las autonom\u00edas municipales. Exigen ser recibidos por alguna autoridad y amenazan con endurecer las protestas si no son escuchados. Vecinos\u2026","rel":"","context":"En \u00abProvincia\u00bb","block_context":{"text":"Provincia","link":"https:\/\/www.24baires.com\/?cat=40"},"img":{"alt_text":"autonomia dic 2012 1","src":"https:\/\/i0.wp.com\/www.24baires.com\/wp-content\/uploads\/2012\/12\/autonomia-dic-2012-1.jpg?resize=350%2C200","width":350,"height":200,"srcset":"https:\/\/i0.wp.com\/www.24baires.com\/wp-content\/uploads\/2012\/12\/autonomia-dic-2012-1.jpg?resize=350%2C200 1x, https:\/\/i0.wp.com\/www.24baires.com\/wp-content\/uploads\/2012\/12\/autonomia-dic-2012-1.jpg?resize=525%2C300 1.5x"},"classes":[]},{"id":7815,"url":"https:\/\/www.24baires.com\/?p=7815","url_meta":{"origin":6794,"position":1},"title":"Autonomistas de Quequ\u00e9n advierten: \u201csin autonom\u00eda no hay verano\u201d","author":"AF","date":"04\/12\/2012","format":false,"excerpt":"El resurgimiento de los pedidos de autonom\u00eda, luego de que Lezama lograra transformarse en 2009 en el municipio n\u00famero 135 va en aumento. Vecinos de Quequ\u00e9n esperan tener novedades en la Legislatura antes de que finalice el a\u00f1o y amenazan con endurecer sus reclamos si no son escuchados. El caso\u2026","rel":"","context":"En \u00abSociedad\u00bb","block_context":{"text":"Sociedad","link":"https:\/\/www.24baires.com\/?cat=1"},"img":{"alt_text":"","src":"https:\/\/i0.wp.com\/www.24baires.com\/wp-content\/uploads\/2012\/11\/autonomistas-quequ%C3%A9n.jpg?resize=350%2C200","width":350,"height":200,"srcset":"https:\/\/i0.wp.com\/www.24baires.com\/wp-content\/uploads\/2012\/11\/autonomistas-quequ%C3%A9n.jpg?resize=350%2C200 1x, https:\/\/i0.wp.com\/www.24baires.com\/wp-content\/uploads\/2012\/11\/autonomistas-quequ%C3%A9n.jpg?resize=525%2C300 1.5x"},"classes":[]},{"id":45662,"url":"https:\/\/www.24baires.com\/?p=45662","url_meta":{"origin":6794,"position":2},"title":"Bonaerenses se re\u00fanen en Quequ\u00e9n por el reconocimiento de nuevos municipios","author":"GB","date":"10\/05\/2014","format":false,"excerpt":"Se trata del tercer encuentro por los Pueblos Libres que realizan representantes de Quequ\u00e9n, Santa Clara del Mar, Barker\u2013Villa Cacique, Nicanor Otamendi, Huanguel\u00e9n y Gerli, entre otros. Uno de los temas a tratar es el \u201ccajoneo\u201d de la denominada Ley Marco, que fuera aprobada por el Senado en junio del\u2026","rel":"","context":"En \u00abMunicipios\u00bb","block_context":{"text":"Municipios","link":"https:\/\/www.24baires.com\/?cat=44"},"img":{"alt_text":"quequen","src":"https:\/\/i0.wp.com\/www.24baires.com\/wp-content\/uploads\/2014\/05\/quequen.jpg?resize=350%2C200","width":350,"height":200,"srcset":"https:\/\/i0.wp.com\/www.24baires.com\/wp-content\/uploads\/2014\/05\/quequen.jpg?resize=350%2C200 1x, https:\/\/i0.wp.com\/www.24baires.com\/wp-content\/uploads\/2014\/05\/quequen.jpg?resize=525%2C300 1.5x"},"classes":[]},{"id":10523,"url":"https:\/\/www.24baires.com\/?p=10523","url_meta":{"origin":6794,"position":3},"title":"Autonomistas volver\u00e1n a cortar la autopista 2 para intensificar sus reclamos","author":"AF","date":"27\/12\/2012","format":false,"excerpt":"Los movimientos autonomistas de la provincia de Buenos Aires realizar\u00e1n un corte de ruta el pr\u00f3ximo s\u00e1bado en la ruta 2 a 13 kil\u00f3metros del ingreso a Mar del Plata, a la altura del parque acu\u00e1tico, y prometen realizar manifestaciones a lo largo de todo el verano. La decisi\u00f3n adoptada\u2026","rel":"","context":"En \u00abSociedad\u00bb","block_context":{"text":"Sociedad","link":"https:\/\/www.24baires.com\/?cat=1"},"img":{"alt_text":"","src":"","width":0,"height":0},"classes":[]},{"id":43604,"url":"https:\/\/www.24baires.com\/?p=43604","url_meta":{"origin":6794,"position":4},"title":"Un Encuentro por los Pueblos Libres entre municipios en Mar del Plata","author":"Grupo Sierra","date":"10\/04\/2014","format":false,"excerpt":"Este s\u00e1bado 12 de abril, a partir de las 15 horas, se desarrollar\u00e1 el 1er. Encuentro por los Pueblos Libres, organizado por la Regi\u00f3n \u201cMar y Sierras\u201d con el auspicio de la Asociaci\u00f3n Provincial para el Reconocimiento de Nuevos Municipios, en donde se espera la presencia de m\u00e1s de medio\u2026","rel":"","context":"En \u00abLocales\u00bb","block_context":{"text":"Locales","link":"https:\/\/www.24baires.com\/?cat=38"},"img":{"alt_text":"el tren de los pueblos libres","src":"https:\/\/i0.wp.com\/www.24baires.com\/wp-content\/uploads\/2014\/04\/el-tren-de-los-pueblos-libres.jpg?resize=350%2C200","width":350,"height":200,"srcset":"https:\/\/i0.wp.com\/www.24baires.com\/wp-content\/uploads\/2014\/04\/el-tren-de-los-pueblos-libres.jpg?resize=350%2C200 1x, https:\/\/i0.wp.com\/www.24baires.com\/wp-content\/uploads\/2014\/04\/el-tren-de-los-pueblos-libres.jpg?resize=525%2C300 1.5x"},"classes":[]},{"id":1489,"url":"https:\/\/www.24baires.com\/?p=1489","url_meta":{"origin":6794,"position":5},"title":"Autonomistas de Quequ\u00e9n satisfechos por su reclamo en la Autov\u00eda 2","author":"AF","date":"09\/10\/2012","format":false,"excerpt":"Los autonomistas de Quequ\u00e9n volvieron a publicitar su reclamo para la creaci\u00f3n de un nuevo municipio y los principales receptores del pedido fueron todos los turistas que regresaban ayer de la Costa Atl\u00e1ntica, luego de pasar el fin de semana largo correspondiente al 12 de octubre. El grupo de manifestantes\u2026","rel":"","context":"En \u00abMunicipios\u00bb","block_context":{"text":"Municipios","link":"https:\/\/www.24baires.com\/?cat=44"},"img":{"alt_text":"","src":"https:\/\/i0.wp.com\/www.24baires.com\/wp-content\/uploads\/2012\/10\/autonomistasquequen.jpg?resize=350%2C200","width":350,"height":200},"classes":[]}],"jetpack_sharing_enabled":true,"jetpack_likes_enabled":true,"_links":{"self":[{"href":"https:\/\/www.24baires.com\/index.php?rest_route=\/wp\/v2\/posts\/6794","targetHints":{"allow":["GET"]}}],"collection":[{"href":"https:\/\/www.24baires.com\/index.php?rest_route=\/wp\/v2\/posts"}],"about":[{"href":"https:\/\/www.24baires.com\/index.php?rest_route=\/wp\/v2\/types\/post"}],"author":[{"embeddable":true,"href":"https:\/\/www.24baires.com\/index.php?rest_route=\/wp\/v2\/users\/4"}],"replies":[{"embeddable":true,"href":"https:\/\/www.24baires.com\/index.php?rest_route=%2Fwp%2Fv2%2Fcomments&post=6794"}],"version-history":[{"count":1,"href":"https:\/\/www.24baires.com\/index.php?rest_route=\/wp\/v2\/posts\/6794\/revisions"}],"predecessor-version":[{"id":6795,"href":"https:\/\/www.24baires.com\/index.php?rest_route=\/wp\/v2\/posts\/6794\/revisions\/6795"}],"wp:attachment":[{"href":"https:\/\/www.24baires.com\/index.php?rest_route=%2Fwp%2Fv2%2Fmedia&parent=6794"}],"wp:term":[{"taxonomy":"category","embeddable":true,"href":"https:\/\/www.24baires.com\/index.php?rest_route=%2Fwp%2Fv2%2Fcategories&post=6794"},{"taxonomy":"post_tag","embeddable":true,"href":"https:\/\/www.24baires.com\/index.php?rest_route=%2Fwp%2Fv2%2Ftags&post=6794"}],"curies":[{"name":"wp","href":"https:\/\/api.w.org\/{rel}","templated":true}]}}