{"id":67819,"date":"2015-06-19T13:00:34","date_gmt":"2015-06-19T16:00:34","guid":{"rendered":"http:\/\/www.24baires.com\/?p=67819"},"modified":"2015-06-19T14:03:03","modified_gmt":"2015-06-19T17:03:03","slug":"la-homofobia-mato-a-dos-chicas","status":"publish","type":"post","link":"https:\/\/www.24baires.com\/?p=67819","title":{"rendered":"La homofobia mat\u00f3 a dos chicas"},"content":{"rendered":"<p><img data-recalc-dims=\"1\" loading=\"lazy\" decoding=\"async\" class=\"aligncenter size-full wp-image-67820\" src=\"https:\/\/i0.wp.com\/www.24baires.com\/wp-content\/uploads\/2015\/06\/leonela-g%C3%B3mez.jpg?resize=560%2C372\" alt=\"leonela g\u00f3mez\" width=\"560\" height=\"372\" srcset=\"https:\/\/i0.wp.com\/www.24baires.com\/wp-content\/uploads\/2015\/06\/leonela-g%C3%B3mez.jpg?w=560&amp;ssl=1 560w, https:\/\/i0.wp.com\/www.24baires.com\/wp-content\/uploads\/2015\/06\/leonela-g%C3%B3mez.jpg?resize=300%2C199&amp;ssl=1 300w\" sizes=\"auto, (max-width: 560px) 100vw, 560px\" \/>A veces nos llaman exagerados a los que sostenemos ciertas posturas, donde no admitimos matices ni medias tintas. No porque hagamos un culto obtuso de la intransigencia, sino porque conocemos los riesgos de bajar la guardia. Cuando decimos, por ejemplo, \u201cEl machismo mata\u201d, queremos decir exactamente eso. No es un eufemismo ni una sobreactuaci\u00f3n. Cuando nos oponemos al acoso callejero, entendemos que all\u00ed comienzan infinidad de humillaciones y atropellos hacia las mujeres, no es pose, es conocimiento de causa.\u00a0Es por eso que tambi\u00e9n decimos que la homofobia mata.<!--more--><br \/>\nHace unos d\u00edas desapareci\u00f3 Leonela. Cuando la encontraron, nos enteramos de que se hab\u00eda ahorcado. Leonela se suicid\u00f3, dijo la autopsia, dijeron los medios. Los mismos medios que tuvieron que ser advertidos por el trato que le daban a la noticia, teniendo en cuenta que ella apenas ten\u00eda 12 a\u00f1os. Pero no es as\u00ed. A Leonela la mataron los homof\u00f3bicos, los que no supieron contenerla y eligieron se\u00f1alarla con el dedo. La empujaron a ponerse una soga al cuello los que creen que la sexualidad de las personas debe ser motivo de discusi\u00f3n y opini\u00f3n de los dem\u00e1s. Los que no alcanzan la libertad y no pueden con sus propias vidas y prefieren interceder y obturar las vidas de quienes se asumen con coraje y eligen ser libres.<br \/>\nEste martes, otra vez. Una chica de 16 a\u00f1os de quit\u00f3 la vida \u201ccansada de sufrir la discriminaci\u00f3n y las burlas de sus compa\u00f1eros de escuela por ser lesbiana\u201d y de algunos docentes, agrega el diario Los Andes. \u201cDentro de su familia hab\u00eda aceptaci\u00f3n por su orientaci\u00f3n sexual. Sus hermanas y su mam\u00e1 no ten\u00edan problemas. En la escuela s\u00ed padec\u00eda aislamiento, m\u00e1s del lado de los adultos que de sus pares\u201d, cuentan en ese medio.<br \/>\nEn el caso de Leonela la familia nunca entendi\u00f3 que deb\u00eda contenerla y aceptarla como era, que no ten\u00eda algo pasajero, como un resfr\u00edo, que Leonela era as\u00ed. Siguen sin comprenderlo ahora que ya la enterraron.<br \/>\n\u00bfDe qu\u00e9 repollo moral salen los que se\u00f1alan con el dedo? \u00bfQu\u00e9 autoridad creen que tienen unos sobre otros para decirles c\u00f3mo vivir? \u00bfQu\u00e9 mundo desquiciado es este que hay que pedir permiso a los dem\u00e1s apara amar a quien se quiera?<br \/>\nIgualdad no quiere decir que todos somos iguales. Qu\u00e9 f\u00e1cil ser\u00eda todo si lo fu\u00e9ramos. Somos diferentes por infinidad de caracter\u00edsticas. Igualdad quiere decir que todos y todas debemos tener las mismas oportunidades. De trabajo, de educaci\u00f3n, de calidad de vida. Y de enamorarnos de quienes queramos. Por eso la conquista del Matrimonio Igualitario fue hist\u00f3rica, as\u00ed como la de Identidad de G\u00e9nero.<br \/>\nPerdimos las vidas de dos pibas que no le hac\u00edan mal a nadie, que gustaban de otras pibas. As\u00ed de simple y crudo. Y los que quedan son los da\u00f1inos, los que prefieren descargar en las elecciones de los dem\u00e1s sus propias frustraciones y miedos. Porque no quieren enterarse de la libertad de los otros.<br \/>\nY estos son los casos que los medios difunden, pero permanentemente hay hombres y mujeres, m\u00e1s y menos j\u00f3venes, que deben esconderse de los ignorantes por temor a la discriminaci\u00f3n, al aislamiento. O que deben vivir la exposici\u00f3n absurda y padecer las opiniones de los dem\u00e1s.<br \/>\nPerd\u00f3n, chicas. Perd\u00f3n. Llegamos tarde. Apretamos el nudo que las asfixi\u00f3 con la intolerancia, el odio, la ignorancia. Les cerramos todas las puertas, las dejamos sin salidas, las empujamos al abismo de la desesperaci\u00f3n y la soledad. Qu\u00e9 pena, qu\u00e9 bronca. Qu\u00e9 injusticia.<\/p>\n","protected":false},"excerpt":{"rendered":"<p>A veces nos llaman exagerados a los que sostenemos ciertas posturas, donde no admitimos matices ni medias tintas. No porque hagamos un culto obtuso de la intransigencia, sino porque conocemos los riesgos de bajar la guardia. Cuando decimos, por ejemplo, \u201cEl machismo mata\u201d, queremos decir exactamente eso. No es un eufemismo ni una sobreactuaci\u00f3n. Cuando nos oponemos al acoso callejero, [&#8230;]<\/p>\n","protected":false},"author":4,"featured_media":0,"comment_status":"open","ping_status":"open","sticky":false,"template":"","format":"standard","meta":{"_jetpack_newsletter_access":"","_jetpack_dont_email_post_to_subs":false,"_jetpack_newsletter_tier_id":0,"_jetpack_memberships_contains_paywalled_content":false,"_jetpack_memberships_contains_paid_content":false,"footnotes":""},"categories":[64],"tags":[],"class_list":["post-67819","post","type-post","status-publish","format-standard","hentry","category-opinion"],"jetpack_featured_media_url":"","jetpack_shortlink":"https:\/\/wp.me\/p2JWE0-hDR","jetpack-related-posts":[{"id":46067,"url":"https:\/\/www.24baires.com\/?p=46067","url_meta":{"origin":67819,"position":0},"title":"Mar del Plata: jornada por el D\u00eda Internacional contra la Homofobia y la Transfobia","author":"Grupo Sierra","date":"15\/05\/2014","format":false,"excerpt":"La Defensor\u00eda del Pueblo de General Pueyrred\u00f3n y Amadi realizar\u00e1n actividades para llamar a la reflexi\u00f3n sobre las problem\u00e1ticas de g\u00e9nero actuales. Ambas instituciones invitan a la sencilla ceremonia que se realizar\u00e1 ma\u00f1ana a las 11 en la sede de la Defensor\u00eda, Belgrano 2740, con motivo de la conmemoraci\u00f3n del\u2026","rel":"","context":"En \u00abSociedad\u00bb","block_context":{"text":"Sociedad","link":"https:\/\/www.24baires.com\/?cat=1"},"img":{"alt_text":"marcha_gay101112_10_76457","src":"https:\/\/i0.wp.com\/www.24baires.com\/wp-content\/uploads\/2012\/11\/marcha_gay101112_10_76457.jpg?resize=350%2C200","width":350,"height":200,"srcset":"https:\/\/i0.wp.com\/www.24baires.com\/wp-content\/uploads\/2012\/11\/marcha_gay101112_10_76457.jpg?resize=350%2C200 1x, https:\/\/i0.wp.com\/www.24baires.com\/wp-content\/uploads\/2012\/11\/marcha_gay101112_10_76457.jpg?resize=525%2C300 1.5x"},"classes":[]},{"id":111002,"url":"https:\/\/www.24baires.com\/?p=111002","url_meta":{"origin":67819,"position":1},"title":"La Matanza: un polic\u00eda mat\u00f3 a un menor de 14 a\u00f1os cuando se dirig\u00eda a la escuela","author":"GB","date":"30\/06\/2019","format":false,"excerpt":"La versi\u00f3n del polic\u00eda habla de un intento de robo, pero el menor recibi\u00f3 un disparo en la espalda. La familia, por su parte, cuenta que el chico trabajaba y ese d\u00eda se dirig\u00eda a la escuela. Otro caso de gatillo f\u00e1cil. El pasado jueves, Mat\u00edas Leonel Alderete, de 14\u2026","rel":"","context":"En \u00abPoliciales\u00bb","block_context":{"text":"Policiales","link":"https:\/\/www.24baires.com\/?cat=49"},"img":{"alt_text":"","src":"https:\/\/i0.wp.com\/www.24baires.com\/wp-content\/uploads\/2019\/06\/menos-gatillo-facil.jpg?resize=350%2C200","width":350,"height":200,"srcset":"https:\/\/i0.wp.com\/www.24baires.com\/wp-content\/uploads\/2019\/06\/menos-gatillo-facil.jpg?resize=350%2C200 1x, https:\/\/i0.wp.com\/www.24baires.com\/wp-content\/uploads\/2019\/06\/menos-gatillo-facil.jpg?resize=525%2C300 1.5x"},"classes":[]},{"id":73072,"url":"https:\/\/www.24baires.com\/?p=73072","url_meta":{"origin":67819,"position":2},"title":"Conmoci\u00f3n en el Vaticano por el te\u00f3logo que revel\u00f3 ser gay","author":"AF","date":"03\/10\/2015","format":false,"excerpt":"El polaco Krzysztof Charamsa, de 43 a\u00f1os, oficial de la Congregaci\u00f3n para la Doctrina de la Fe y secretario adjunto de la Comisi\u00f3n Teol\u00f3gica Internacionalvaticana, afirm\u00f3 estar \"dispuesto a pagar las consecuencias\". Fue corrido de su cargo. El te\u00f3logo polaco Krzysztof Charamsa, de 43 a\u00f1os, oficial de la Congregaci\u00f3n para\u2026","rel":"","context":"En \u00abInternacionales\u00bb","block_context":{"text":"Internacionales","link":"https:\/\/www.24baires.com\/?cat=73"},"img":{"alt_text":"charamsa","src":"https:\/\/i0.wp.com\/www.24baires.com\/wp-content\/uploads\/2015\/10\/charamsa.jpg?resize=350%2C200","width":350,"height":200,"srcset":"https:\/\/i0.wp.com\/www.24baires.com\/wp-content\/uploads\/2015\/10\/charamsa.jpg?resize=350%2C200 1x, https:\/\/i0.wp.com\/www.24baires.com\/wp-content\/uploads\/2015\/10\/charamsa.jpg?resize=525%2C300 1.5x"},"classes":[]},{"id":51194,"url":"https:\/\/www.24baires.com\/?p=51194","url_meta":{"origin":67819,"position":3},"title":"Campana: un joven volv\u00eda de su nuevo trabajo, fue baleado y qued\u00f3 cuadripl\u00e9jico","author":"GB","date":"05\/08\/2014","format":false,"excerpt":"El hecho ocurri\u00f3 en Campana, cuando Leonel N\u00fa\u00f1ez, de 18 a\u00f1os, intent\u00f3 evitar que le robaran su moto. \"Le tiraron a quemarropa\", cont\u00f3 el padre. Leonel N\u00fa\u00f1ez baj\u00f3 de su moto el viernes al mediod\u00eda y olvid\u00f3 sacar las llaves. Estaba apurado por contarle a la madre que hab\u00eda conseguido\u2026","rel":"","context":"En \u00abPoliciales\u00bb","block_context":{"text":"Policiales","link":"https:\/\/www.24baires.com\/?cat=49"},"img":{"alt_text":"leonel nu\u00f1ez","src":"https:\/\/i0.wp.com\/www.24baires.com\/wp-content\/uploads\/2014\/08\/leonel-nu%C3%B1ez.jpg?resize=350%2C200","width":350,"height":200,"srcset":"https:\/\/i0.wp.com\/www.24baires.com\/wp-content\/uploads\/2014\/08\/leonel-nu%C3%B1ez.jpg?resize=350%2C200 1x, https:\/\/i0.wp.com\/www.24baires.com\/wp-content\/uploads\/2014\/08\/leonel-nu%C3%B1ez.jpg?resize=525%2C300 1.5x"},"classes":[]},{"id":122845,"url":"https:\/\/www.24baires.com\/?p=122845","url_meta":{"origin":67819,"position":4},"title":"La mortalidad infantil aument\u00f3 por primera vez en dos d\u00e9cadas","author":"GB","date":"02\/02\/2026","format":false,"excerpt":"Un informe de la Fundaci\u00f3n Soberan\u00eda Sanitaria vincul\u00f3 el incremento registrado en 2024 al desfinanciamiento del sistema de salud y al impacto de las pol\u00edticas implementadas por el Gobierno nacional. La tasa de mortalidad infantil aument\u00f3 en Argentina durante el 2024, primer a\u00f1o de gobierno de Javier Milei, y rompi\u00f3\u2026","rel":"","context":"En \u00abSociedad\u00bb","block_context":{"text":"Sociedad","link":"https:\/\/www.24baires.com\/?cat=1"},"img":{"alt_text":"","src":"https:\/\/i0.wp.com\/www.24baires.com\/wp-content\/uploads\/2026\/02\/recion-naido.webp?resize=350%2C200","width":350,"height":200,"srcset":"https:\/\/i0.wp.com\/www.24baires.com\/wp-content\/uploads\/2026\/02\/recion-naido.webp?resize=350%2C200 1x, https:\/\/i0.wp.com\/www.24baires.com\/wp-content\/uploads\/2026\/02\/recion-naido.webp?resize=525%2C300 1.5x, https:\/\/i0.wp.com\/www.24baires.com\/wp-content\/uploads\/2026\/02\/recion-naido.webp?resize=700%2C400 2x"},"classes":[]},{"id":105606,"url":"https:\/\/www.24baires.com\/?p=105606","url_meta":{"origin":67819,"position":5},"title":"Le dictaron la prisi\u00f3n preventiva al t\u00edo de Sheila","author":"GB","date":"26\/11\/2018","format":false,"excerpt":"Fabi\u00e1n Gonz\u00e1lez Rojas est\u00e1 acusado de \"homicidio doblemente agravante por alevos\u00eda y femicidio\" y continuar\u00e1 detenido por el crimen su sobrina. Su mujer sigue imputada, pero en libertad. El t\u00edo de Sheila, que est\u00e1 detenido desde que se encontr\u00f3 el cuerpo de la nena en un pared\u00f3n al lado de\u2026","rel":"","context":"En \u00abPoliciales\u00bb","block_context":{"text":"Policiales","link":"https:\/\/www.24baires.com\/?cat=49"},"img":{"alt_text":"","src":"https:\/\/i0.wp.com\/www.24baires.com\/wp-content\/uploads\/2018\/11\/tio-sheila.jpg?resize=350%2C200","width":350,"height":200,"srcset":"https:\/\/i0.wp.com\/www.24baires.com\/wp-content\/uploads\/2018\/11\/tio-sheila.jpg?resize=350%2C200 1x, https:\/\/i0.wp.com\/www.24baires.com\/wp-content\/uploads\/2018\/11\/tio-sheila.jpg?resize=525%2C300 1.5x"},"classes":[]}],"jetpack_sharing_enabled":true,"jetpack_likes_enabled":true,"_links":{"self":[{"href":"https:\/\/www.24baires.com\/index.php?rest_route=\/wp\/v2\/posts\/67819","targetHints":{"allow":["GET"]}}],"collection":[{"href":"https:\/\/www.24baires.com\/index.php?rest_route=\/wp\/v2\/posts"}],"about":[{"href":"https:\/\/www.24baires.com\/index.php?rest_route=\/wp\/v2\/types\/post"}],"author":[{"embeddable":true,"href":"https:\/\/www.24baires.com\/index.php?rest_route=\/wp\/v2\/users\/4"}],"replies":[{"embeddable":true,"href":"https:\/\/www.24baires.com\/index.php?rest_route=%2Fwp%2Fv2%2Fcomments&post=67819"}],"version-history":[{"count":2,"href":"https:\/\/www.24baires.com\/index.php?rest_route=\/wp\/v2\/posts\/67819\/revisions"}],"predecessor-version":[{"id":67826,"href":"https:\/\/www.24baires.com\/index.php?rest_route=\/wp\/v2\/posts\/67819\/revisions\/67826"}],"wp:attachment":[{"href":"https:\/\/www.24baires.com\/index.php?rest_route=%2Fwp%2Fv2%2Fmedia&parent=67819"}],"wp:term":[{"taxonomy":"category","embeddable":true,"href":"https:\/\/www.24baires.com\/index.php?rest_route=%2Fwp%2Fv2%2Fcategories&post=67819"},{"taxonomy":"post_tag","embeddable":true,"href":"https:\/\/www.24baires.com\/index.php?rest_route=%2Fwp%2Fv2%2Ftags&post=67819"}],"curies":[{"name":"wp","href":"https:\/\/api.w.org\/{rel}","templated":true}]}}