{"id":6771,"date":"2012-11-25T20:21:35","date_gmt":"2012-11-25T23:21:35","guid":{"rendered":"http:\/\/www.24baires.com\/?p=6771"},"modified":"2012-11-26T18:20:17","modified_gmt":"2012-11-26T21:20:17","slug":"collia-se-cruzo-con-delegados-gremiales-luego-de-los-incidentes-en-el-hospital-fiorito","status":"publish","type":"post","link":"https:\/\/www.24baires.com\/?p=6771","title":{"rendered":"Collia se cruz\u00f3 con delegados gremiales luego de los incidentes en el Hospital Fiorito"},"content":{"rendered":"<p><strong>AVELLANEDA &#8211;<\/strong> El ministro de Salud provincial, Alejandro Collia, \u00a0acudi\u00f3 hoy al nosocomio para \u00abllevar tranquilidad a sus trabajadores\u00bb <a href=\"http:\/\/www.24baires.com\/policiales\/6700-hospital-fiorito-familiares-de-un-accidentado-fallecido-agreden-a-la-guardia-medica\/\" target=\"_blank\">luego de la tensi\u00f3n generada con los familiares de un paciente que falleci\u00f3<\/a> en un accidente de tr\u00e1nsito. La delegada Marit\u00e9 Sosa cuestion\u00f3 al funcionario por tratar de \u201crelativizar un hecho grave\u201d.<!--more--><\/p>\n<p>Las autoridades del Ministerio de Salud bonaerense restablecieron hoy los servicios de guardia en el Hospital Fiorito, tras reforzar la seguridad tanto en el acceso como en la sala de espera, debido a los incidentes registrados en el centro de salud con familiares de uno de los motociclistas que muri\u00f3 al ser atropellado por un auto en Avellaneda.<\/p>\n<p>Las medidas fueron decididas en un encuentro entre el ministro Alejandro Collia, el jefe de la Polic\u00eda Departamental, Carlos Alberto Perillo, y representantes gremiales. Tambi\u00e9n se inform\u00f3 que para prevenir nuevos hechos de violencia, el martes habr\u00e1 un nuevo encuentro en el hospital con la coordinadora del Programa de Prevenci\u00f3n y Asistencia M\u00e9dico Legal en Salud P\u00fablica, Cecilia Pozzo, los jefes de servicio, la direcci\u00f3n del nosocomio y personal de seguridad.<\/p>\n<p>El clima de tensi\u00f3n se gener\u00f3 esta ma\u00f1ana luego del fallecimiento de dos motociclistas que protagonizaron distintos accidentes en Avellaneda y fueron trasladados al Fiorito.<\/p>\n<p>\u00abLa situaci\u00f3n tuvo que ver con la situaci\u00f3n de incertidumbre de las dos familias que estaban interesadas por sus familiares\u00bb, afirm\u00f3 hoy el ministro Collia en una conferencia de prensa al visitar las instalaciones del hospital.<\/p>\n<p>Seg\u00fan el ministro de Salud \u00abno hubo armas, ni m\u00e9dicos imposibilitados de salir como trascendi\u00f3. Hubo amenazas verbales, pero de ninguna manera impidieron el desempe\u00f1o de los m\u00e9dicos dentro de la guardia, por eso es que continuaron con su actividad\u00bb.<\/p>\n<p>Sin embargo, la jefa de guardia del Fiorito, Miriam Cobos, dijo que los m\u00e9dicos debieron \u201catrincherarse\u201d por los hechos de violencia.<\/p>\n<p>\u00abHab\u00edan entrado dos personas en estado cr\u00edtico y un fallecido por distintos accidentes, y cuando los familiares se enteraron empezaron a agredir al personal de la Guardia\u00bb, explic\u00f3 la m\u00e9dica.<\/p>\n<p>En tanto, la delegada sindical del Fiorito, Marit\u00e9 Sosa, cuestion\u00f3 al ministro de Salud bonaerense por tratar de \u201crelativizar un hecho grave que no es el primero ni va a ser el \u00faltimo si no se toman medidas de fondo\u00bb.<\/p>\n<p>\u00abEl hecho existi\u00f3 y lo que existe no se puede ocultar, hay que tratar de solucionarlo\u00bb, se\u00f1al\u00f3 Sosa y luego advirti\u00f3 que \u00absi realmente no se garantiza la seguridad de los trabajadores y de las guardias de los hospitales esto va a seguir sucediendo\u201d.<\/p>\n<p>La delegada detall\u00f3 que los atacantes eran allegados al paciente que \u00ablleg\u00f3 muerto en el segundo accidente\u201d.<\/p>\n<p>\u00abHubo agresiones verbales y amenazas de muerte con armas de fuego y (los m\u00e9dicos) se encierran y se atrincheran en la guardia. Serian 5 m\u00e9dicos que estaban adentro de la guardia\u00bb, explic\u00f3 Sosa.<\/p>\n<p>&nbsp;<\/p>\n<p>&nbsp;<\/p>\n<p>&nbsp;<\/p>\n<p>&nbsp;<\/p>\n<p>&nbsp;<\/p>\n<p>&nbsp;<\/p>\n<p>&nbsp;<\/p>\n<p>&nbsp;<\/p>\n<p>&nbsp;<\/p>\n<p>&nbsp;<\/p>\n<p>&nbsp;<\/p>\n<p>&nbsp;<\/p>\n<p>&nbsp;<\/p>\n<p>&nbsp;<\/p>\n<p>&nbsp;<\/p>\n<p>&nbsp;<\/p>\n<p>&nbsp;<\/p>\n<p>&nbsp;<\/p>\n<p>&nbsp;<\/p>\n<p>&nbsp;<\/p>\n","protected":false},"excerpt":{"rendered":"<p>AVELLANEDA &#8211; El ministro de Salud provincial, Alejandro Collia, \u00a0acudi\u00f3 hoy al nosocomio para \u00abllevar tranquilidad a sus trabajadores\u00bb luego de la tensi\u00f3n generada con los familiares de un paciente que falleci\u00f3 en un accidente de tr\u00e1nsito. La delegada Marit\u00e9 Sosa cuestion\u00f3 al funcionario por tratar de \u201crelativizar un hecho grave\u201d.<\/p>\n","protected":false},"author":11,"featured_media":0,"comment_status":"open","ping_status":"open","sticky":false,"template":"","format":"standard","meta":{"_jetpack_newsletter_access":"","_jetpack_dont_email_post_to_subs":false,"_jetpack_newsletter_tier_id":0,"_jetpack_memberships_contains_paywalled_content":false,"_jetpack_memberships_contains_paid_content":false,"footnotes":""},"categories":[40],"tags":[],"class_list":["post-6771","post","type-post","status-publish","format-standard","hentry","category-provincia"],"jetpack_featured_media_url":"","jetpack_shortlink":"https:\/\/wp.me\/p2JWE0-1Ld","jetpack-related-posts":[{"id":6998,"url":"https:\/\/www.24baires.com\/?p=6998","url_meta":{"origin":6771,"position":0},"title":"Collia: \u00abDise\u00f1amos una agenda de trabajo con el Ministerio de Seguridad\u00bb","author":"AF","date":"27\/11\/2012","format":false,"excerpt":"El Ministro de Salud de la Provincia de Buenos Aires, Alejandro Collia, se\u00f1al\u00f3 adem\u00e1s que \u201cdisponemos del primer registro de violencia en hospitales, que iniciamos a principios de este a\u00f1o\u201d. Tambi\u00e9n, asegur\u00f3 que \u201ctenemos un programa de prevenci\u00f3n y asistencia de hospitales con cuyos directores, para respaldar a los trabajadores\u2026","rel":"","context":"En \u00abSociedad\u00bb","block_context":{"text":"Sociedad","link":"https:\/\/www.24baires.com\/?cat=1"},"img":{"alt_text":"","src":"","width":0,"height":0},"classes":[]},{"id":7096,"url":"https:\/\/www.24baires.com\/?p=7096","url_meta":{"origin":6771,"position":1},"title":"Pondr\u00e1n en marcha un \u201c911\u201d para hospitales e instalar\u00e1n botones antip\u00e1nico","author":"AF","date":"28\/11\/2012","format":false,"excerpt":"Los ministros de Salud, Alejandro Collia, y de Justicia y Seguridad, Ricardo Casal, anunciaron nuevas medidas para fortalecer la seguridad en los hospitales de la Provincia en el marco de una reuni\u00f3n que mantuvieron en la noche del martes con representantes de los gremios de profesionales y no profesionales de\u2026","rel":"","context":"En \u00abSociedad\u00bb","block_context":{"text":"Sociedad","link":"https:\/\/www.24baires.com\/?cat=1"},"img":{"alt_text":"","src":"https:\/\/i0.wp.com\/www.24baires.com\/wp-content\/uploads\/2012\/11\/casal-collia.jpg?resize=350%2C200","width":350,"height":200},"classes":[]},{"id":9875,"url":"https:\/\/www.24baires.com\/?p=9875","url_meta":{"origin":6771,"position":2},"title":"Son diez los hospitales provinciales que ya cuentan con bot\u00f3n antip\u00e1nico","author":"AF","date":"20\/12\/2012","format":false,"excerpt":"Lo usar\u00e1n en las guardias en casos cr\u00edticos de violencia. El personal de salud lo oprime y se activa un alerta en el ministerio de Justicia y Seguridad. De inmediato se env\u00eda un patrullero al lugar del conflicto. A partir de este jueves los m\u00e9dicos y enfermeros de las guardias\u2026","rel":"","context":"En \u00abSociedad\u00bb","block_context":{"text":"Sociedad","link":"https:\/\/www.24baires.com\/?cat=1"},"img":{"alt_text":"","src":"","width":0,"height":0},"classes":[]},{"id":109,"url":"https:\/\/www.24baires.com\/?p=109","url_meta":{"origin":6771,"position":3},"title":"Collia reunido con autoridades del Hospital de Moreno en busca de un acuerdo","author":"Grupo Sierra","date":"18\/09\/2012","format":false,"excerpt":"El ministro de Salud, Alejandro Collia, arrib\u00f3 hoy al hospital Mariano y Luciano de la Vega de la localidad bonaerense de Moreno, donde se reuni\u00f3 con las autoridades para discutir un preacuerdo, luego de los incidentes que se registraron en ese centro de salud. Collia permanec\u00eda reunido con el director\u2026","rel":"","context":"En \u00abProvincia\u00bb","block_context":{"text":"Provincia","link":"https:\/\/www.24baires.com\/?cat=40"},"img":{"alt_text":"","src":"","width":0,"height":0},"classes":[]},{"id":70964,"url":"https:\/\/www.24baires.com\/?p=70964","url_meta":{"origin":6771,"position":4},"title":"Apareci\u00f3 muerta la mujer que hab\u00eda escapado del hospital de Avellaneda","author":"GB","date":"21\/08\/2015","format":false,"excerpt":"J\u00e9sica Garavaglia, la mujer fugada el 3 de agosto pasado del Hospital Fiorito de la localidad bonaerense de Avellaneda mientras esperaba en un habitaci\u00f3n con un cuadro de perdida temporal de la memoria ante un posible diagn\u00f3stico de ACV, \"falleci\u00f3 el mismo d\u00eda que sali\u00f3 del Hospital\", afirm\u00f3 su esposo\u2026","rel":"","context":"En \u00abSociedad\u00bb","block_context":{"text":"Sociedad","link":"https:\/\/www.24baires.com\/?cat=1"},"img":{"alt_text":"","src":"","width":0,"height":0},"classes":[]},{"id":70934,"url":"https:\/\/www.24baires.com\/?p=70934","url_meta":{"origin":6771,"position":5},"title":"Avellaneda: buscan a una mujer que tuvo un ACV y se escap\u00f3 del hospital Fiorito","author":"AF","date":"21\/08\/2015","format":false,"excerpt":"Una mujer que sufri\u00f3 un accidente cerebrovascular se escap\u00f3 hace 20 d\u00edas de ese centro de salud del partido bonaerense de Avellaneda y su marido, que encabeza la b\u00fasqueda, dijo hoy que teme \u201cpor lo que puede estar pasando\u201d ya que el cuadro que sufre le hizo \u201cperder el uso\u2026","rel":"","context":"En \u00abLocales\u00bb","block_context":{"text":"Locales","link":"https:\/\/www.24baires.com\/?cat=38"},"img":{"alt_text":"hospital fiorito avellaneda","src":"https:\/\/i0.wp.com\/www.24baires.com\/wp-content\/uploads\/2015\/08\/hospital-fiorito-avellaneda.jpg?resize=350%2C200","width":350,"height":200,"srcset":"https:\/\/i0.wp.com\/www.24baires.com\/wp-content\/uploads\/2015\/08\/hospital-fiorito-avellaneda.jpg?resize=350%2C200 1x, https:\/\/i0.wp.com\/www.24baires.com\/wp-content\/uploads\/2015\/08\/hospital-fiorito-avellaneda.jpg?resize=525%2C300 1.5x"},"classes":[]}],"jetpack_sharing_enabled":true,"jetpack_likes_enabled":true,"_links":{"self":[{"href":"https:\/\/www.24baires.com\/index.php?rest_route=\/wp\/v2\/posts\/6771","targetHints":{"allow":["GET"]}}],"collection":[{"href":"https:\/\/www.24baires.com\/index.php?rest_route=\/wp\/v2\/posts"}],"about":[{"href":"https:\/\/www.24baires.com\/index.php?rest_route=\/wp\/v2\/types\/post"}],"author":[{"embeddable":true,"href":"https:\/\/www.24baires.com\/index.php?rest_route=\/wp\/v2\/users\/11"}],"replies":[{"embeddable":true,"href":"https:\/\/www.24baires.com\/index.php?rest_route=%2Fwp%2Fv2%2Fcomments&post=6771"}],"version-history":[{"count":3,"href":"https:\/\/www.24baires.com\/index.php?rest_route=\/wp\/v2\/posts\/6771\/revisions"}],"predecessor-version":[{"id":6775,"href":"https:\/\/www.24baires.com\/index.php?rest_route=\/wp\/v2\/posts\/6771\/revisions\/6775"}],"wp:attachment":[{"href":"https:\/\/www.24baires.com\/index.php?rest_route=%2Fwp%2Fv2%2Fmedia&parent=6771"}],"wp:term":[{"taxonomy":"category","embeddable":true,"href":"https:\/\/www.24baires.com\/index.php?rest_route=%2Fwp%2Fv2%2Fcategories&post=6771"},{"taxonomy":"post_tag","embeddable":true,"href":"https:\/\/www.24baires.com\/index.php?rest_route=%2Fwp%2Fv2%2Ftags&post=6771"}],"curies":[{"name":"wp","href":"https:\/\/api.w.org\/{rel}","templated":true}]}}