{"id":6762,"date":"2012-11-25T19:31:43","date_gmt":"2012-11-25T22:31:43","guid":{"rendered":"http:\/\/www.24baires.com\/?p=6762"},"modified":"2012-11-25T19:31:43","modified_gmt":"2012-11-25T22:31:43","slug":"cuartango-confirmo-que-descontaran-los-dias-de-paro-a-los-docentes-y-se-tensa-el-conflicto","status":"publish","type":"post","link":"https:\/\/www.24baires.com\/?p=6762","title":{"rendered":"Cuartango confirm\u00f3 que descontar\u00e1n los d\u00edas de paro a los docentes y se tensa el conflicto"},"content":{"rendered":"<p><img data-recalc-dims=\"1\" loading=\"lazy\" decoding=\"async\" class=\"aligncenter size-full wp-image-6764\" title=\"cuartagno-ministro\" src=\"https:\/\/i0.wp.com\/www.24baires.com\/wp-content\/uploads\/2012\/11\/cuartagno-ministro.jpg?resize=560%2C341\" alt=\"\" width=\"560\" height=\"341\" srcset=\"https:\/\/i0.wp.com\/www.24baires.com\/wp-content\/uploads\/2012\/11\/cuartagno-ministro.jpg?w=560&amp;ssl=1 560w, https:\/\/i0.wp.com\/www.24baires.com\/wp-content\/uploads\/2012\/11\/cuartagno-ministro.jpg?resize=300%2C182&amp;ssl=1 300w\" sizes=\"auto, (max-width: 560px) 100vw, 560px\" \/><\/p>\n<p>El ministro de Trabajo cuestion\u00f3 este domingo a los maestros por haber llevado a cabo dos huelgas de 48 horas \u201ca pocos d\u00edas de terminar las clases\u00bb y dijo que es <strong>\u00abuna pol\u00edtica de Estado descontar los d\u00edas que no se trabaja\u00bb<\/strong>. El Frente Gremial se prepara para apelar ante la Justicia y no descarta nuevas medidas de fuerza.<!--more--><\/p>\n<p>El conflicto docente tendr\u00e1 un nuevo cap\u00edtulo antes de fin de a\u00f1o debido a la decisi\u00f3n de las autoridades provinciales de avanzar con los descuentos de los \u00faltimos paros realizados por el Frente Gremial integrado por SUTEBA, FEB, SADOP, AMET y UDA.<\/p>\n<p>El ministro de Trabajo bonaerense, Oscar Cuartango, confirm\u00f3 este domingo que la Provincia le descontar\u00e1 \u00abel d\u00eda de sueldo correspondiente\u00bb a los docentes que se plegaron a la huelga de 48 horas de la semana pasada.<\/p>\n<p>Cuartango aclar\u00f3 en declaraciones radiales que los maestros \u00abno van a ser pasibles de una sanci\u00f3n\u00bb porque \u00abrespetamos el derecho a huelga\u00bb, pero que es \u00abuna pol\u00edtica de Estado descontar los d\u00edas que no se trabaja\u00bb.<\/p>\n<p>Al igual que el jefe de Gabinete bonaerense, Alberto P\u00e9rez, y la ministra de Educaci\u00f3n, Nora De Luc\u00eda, Cuartango insisti\u00f3 con una supuesta \u201cintencionalidad pol\u00edtica\u201d del conflicto.<\/p>\n<p>\u00abEste es un conflicto que tiene una intencionalidad distinta\u00bb, dijo el ministro y cuestion\u00f3 a los docentes por haber realizado \u00abdos paros de 48 horas a pocos d\u00edas de terminar las clases\u00bb.<\/p>\n<p>En las \u00faltimas horas, el Frente Gremial advirti\u00f3 que recurrir\u00e1n a la Justicia para frenar los descuentos y que podr\u00edan impulsar nuevas medidas de fuerza porque las autoridades bonaerenses no respondieron a ninguno de los reclamos, sobre todo en materia salarial.<\/p>\n<p>\u201cLlama la atenci\u00f3n la celeridad con la que aplican los descuentos. Ser\u00eda bueno que sean tan diligentes para regularizar la falta de pago y los desajustes administrativos\u201d, dijo Mirta Petrocini, titular de la Federaci\u00f3n de Educadores Bonaerenses (FEB), en referencia a los sueldos adeudados de miles de maestros y las irregularidades en la liquidaci\u00f3n a otros educadores.<\/p>\n<p>Por su parte, el secretario general de SUTEBA, Roberto Baradel, adelant\u00f3 que podr\u00edan registrarse m\u00e1s protestas si no se resuelven \u201ctodos los planteos que venimos realizando\u201d y que el conflicto podr\u00eda frenar el inicio del ciclo lectivo 2013.<\/p>\n<p>&nbsp;<\/p>\n<p>&nbsp;<\/p>\n<p>&nbsp;<\/p>\n<p>&nbsp;<\/p>\n<p>&nbsp;<\/p>\n<p>&nbsp;<\/p>\n<p>&nbsp;<\/p>\n<p>&nbsp;<\/p>\n<p>&nbsp;<\/p>\n<p>&nbsp;<\/p>\n<p>&nbsp;<\/p>\n<p>&nbsp;<\/p>\n<p>&nbsp;<\/p>\n<p>&nbsp;<\/p>\n<p>&nbsp;<\/p>\n<p>&nbsp;<\/p>\n<p>&nbsp;<\/p>\n<p>&nbsp;<\/p>\n","protected":false},"excerpt":{"rendered":"<p>El ministro de Trabajo cuestion\u00f3 este domingo a los maestros por haber llevado a cabo dos huelgas de 48 horas \u201ca pocos d\u00edas de terminar las clases\u00bb y dijo que es \u00abuna pol\u00edtica de Estado descontar los d\u00edas que no se trabaja\u00bb. El Frente Gremial se prepara para apelar ante la Justicia y no descarta nuevas medidas de fuerza.<\/p>\n","protected":false},"author":11,"featured_media":0,"comment_status":"open","ping_status":"open","sticky":false,"template":"","format":"standard","meta":{"_jetpack_newsletter_access":"","_jetpack_dont_email_post_to_subs":false,"_jetpack_newsletter_tier_id":0,"_jetpack_memberships_contains_paywalled_content":false,"_jetpack_memberships_contains_paid_content":false,"footnotes":""},"categories":[40],"tags":[],"class_list":["post-6762","post","type-post","status-publish","format-standard","hentry","category-provincia"],"jetpack_featured_media_url":"","jetpack_shortlink":"https:\/\/wp.me\/p2JWE0-1L4","jetpack-related-posts":[{"id":42658,"url":"https:\/\/www.24baires.com\/?p=42658","url_meta":{"origin":6762,"position":0},"title":"Los docentes no levantar\u00e1n el paro","author":"Grupo Sierra","date":"24\/03\/2014","format":false,"excerpt":"El Frente Gremial Docente bonaerense ratific\u00f3 el paro por considerar que la medida cautelar que los obliga a dar clases viola el derecho a huelga. Cuartango afirm\u00f3 que \"quedar\u00e1n fuera de la ley\". El Frente Gremial Docente Bonaerense (FGDB) ratific\u00f3 hoy que no levantar\u00e1 el paro pese al fallo judicial\u2026","rel":"","context":"En \u00abSociedad\u00bb","block_context":{"text":"Sociedad","link":"https:\/\/www.24baires.com\/?cat=1"},"img":{"alt_text":"de luc\u00eda docentes","src":"https:\/\/i0.wp.com\/www.24baires.com\/wp-content\/uploads\/2013\/03\/de-luc%C3%ADa-docentes.jpg?resize=350%2C200","width":350,"height":200,"srcset":"https:\/\/i0.wp.com\/www.24baires.com\/wp-content\/uploads\/2013\/03\/de-luc%C3%ADa-docentes.jpg?resize=350%2C200 1x, https:\/\/i0.wp.com\/www.24baires.com\/wp-content\/uploads\/2013\/03\/de-luc%C3%ADa-docentes.jpg?resize=525%2C300 1.5x"},"classes":[]},{"id":5244,"url":"https:\/\/www.24baires.com\/?p=5244","url_meta":{"origin":6762,"position":1},"title":"Los docentes que no paran se re\u00fanen con De Luc\u00eda","author":"AF","date":"13\/11\/2012","format":false,"excerpt":"Los nucleados en Udocba est\u00e1n de paro por 48 horas, mientras que el resto se re\u00fane con la directora de Educaci\u00f3n bonaerense. El ministro de Trabajo, Oscar Cuartango manifest\u00f3 que \"se sabe de la situaci\u00f3n de la Provincia y no hay posibilidad de un aumento de los sueldos\". En concordancia\u2026","rel":"","context":"En \u00abSociedad\u00bb","block_context":{"text":"Sociedad","link":"https:\/\/www.24baires.com\/?cat=1"},"img":{"alt_text":"","src":"https:\/\/i0.wp.com\/www.24baires.com\/wp-content\/uploads\/2012\/11\/de-luc%C3%ADa-y-docentes-300x196.jpg?resize=350%2C200","width":350,"height":200},"classes":[]},{"id":19142,"url":"https:\/\/www.24baires.com\/?p=19142","url_meta":{"origin":6762,"position":2},"title":"Para Cuartango los docentes \u00abtienen una excesiva crispaci\u00f3n\u00bb","author":"AF","date":"23\/03\/2013","format":false,"excerpt":"El ministro de Trabajo bonaerense, Oscar Cuartango, ratific\u00f3 hoy que la Provincia \"ya formul\u00f3 la mejor oferta\" salarial que puede pagar, al advertir que los gremios del sector \"est\u00e1n en un callej\u00f3n sin salida\". \"Estamos dispuestos a negociar, pero desde una base real\", apunt\u00f3. El ministro de Trabajo bonaerense, Oscar\u2026","rel":"","context":"En \u00abPol\u00edtica\u00bb","block_context":{"text":"Pol\u00edtica","link":"https:\/\/www.24baires.com\/?cat=51"},"img":{"alt_text":"cuartango2","src":"https:\/\/i0.wp.com\/www.24baires.com\/wp-content\/uploads\/2013\/03\/cuartango2-300x224.jpg?resize=350%2C200","width":350,"height":200},"classes":[]},{"id":50978,"url":"https:\/\/www.24baires.com\/?p=50978","url_meta":{"origin":6762,"position":3},"title":"Cuartango dijo que el paro docente \u00abes una decisi\u00f3n exagerada\u00bb","author":"Grupo Sierra","date":"01\/08\/2014","format":false,"excerpt":"As\u00ed lo se\u00f1al\u00f3 el ministro de trabajo bonaerense acerca del paro por 48 horas anunciado por los gremios para el pr\u00f3ximo lunes. \u201cLa decisi\u00f3n de realizar un paro de 48 horas es exagerada, deber\u00edan haber actuado con mayor responsabilidad, ya que son 5 millones de chicos de toda la Provincia\u2026","rel":"","context":"En \u00abPol\u00edtica\u00bb","block_context":{"text":"Pol\u00edtica","link":"https:\/\/www.24baires.com\/?cat=51"},"img":{"alt_text":"cuartagno-ministro","src":"https:\/\/i0.wp.com\/www.24baires.com\/wp-content\/uploads\/2012\/11\/cuartagno-ministro.jpg?resize=350%2C200","width":350,"height":200,"srcset":"https:\/\/i0.wp.com\/www.24baires.com\/wp-content\/uploads\/2012\/11\/cuartagno-ministro.jpg?resize=350%2C200 1x, https:\/\/i0.wp.com\/www.24baires.com\/wp-content\/uploads\/2012\/11\/cuartagno-ministro.jpg?resize=525%2C300 1.5x"},"classes":[]},{"id":24645,"url":"https:\/\/www.24baires.com\/?p=24645","url_meta":{"origin":6762,"position":4},"title":"Cuartango habla de imposiblidad de \u00abmejorar la oferta\u00bb y docentes analizan seguir el paro","author":"Grupo Sierra","date":"29\/05\/2013","format":false,"excerpt":"El ministro de Trabajo bonaerense se refiri\u00f3 al conflicto docente y afirm\u00f3 que \"no hay posibilidad de mejorar la oferta salarial en t\u00e9rminos sustantivos\". Desde la Federaci\u00f3n de Educadores Bonaerenses pidieron que se los vuelva a convocar y evaluaron extender la medida. \u00a0 El ministro de Trabajo bonaerense, Oscar Cuartango,\u2026","rel":"","context":"En \u00abLocales\u00bb","block_context":{"text":"Locales","link":"https:\/\/www.24baires.com\/?cat=38"},"img":{"alt_text":"CUARTAGNO","src":"https:\/\/i0.wp.com\/www.24baires.com\/wp-content\/uploads\/2012\/10\/CUARTAGNO.jpg?resize=350%2C200","width":350,"height":200},"classes":[]},{"id":17893,"url":"https:\/\/www.24baires.com\/?p=17893","url_meta":{"origin":6762,"position":5},"title":"Cuartango: \u00abme voy a sentar a negociar con una pistola en la nuca\u00bb","author":"AF","date":"09\/03\/2013","format":false,"excerpt":"El ministro de Trabajo bonaerense, Oscar Cuartango, asegur\u00f3 este s\u00e1bado que la advertencia de nuevas medidas de fuerza lanzadas por los gremios docentes lo har\u00e1 sentarse con \"una pistola en la nuca\" en la nueva ronda de negociaci\u00f3n salarial convocada para el pr\u00f3ximo lunes. \"Ya han decretado un paro de\u2026","rel":"","context":"En \u00abSociedad\u00bb","block_context":{"text":"Sociedad","link":"https:\/\/www.24baires.com\/?cat=1"},"img":{"alt_text":"","src":"","width":0,"height":0},"classes":[]}],"jetpack_sharing_enabled":true,"jetpack_likes_enabled":true,"_links":{"self":[{"href":"https:\/\/www.24baires.com\/index.php?rest_route=\/wp\/v2\/posts\/6762","targetHints":{"allow":["GET"]}}],"collection":[{"href":"https:\/\/www.24baires.com\/index.php?rest_route=\/wp\/v2\/posts"}],"about":[{"href":"https:\/\/www.24baires.com\/index.php?rest_route=\/wp\/v2\/types\/post"}],"author":[{"embeddable":true,"href":"https:\/\/www.24baires.com\/index.php?rest_route=\/wp\/v2\/users\/11"}],"replies":[{"embeddable":true,"href":"https:\/\/www.24baires.com\/index.php?rest_route=%2Fwp%2Fv2%2Fcomments&post=6762"}],"version-history":[{"count":3,"href":"https:\/\/www.24baires.com\/index.php?rest_route=\/wp\/v2\/posts\/6762\/revisions"}],"predecessor-version":[{"id":6766,"href":"https:\/\/www.24baires.com\/index.php?rest_route=\/wp\/v2\/posts\/6762\/revisions\/6766"}],"wp:attachment":[{"href":"https:\/\/www.24baires.com\/index.php?rest_route=%2Fwp%2Fv2%2Fmedia&parent=6762"}],"wp:term":[{"taxonomy":"category","embeddable":true,"href":"https:\/\/www.24baires.com\/index.php?rest_route=%2Fwp%2Fv2%2Fcategories&post=6762"},{"taxonomy":"post_tag","embeddable":true,"href":"https:\/\/www.24baires.com\/index.php?rest_route=%2Fwp%2Fv2%2Ftags&post=6762"}],"curies":[{"name":"wp","href":"https:\/\/api.w.org\/{rel}","templated":true}]}}