{"id":6753,"date":"2012-11-25T16:43:01","date_gmt":"2012-11-25T19:43:01","guid":{"rendered":"http:\/\/www.24baires.com\/?p=6753"},"modified":"2012-11-25T16:43:01","modified_gmt":"2012-11-25T19:43:01","slug":"lanzaran-un-sistema-de-regalar-aventuras-por-internet","status":"publish","type":"post","link":"https:\/\/www.24baires.com\/?p=6753","title":{"rendered":"Lanzar\u00e1n un sistema de regalar aventuras por internet"},"content":{"rendered":"<p><img data-recalc-dims=\"1\" loading=\"lazy\" decoding=\"async\" class=\"alignleft size-full wp-image-6754\" title=\"special gift\" src=\"https:\/\/i0.wp.com\/www.24baires.com\/wp-content\/uploads\/2012\/11\/special-gift.jpg?resize=300%2C200\" alt=\"\" width=\"300\" height=\"200\" \/>El director de la firma Special Gift, Cristian Cornejo, dijo que \u201chay una nueva manera de regalar\u201d y especific\u00f3 los rubros: gastronom\u00eda, emoci\u00f3n, bienestar y escapadas y popurr\u00ed.<!--more--><\/p>\n<p>&nbsp;<\/p>\n<p>&nbsp;<\/p>\n<p>\u201cHace tiempo se implement\u00f3 en Europa, ahora en Argentina; uno elije un cofre tem\u00e1tico y lo regala, el agasajado recibe un cat\u00e1logo con distintas experiencias, luego llama al prestador y vive la experiencia pagando con la tarjetita que tiene el cofre\u201d.<\/p>\n<p>\u201cEste producto innovador da la posibilidad de elegir\u201d los regalos, mencion\u00f3 en di\u00e1logo con Radio Provincia.<\/p>\n<p>\u201cApostamos a darle una soluci\u00f3n pr\u00e1ctica al comprador y de vivir algo a quien recibe el regalo como cenar, tomar clases de piloto de avi\u00f3n, tirarse en parapente, etc.\u201d, puntualiz\u00f3 finalmente.<\/p>\n<p>&nbsp;<\/p>\n<p>&nbsp;<\/p>\n<p>&nbsp;<\/p>\n<p>&nbsp;<\/p>\n<p>&nbsp;<\/p>\n<p>&nbsp;<\/p>\n<p>&nbsp;<\/p>\n<p>&nbsp;<\/p>\n<p>&nbsp;<\/p>\n","protected":false},"excerpt":{"rendered":"<p>El director de la firma Special Gift, Cristian Cornejo, dijo que \u201chay una nueva manera de regalar\u201d y especific\u00f3 los rubros: gastronom\u00eda, emoci\u00f3n, bienestar y escapadas y popurr\u00ed.<\/p>\n","protected":false},"author":11,"featured_media":0,"comment_status":"open","ping_status":"open","sticky":false,"template":"","format":"standard","meta":{"_jetpack_newsletter_access":"","_jetpack_dont_email_post_to_subs":false,"_jetpack_newsletter_tier_id":0,"_jetpack_memberships_contains_paywalled_content":false,"_jetpack_memberships_contains_paid_content":false,"footnotes":""},"categories":[1],"tags":[],"class_list":["post-6753","post","type-post","status-publish","format-standard","hentry","category-sociedad"],"jetpack_featured_media_url":"","jetpack_shortlink":"https:\/\/wp.me\/p2JWE0-1KV","jetpack-related-posts":[{"id":100033,"url":"https:\/\/www.24baires.com\/?p=100033","url_meta":{"origin":6753,"position":0},"title":"Balcedo ten\u00eda 3,8 millones de d\u00f3lares en cofres bancarios en Montevideo","author":"AF","date":"18\/01\/2018","format":false,"excerpt":"La polic\u00eda uruguaya, Interpol y la Fiscal\u00eda de Maldonado encontraron esa suma en cajas de seguridad pertenecientes al titular del Sindicato de Obreros y Empleados de Minoridad y Educaci\u00f3n (Soeme). Seg\u00fan surgi\u00f3 de la investigaci\u00f3n conjunta entre la polic\u00eda uruguaya, Interpol y la Fiscal\u00eda de Maldonado, cerca de US$ 3.800.000\u2026","rel":"","context":"En \u00abJUDICIALES\u00bb","block_context":{"text":"JUDICIALES","link":"https:\/\/www.24baires.com\/?cat=68"},"img":{"alt_text":"","src":"https:\/\/i0.wp.com\/www.24baires.com\/wp-content\/uploads\/2018\/01\/balcedo-1.jpg?resize=350%2C200","width":350,"height":200,"srcset":"https:\/\/i0.wp.com\/www.24baires.com\/wp-content\/uploads\/2018\/01\/balcedo-1.jpg?resize=350%2C200 1x, https:\/\/i0.wp.com\/www.24baires.com\/wp-content\/uploads\/2018\/01\/balcedo-1.jpg?resize=525%2C300 1.5x"},"classes":[]},{"id":50201,"url":"https:\/\/www.24baires.com\/?p=50201","url_meta":{"origin":6753,"position":1},"title":"Aseguran que se gastan 300 pesos en regalos por el D\u00eda del Amigo","author":"Grupo Sierra","date":"19\/07\/2014","format":false,"excerpt":"Una encuesta informa que los rubros preferidos son la regaler\u00eda, los vinos y licores o las salidas compartidas. Adem\u00e1s, revela que Facebook es la v\u00eda principal por la que se saludar\u00e1 a sus afectos. Seis de cada diez personas est\u00e1n dispuestos a gastar hasta 300 pesos en la compra de\u2026","rel":"","context":"En \u00abSociedad\u00bb","block_context":{"text":"Sociedad","link":"https:\/\/www.24baires.com\/?cat=1"},"img":{"alt_text":"d\u00eda del amigo","src":"https:\/\/i0.wp.com\/www.24baires.com\/wp-content\/uploads\/2014\/07\/d%C3%ADa-del-amigo.jpg?resize=350%2C200","width":350,"height":200,"srcset":"https:\/\/i0.wp.com\/www.24baires.com\/wp-content\/uploads\/2014\/07\/d%C3%ADa-del-amigo.jpg?resize=350%2C200 1x, https:\/\/i0.wp.com\/www.24baires.com\/wp-content\/uploads\/2014\/07\/d%C3%ADa-del-amigo.jpg?resize=525%2C300 1.5x"},"classes":[]},{"id":55991,"url":"https:\/\/www.24baires.com\/?p=55991","url_meta":{"origin":6753,"position":2},"title":"Necochea: harta de los robos, dona su casa para que hagan una comisar\u00eda","author":"AF","date":"25\/10\/2014","format":false,"excerpt":"Una vecina de Necochea ofreci\u00f3 regalar su casa a la municipalidad de ese distrito para que se instale all\u00ed una comisar\u00eda, luego de haber sufrido tres saqueos en la vivienda en lo que va del a\u00f1o. La \u201coferta\u201d la hizo a trav\u00e9s de las redes sociales, en donde explic\u00f3 que\u2026","rel":"","context":"En \u00abLocales\u00bb","block_context":{"text":"Locales","link":"https:\/\/www.24baires.com\/?cat=38"},"img":{"alt_text":"","src":"","width":0,"height":0},"classes":[]},{"id":82254,"url":"https:\/\/www.24baires.com\/?p=82254","url_meta":{"origin":6753,"position":3},"title":"Moyano: \u00abHablamos desde lo que fue vivir y sufrir las crisis\u00bb","author":"AF","date":"04\/05\/2016","format":false,"excerpt":"El titular de la CGT Azopardo, Hugo Moyano, le respondi\u00f3 al Presidente, quien se hab\u00eda preguntado si los cuestionamientos sindicales por la baja de retenciones a distintos sectores de la econom\u00eda proven\u00edan \"de la ignorancia o la mala fe\". \"Me trat\u00f3 de ignorante, de alguna manera creo que el grado\u2026","rel":"","context":"En \u00abPol\u00edtica\u00bb","block_context":{"text":"Pol\u00edtica","link":"https:\/\/www.24baires.com\/?cat=51"},"img":{"alt_text":"barrionuevo moyano cal\u00f3","src":"https:\/\/i0.wp.com\/www.24baires.com\/wp-content\/uploads\/2016\/04\/barrionuevo-moyano-cal%C3%B3.jpg?resize=350%2C200","width":350,"height":200,"srcset":"https:\/\/i0.wp.com\/www.24baires.com\/wp-content\/uploads\/2016\/04\/barrionuevo-moyano-cal%C3%B3.jpg?resize=350%2C200 1x, https:\/\/i0.wp.com\/www.24baires.com\/wp-content\/uploads\/2016\/04\/barrionuevo-moyano-cal%C3%B3.jpg?resize=525%2C300 1.5x"},"classes":[]},{"id":11473,"url":"https:\/\/www.24baires.com\/?p=11473","url_meta":{"origin":6753,"position":4},"title":"Los Reyes Magos tambi\u00e9n recorrieron La Matanza","author":"Grupo Sierra","date":"07\/01\/2013","format":false,"excerpt":"Durante el fin de semana Melchor, Gaspar y Baltasar visitaron el Hospital de Ni\u00f1os de San Justo y los Materno Infantil Germani de Laferrere y Equiza de Gonz\u00e1lez Cat\u00e1n y estuvieron en la Plaza de San Justo con el Intendente Fernando Espinoza donde entregaron juguetes a los chicos. La entrega\u2026","rel":"","context":"En \u00abLocales\u00bb","block_context":{"text":"Locales","link":"https:\/\/www.24baires.com\/?cat=38"},"img":{"alt_text":"Reyes3 MTZAchica","src":"https:\/\/i0.wp.com\/www.24baires.com\/wp-content\/uploads\/2013\/01\/Reyes3-MTZAchica.jpg?resize=350%2C200","width":350,"height":200,"srcset":"https:\/\/i0.wp.com\/www.24baires.com\/wp-content\/uploads\/2013\/01\/Reyes3-MTZAchica.jpg?resize=350%2C200 1x, https:\/\/i0.wp.com\/www.24baires.com\/wp-content\/uploads\/2013\/01\/Reyes3-MTZAchica.jpg?resize=525%2C300 1.5x"},"classes":[]},{"id":87460,"url":"https:\/\/www.24baires.com\/?p=87460","url_meta":{"origin":6753,"position":5},"title":"Verdurazo: regalar\u00e1n 20 toneladas de verduras en Plaza de Mayo","author":"GB","date":"12\/09\/2016","format":false,"excerpt":"El mi\u00e9rcoles habr\u00e1 un \"verdurazo\" frente a Casa Rosada, donde la Uni\u00f3n de Trabajadores de la Tierra entregar\u00e1n 20 mil kilos de alimentos en el marco de la presentaci\u00f3n de un proyecto de ley para favorecer el acceso a tierras para peque\u00f1os productores. Tr\u00e1s el \u00e9xito del \"frutazo\" donde productores\u2026","rel":"","context":"En \u00abConsumidores\u00bb","block_context":{"text":"Consumidores","link":"https:\/\/www.24baires.com\/?cat=78"},"img":{"alt_text":"verdurazo","src":"https:\/\/i0.wp.com\/www.24baires.com\/wp-content\/uploads\/2016\/09\/verdurazo.jpg?resize=350%2C200","width":350,"height":200,"srcset":"https:\/\/i0.wp.com\/www.24baires.com\/wp-content\/uploads\/2016\/09\/verdurazo.jpg?resize=350%2C200 1x, https:\/\/i0.wp.com\/www.24baires.com\/wp-content\/uploads\/2016\/09\/verdurazo.jpg?resize=525%2C300 1.5x"},"classes":[]}],"jetpack_sharing_enabled":true,"jetpack_likes_enabled":true,"_links":{"self":[{"href":"https:\/\/www.24baires.com\/index.php?rest_route=\/wp\/v2\/posts\/6753","targetHints":{"allow":["GET"]}}],"collection":[{"href":"https:\/\/www.24baires.com\/index.php?rest_route=\/wp\/v2\/posts"}],"about":[{"href":"https:\/\/www.24baires.com\/index.php?rest_route=\/wp\/v2\/types\/post"}],"author":[{"embeddable":true,"href":"https:\/\/www.24baires.com\/index.php?rest_route=\/wp\/v2\/users\/11"}],"replies":[{"embeddable":true,"href":"https:\/\/www.24baires.com\/index.php?rest_route=%2Fwp%2Fv2%2Fcomments&post=6753"}],"version-history":[{"count":3,"href":"https:\/\/www.24baires.com\/index.php?rest_route=\/wp\/v2\/posts\/6753\/revisions"}],"predecessor-version":[{"id":6757,"href":"https:\/\/www.24baires.com\/index.php?rest_route=\/wp\/v2\/posts\/6753\/revisions\/6757"}],"wp:attachment":[{"href":"https:\/\/www.24baires.com\/index.php?rest_route=%2Fwp%2Fv2%2Fmedia&parent=6753"}],"wp:term":[{"taxonomy":"category","embeddable":true,"href":"https:\/\/www.24baires.com\/index.php?rest_route=%2Fwp%2Fv2%2Fcategories&post=6753"},{"taxonomy":"post_tag","embeddable":true,"href":"https:\/\/www.24baires.com\/index.php?rest_route=%2Fwp%2Fv2%2Ftags&post=6753"}],"curies":[{"name":"wp","href":"https:\/\/api.w.org\/{rel}","templated":true}]}}