{"id":6751,"date":"2012-11-25T16:30:29","date_gmt":"2012-11-25T19:30:29","guid":{"rendered":"http:\/\/www.24baires.com\/?p=6751"},"modified":"2012-11-26T12:12:05","modified_gmt":"2012-11-26T15:12:05","slug":"tambien-aplicarian-un-impuesto-al-combustible-en-la-provincia","status":"publish","type":"post","link":"https:\/\/www.24baires.com\/?p=6751","title":{"rendered":"Tambi\u00e9n aplicar\u00edan un impuesto al combustible en la Provincia"},"content":{"rendered":"<p>El ministro de Infraestructura de la Provincia, Alejandro Arl\u00eda, inform\u00f3 que ser\u00eda dentro del Plan de Mejoramiento Integral de Rutas Provinciales y rondar\u00eda los 10 centavos por litro.<!--more--><\/p>\n<p>El funcionario provincial dijo por Radio Provincia que se pretende una afectaci\u00f3n de un cargo fijo al consumo de combustible para el mejoramiento de la red vial<\/p>\n<p>Indic\u00f3 que en un total de consumo de aproximadamente 600 millones de litros por mes, \u201cser\u00eda una peque\u00f1a carga fija de 10 centavos por litro, lo cual puede significar un buen impulso\u201d. \u201cEstamos empezando a analizar de aplicar 10 centavos por litro, pero queremos que no impacte demasiado en la producci\u00f3n\u201d.<\/p>\n<p>Asimismo, fundament\u00f3 la medida en el uso intensivo de las rutas por el transporte de carga, mayor cantidad de veh\u00edculos, y los desastres clim\u00e1ticos de los \u00faltimos tiempos.<\/p>\n<p>\u201cDebemos dar una salida de mayor seguridad para los usuarios y eso hay que pagarlo. Para hacer frente a una red de 10853 kil\u00f3metros, como tiene la provincia, son muchos los recursos que se necesitan\u201d, destac\u00f3.<\/p>\n<p>Por otra parte, mencion\u00f3 la obra de reparaci\u00f3n que se lleva a cabo en el puente del kil\u00f3metro 177 de la Ruta 2: \u201call\u00ed se descalz\u00f3 producto de la crecida del R\u00edo Salado, y hoy est\u00e1 la circulaci\u00f3n reducida por lo cual pedimos disculpas a los usuarios\u201d.<\/p>\n<p>En definitiva, aclar\u00f3 que el impuesto afectar\u00e1 a quienes \u201cm\u00e1s utilizan las rutas, por el consumo, y as\u00ed generarles mayor confort y seguridad\u201d.<\/p>\n<p>&nbsp;<\/p>\n<p>&nbsp;<\/p>\n<p>&nbsp;<\/p>\n<p>&nbsp;<\/p>\n","protected":false},"excerpt":{"rendered":"<p>El ministro de Infraestructura de la Provincia, Alejandro Arl\u00eda, inform\u00f3 que ser\u00eda dentro del Plan de Mejoramiento Integral de Rutas Provinciales y rondar\u00eda los 10 centavos por litro.<\/p>\n","protected":false},"author":11,"featured_media":0,"comment_status":"open","ping_status":"open","sticky":false,"template":"","format":"standard","meta":{"_jetpack_newsletter_access":"","_jetpack_dont_email_post_to_subs":false,"_jetpack_newsletter_tier_id":0,"_jetpack_memberships_contains_paywalled_content":false,"_jetpack_memberships_contains_paid_content":false,"footnotes":""},"categories":[40],"tags":[],"class_list":["post-6751","post","type-post","status-publish","format-standard","hentry","category-provincia"],"jetpack_featured_media_url":"","jetpack_shortlink":"https:\/\/wp.me\/p2JWE0-1KT","jetpack-related-posts":[{"id":16383,"url":"https:\/\/www.24baires.com\/?p=16383","url_meta":{"origin":6751,"position":0},"title":"En la zona norte del Conurbano, cada litro de nafta va con $0,10 de impuesto","author":"AF","date":"22\/02\/2013","format":false,"excerpt":"Los municipios de Vicente L\u00f3pez, San Fernando y San Miguel aplican un recargo de 10 centavos al precio del litro de nafta y gasoil, por respectivas ordenanzas. Los municipios de Vicente L\u00f3pez, San Fernando y San Miguel ya aplican un recargo de 10 centavos al precio del litro de nafta\u2026","rel":"","context":"En \u00abEconom\u00eda\u00bb","block_context":{"text":"Econom\u00eda","link":"https:\/\/www.24baires.com\/?cat=45"},"img":{"alt_text":"surtidor nafta","src":"https:\/\/i0.wp.com\/www.24baires.com\/wp-content\/uploads\/2013\/02\/surtidor-nafta.jpg?resize=350%2C200","width":350,"height":200,"srcset":"https:\/\/i0.wp.com\/www.24baires.com\/wp-content\/uploads\/2013\/02\/surtidor-nafta.jpg?resize=350%2C200 1x, https:\/\/i0.wp.com\/www.24baires.com\/wp-content\/uploads\/2013\/02\/surtidor-nafta.jpg?resize=525%2C300 1.5x"},"classes":[]},{"id":7008,"url":"https:\/\/www.24baires.com\/?p=7008","url_meta":{"origin":6751,"position":1},"title":"Tir\u00f3n de orejas para Arl\u00eda y su propuesta para subir los combustibles","author":"Grupo Sierra","date":"27\/11\/2012","format":false,"excerpt":"El ministro de Infraestructura bonaerense no pudo avanzar con su proyecto para crear un impuesto a los combustibles con el cual la provincia pretend\u00eda recaudar dinero extra para financiar obras de mantenimiento de rutas. En conferencia de prensa anunci\u00f3 que \u201cse estudian otras alternativas\u201d. El gobierno nacional hab\u00eda anunciado que\u2026","rel":"","context":"En \u00abProvincia\u00bb","block_context":{"text":"Provincia","link":"https:\/\/www.24baires.com\/?cat=40"},"img":{"alt_text":"","src":"","width":0,"height":0},"classes":[]},{"id":51522,"url":"https:\/\/www.24baires.com\/?p=51522","url_meta":{"origin":6751,"position":2},"title":"El sciolismo reclam\u00f3 que los intendentes del FR dejen sin efecto el impuesto a los combustibles","author":"GB","date":"10\/08\/2014","format":false,"excerpt":"El ministro de la Producci\u00f3n bonaerense, Cristian Breitenstein, sostuvo que \u201clas ciudades gobernadas por jefes comunales que responden al Frente Renovador cobran una \u2018tasa vial\u2019 a la nafta que implica 40 centavos extra por litro de nafta premium, 30 en s\u00faper, 20 en gasoil y 15 centavos en GNC\u201d. Dijo\u2026","rel":"","context":"En \u00abProvincia\u00bb","block_context":{"text":"Provincia","link":"https:\/\/www.24baires.com\/?cat=40"},"img":{"alt_text":"","src":"","width":0,"height":0},"classes":[]},{"id":52264,"url":"https:\/\/www.24baires.com\/?p=52264","url_meta":{"origin":6751,"position":3},"title":"Contin\u00faa la pol\u00e9mica por el impuesto a la nafta en municipios massistas","author":"AF","date":"22\/08\/2014","format":false,"excerpt":"El gobierno bonaerense sali\u00f3 ayer a cuestionar a las comunas gobernadas por el massismo que cobran una tasa a los combustibles que deben pagar los usuarios cada vez que cargan nafta. Y reclam\u00f3 que dejen sin efecto esa contribuci\u00f3n. El que se puso al frente del planteo fue el propio\u2026","rel":"","context":"En \u00abLocales\u00bb","block_context":{"text":"Locales","link":"https:\/\/www.24baires.com\/?cat=38"},"img":{"alt_text":"surtidor nafta","src":"https:\/\/i0.wp.com\/www.24baires.com\/wp-content\/uploads\/2013\/02\/surtidor-nafta.jpg?resize=350%2C200","width":350,"height":200,"srcset":"https:\/\/i0.wp.com\/www.24baires.com\/wp-content\/uploads\/2013\/02\/surtidor-nafta.jpg?resize=350%2C200 1x, https:\/\/i0.wp.com\/www.24baires.com\/wp-content\/uploads\/2013\/02\/surtidor-nafta.jpg?resize=525%2C300 1.5x"},"classes":[]},{"id":93281,"url":"https:\/\/www.24baires.com\/?p=93281","url_meta":{"origin":6751,"position":4},"title":"Estaciones de servicio analizan cobrar un plus por cada litro de combustible","author":"GB","date":"23\/03\/2017","format":false,"excerpt":"Desde Confederaci\u00f3n de Entidades del Comercio de Hidrocarburos y Afines aseguraron que la situaci\u00f3n del sector atraviesa una \u201cgrave crisis de rentabilidad\u201d. A mediados de abril estudiar\u00e1n si finalmente lo aplican. Carlos Gold, titular de Confederaci\u00f3n de Entidades del Comercio de Hidrocarburos y Afines, se mostr\u00f3 preocupado por el panorama\u2026","rel":"","context":"En \u00abConsumidores\u00bb","block_context":{"text":"Consumidores","link":"https:\/\/www.24baires.com\/?cat=78"},"img":{"alt_text":"","src":"https:\/\/i0.wp.com\/www.24baires.com\/wp-content\/uploads\/2014\/03\/naftas-surtidores-300x180.jpg?resize=350%2C200","width":350,"height":200},"classes":[]},{"id":11528,"url":"https:\/\/www.24baires.com\/?p=11528","url_meta":{"origin":6751,"position":5},"title":"Propietarios de estaciones de servicio presentar\u00e1n medida judicial","author":"AF","date":"08\/01\/2013","format":false,"excerpt":"Es por la iniciativa de algunos intendentes del Gran Buenos Aires que insisten en incrementar 0,10 centavos el litro de combustible para destinarlo a obras p\u00fablicas, especialmente a la reparaci\u00f3n de rutas y autov\u00edas. En tanto, Radio La Plata dialog\u00f3 con el Titular de la Federaci\u00f3n de Entidades de Combustible\u2026","rel":"","context":"En \u00abEconom\u00eda\u00bb","block_context":{"text":"Econom\u00eda","link":"https:\/\/www.24baires.com\/?cat=45"},"img":{"alt_text":"surtidor","src":"https:\/\/i0.wp.com\/www.24baires.com\/wp-content\/uploads\/2013\/01\/surtidor1.jpg?resize=350%2C200","width":350,"height":200,"srcset":"https:\/\/i0.wp.com\/www.24baires.com\/wp-content\/uploads\/2013\/01\/surtidor1.jpg?resize=350%2C200 1x, https:\/\/i0.wp.com\/www.24baires.com\/wp-content\/uploads\/2013\/01\/surtidor1.jpg?resize=525%2C300 1.5x"},"classes":[]}],"jetpack_sharing_enabled":true,"jetpack_likes_enabled":true,"_links":{"self":[{"href":"https:\/\/www.24baires.com\/index.php?rest_route=\/wp\/v2\/posts\/6751","targetHints":{"allow":["GET"]}}],"collection":[{"href":"https:\/\/www.24baires.com\/index.php?rest_route=\/wp\/v2\/posts"}],"about":[{"href":"https:\/\/www.24baires.com\/index.php?rest_route=\/wp\/v2\/types\/post"}],"author":[{"embeddable":true,"href":"https:\/\/www.24baires.com\/index.php?rest_route=\/wp\/v2\/users\/11"}],"replies":[{"embeddable":true,"href":"https:\/\/www.24baires.com\/index.php?rest_route=%2Fwp%2Fv2%2Fcomments&post=6751"}],"version-history":[{"count":3,"href":"https:\/\/www.24baires.com\/index.php?rest_route=\/wp\/v2\/posts\/6751\/revisions"}],"predecessor-version":[{"id":6815,"href":"https:\/\/www.24baires.com\/index.php?rest_route=\/wp\/v2\/posts\/6751\/revisions\/6815"}],"wp:attachment":[{"href":"https:\/\/www.24baires.com\/index.php?rest_route=%2Fwp%2Fv2%2Fmedia&parent=6751"}],"wp:term":[{"taxonomy":"category","embeddable":true,"href":"https:\/\/www.24baires.com\/index.php?rest_route=%2Fwp%2Fv2%2Fcategories&post=6751"},{"taxonomy":"post_tag","embeddable":true,"href":"https:\/\/www.24baires.com\/index.php?rest_route=%2Fwp%2Fv2%2Ftags&post=6751"}],"curies":[{"name":"wp","href":"https:\/\/api.w.org\/{rel}","templated":true}]}}