{"id":67453,"date":"2015-06-12T13:00:34","date_gmt":"2015-06-12T16:00:34","guid":{"rendered":"http:\/\/www.24baires.com\/?p=67453"},"modified":"2015-06-12T12:45:42","modified_gmt":"2015-06-12T15:45:42","slug":"massa-no-se-baja-nada-nada-nada","status":"publish","type":"post","link":"https:\/\/www.24baires.com\/?p=67453","title":{"rendered":"Massa no se baja nada, nada, nada"},"content":{"rendered":"<p><img data-recalc-dims=\"1\" loading=\"lazy\" decoding=\"async\" class=\"aligncenter size-full wp-image-67454\" src=\"https:\/\/i0.wp.com\/www.24baires.com\/wp-content\/uploads\/2015\/06\/sergio-massa.jpg?resize=560%2C199\" alt=\"sergio massa\" width=\"560\" height=\"199\" srcset=\"https:\/\/i0.wp.com\/www.24baires.com\/wp-content\/uploads\/2015\/06\/sergio-massa.jpg?w=560&amp;ssl=1 560w, https:\/\/i0.wp.com\/www.24baires.com\/wp-content\/uploads\/2015\/06\/sergio-massa.jpg?resize=300%2C107&amp;ssl=1 300w\" sizes=\"auto, (max-width: 560px) 100vw, 560px\" \/>De la euforia triunfalista a la soledad que da pena. Una soledad excluyente, que en pol\u00edtica es tan nociva como un video comprometedor. As\u00ed est\u00e1 Sergio Massa ahora, abrazado a su esposa y posible candidata a algo, Malena Galmarini. Alejado de las sonrisas que auguraban el poder total, refugiado en un pu\u00f1ado de dirigentes perseverantes, que quiz\u00e1 no se van porque no tienen d\u00f3nde ir. O, tambi\u00e9n es posible, eligen quedarse junto al l\u00edder vilipendiado y afrontar juntos lo que, ya saben, no va a ser la elecci\u00f3n que ellos cre\u00edan hace apenas unos meses.<!--more--><br \/>\nY Massa es joven, al menos eso expres\u00f3 \u00e9l en conferencia de prensa o, mejor dicho, en la exposici\u00f3n oral que realiz\u00f3 ante los medios ayer. Dice que tiene futuro. En un tierno intento por autoconvencerse de que aun las puertas del fracaso estrepitoso est\u00e1n a algunas baldosas de distancia, de que todav\u00eda no cay\u00f3 con estr\u00e9pito, explot\u00f3 y est\u00e1 desparramado por mil partes.<br \/>\nPero la foto es otra, porque la realidad es otra. Sergio Massa no fue el f\u00e9rreo pol\u00edtico que no quiso mezclarse con otros sectores de cara a las pr\u00f3ximas PASO, para pelearle al kirchnerismo el sill\u00f3n de Rivadavia. No. Sergio Massa fue un mendigo al que no le gust\u00f3 el mendrugo de pan que le ofrec\u00eda el PRO.<br \/>\nY Mauricio Macri no estaba dispuesto a rescatarlo del naufragio donde ese barco recauchutado que siempre fue el Frente Renovador cada d\u00eda se hunde un poco m\u00e1s. Sus planes (y los de su equipo, claro) no incluyen incorporar en la Provincia de Buenos Aires a alguien que pueda tener m\u00e1s aspiraciones que Mar\u00eda Eugenia Vidal, a alguien que pueda reposicionarse. A alguien joven, con futuro y sin ning\u00fan reparo en el tipo de alianzas que pueda pergeniar. A Macri no le serv\u00eda Massa bien parado, salvado.<br \/>\nPens\u00e9moslo as\u00ed: Macri le ofrec\u00eda a Massa la candidatura a Gobernador con Vidal como vice, alguien del ri\u00f1\u00f3n PRO. \u00bfY si Macri pierde las presidenciales y Massa gana? Esa cuenta tiene que haberse hecho y arrojado resultados muy negativos para el ex presidente de Boca. Porque de seguro prefiere perder la provincia m\u00e1s importante del pa\u00eds a tener que negociar mano a mano con Massa, verlo construir su poder en detrimento del suyo, convertirse en una amenaza latente reverdecida gracias a \u00e9l.<br \/>\nPorque debemos tener claro que el tipo de pol\u00edtica que hacen ellos es as\u00ed. No hay proyecto, no hay un impulso militate que empuje candidaturas, no hay una construcci\u00f3n colectiva donde las ideas y las acciones se mezclen para lograr una estructura que ponga al mejor representante al frente. No, ni a patadas voladoras. Lo del FR y el PRO es fue y ser\u00e1 marketing, juego de ajedrez de los Dur\u00e1n Barba. Afeitarse el bigote, abrazar viejecitas poniendo cara compungida.<br \/>\nY ese es el juego que lo deja a Massa afuera de todo: el propio, el mismo. Lo coloca en la solitaria empresa de ir a batallar como candidato presidencial donde sabe que perder\u00e1, donde est\u00e1 clara la futura polarizaci\u00f3n entre el Frente para la Victoria y Macri. Y Massa deber\u00e1 contar moneditas en la puerta de todo eso, como har\u00e1 Margarita. Y mientras tanto, ahora mismo, el massista de ayer, hoy se va volviendo un ex.<\/p>\n","protected":false},"excerpt":{"rendered":"<p>De la euforia triunfalista a la soledad que da pena. Una soledad excluyente, que en pol\u00edtica es tan nociva como un video comprometedor. As\u00ed est\u00e1 Sergio Massa ahora, abrazado a su esposa y posible candidata a algo, Malena Galmarini. Alejado de las sonrisas que auguraban el poder total, refugiado en un pu\u00f1ado de dirigentes perseverantes, que quiz\u00e1 no se van [&#8230;]<\/p>\n","protected":false},"author":4,"featured_media":0,"comment_status":"open","ping_status":"open","sticky":false,"template":"","format":"standard","meta":{"_jetpack_newsletter_access":"","_jetpack_dont_email_post_to_subs":false,"_jetpack_newsletter_tier_id":0,"_jetpack_memberships_contains_paywalled_content":false,"_jetpack_memberships_contains_paid_content":false,"footnotes":""},"categories":[64],"tags":[],"class_list":["post-67453","post","type-post","status-publish","format-standard","hentry","category-opinion"],"jetpack_featured_media_url":"","jetpack_shortlink":"https:\/\/wp.me\/p2JWE0-hxX","jetpack-related-posts":[{"id":27964,"url":"https:\/\/www.24baires.com\/?p=27964","url_meta":{"origin":67453,"position":0},"title":"En al menos 14 municipios bonaerenses el macrismo encabeza las listas de Massa","author":"Grupo Sierra","date":"10\/07\/2013","format":false,"excerpt":"El intendente de Tigre y primer candidato a diputado nacional por el Frente Renovador, Sergio Massa, sum\u00f3 a decenas de dirigentes macristas en sus distintas listas en Buenos Aires. En la lista de diputados nacionales por la provincia de Buenos Aires, que encabeza Massa, hay tres referentes del PRO: Soledad\u2026","rel":"","context":"En \u00abPol\u00edtica\u00bb","block_context":{"text":"Pol\u00edtica","link":"https:\/\/www.24baires.com\/?cat=51"},"img":{"alt_text":"","src":"","width":0,"height":0},"classes":[]},{"id":46306,"url":"https:\/\/www.24baires.com\/?p=46306","url_meta":{"origin":67453,"position":1},"title":"Salieron los afiches Massa-Scioli y Duhalde se separ\u00f3: \u00abNo tengo nada que ver\u00bb","author":"Grupo Sierra","date":"19\/05\/2014","format":false,"excerpt":"Despu\u00e9s de la pol\u00e9mica generada por la aparici\u00f3n de los carteles que ped\u00edan una alianza entre Massa y Scioli, que llevaban la firma de Eduardo Duhalde, el expresidente neg\u00f3 tener algo que ver, aunque plante\u00f3: \"Los quiero juntos\". El expresidente, Eduardo Duhalde, desminti\u00f3 hoy tener algo que ver con los\u2026","rel":"","context":"En \u00abPol\u00edtica\u00bb","block_context":{"text":"Pol\u00edtica","link":"https:\/\/www.24baires.com\/?cat=51"},"img":{"alt_text":"duhalde massa scioli afiche","src":"https:\/\/i0.wp.com\/www.24baires.com\/wp-content\/uploads\/2014\/05\/duhalde-massa-scioli-afiche.jpg?resize=350%2C200","width":350,"height":200,"srcset":"https:\/\/i0.wp.com\/www.24baires.com\/wp-content\/uploads\/2014\/05\/duhalde-massa-scioli-afiche.jpg?resize=350%2C200 1x, https:\/\/i0.wp.com\/www.24baires.com\/wp-content\/uploads\/2014\/05\/duhalde-massa-scioli-afiche.jpg?resize=525%2C300 1.5x"},"classes":[]},{"id":108513,"url":"https:\/\/www.24baires.com\/?p=108513","url_meta":{"origin":67453,"position":2},"title":"Urtubey niega una alianza con Cambiemos y asegura ser \u00abla tercera posici\u00f3n\u00bb","author":"AF","date":"31\/05\/2019","format":false,"excerpt":"El Gobernador de Salta reafirm\u00f3 su permanencia en Alternativa Federal. \"Somos la alternativa diferente a Macri y a Cristina\", dijo. Juan Manuel Urtubey habl\u00f3 sobre el futuro de Alternativa Federal y sobre un posible acercamiento al Gobierno de Mauricio Macri. Sobre el espacio que integra junto con Juan Schiaretti, Sergio\u2026","rel":"","context":"En \u00abPol\u00edtica\u00bb","block_context":{"text":"Pol\u00edtica","link":"https:\/\/www.24baires.com\/?cat=51"},"img":{"alt_text":"","src":"https:\/\/i0.wp.com\/www.24baires.com\/wp-content\/uploads\/2016\/09\/urtubey-vidal-macri.jpg?resize=350%2C200","width":350,"height":200,"srcset":"https:\/\/i0.wp.com\/www.24baires.com\/wp-content\/uploads\/2016\/09\/urtubey-vidal-macri.jpg?resize=350%2C200 1x, https:\/\/i0.wp.com\/www.24baires.com\/wp-content\/uploads\/2016\/09\/urtubey-vidal-macri.jpg?resize=525%2C300 1.5x"},"classes":[]},{"id":26634,"url":"https:\/\/www.24baires.com\/?p=26634","url_meta":{"origin":67453,"position":3},"title":"El Frente Renovador dilata hasta el lunes su lanzamiento mientras cierra listas","author":"Grupo Sierra","date":"22\/06\/2013","format":false,"excerpt":"El Frente liderado por el intendente Sergio Massa posterg\u00f3 la presentaci\u00f3n ante los medios hasta el lunes, en tanto durante la jornada definir\u00e1 los nombres a ocupar los puestos en su lista de legisladores. Seg\u00fan informaron fuentes massistas a T\u00e9lam, en las \u00faltimas horas estaban intentando definir qui\u00e9n ser\u00e1 la\u2026","rel":"","context":"En \u00abPol\u00edtica\u00bb","block_context":{"text":"Pol\u00edtica","link":"https:\/\/www.24baires.com\/?cat=51"},"img":{"alt_text":"massa candidaturas","src":"https:\/\/i0.wp.com\/www.24baires.com\/wp-content\/uploads\/2013\/01\/massa-candidaturas.jpg?resize=350%2C200","width":350,"height":200,"srcset":"https:\/\/i0.wp.com\/www.24baires.com\/wp-content\/uploads\/2013\/01\/massa-candidaturas.jpg?resize=350%2C200 1x, https:\/\/i0.wp.com\/www.24baires.com\/wp-content\/uploads\/2013\/01\/massa-candidaturas.jpg?resize=525%2C300 1.5x"},"classes":[]},{"id":110772,"url":"https:\/\/www.24baires.com\/?p=110772","url_meta":{"origin":67453,"position":4},"title":"Alberto Fern\u00e1ndez y Sergio Massa presentaron la nueva coalici\u00f3n","author":"AF","date":"12\/06\/2019","format":false,"excerpt":"Despu\u00e9s de varios d\u00edas de suspenso finalmente se conform\u00f3 el Frente de Todos que unifica al Partido Justicialista, Unidad Ciudadana y el Frente Renovador, adem\u00e1s de decenas de fuerzas y partidos de menor envergadura. Como carta de presentaci\u00f3n, dieron a conocer un comunicado junto con la foto que muestra a\u2026","rel":"","context":"En \u00abPol\u00edtica\u00bb","block_context":{"text":"Pol\u00edtica","link":"https:\/\/www.24baires.com\/?cat=51"},"img":{"alt_text":"","src":"https:\/\/i0.wp.com\/www.24baires.com\/wp-content\/uploads\/2019\/06\/massa-fern%C3%A1ndez.jpg?resize=350%2C200","width":350,"height":200,"srcset":"https:\/\/i0.wp.com\/www.24baires.com\/wp-content\/uploads\/2019\/06\/massa-fern%C3%A1ndez.jpg?resize=350%2C200 1x, https:\/\/i0.wp.com\/www.24baires.com\/wp-content\/uploads\/2019\/06\/massa-fern%C3%A1ndez.jpg?resize=525%2C300 1.5x"},"classes":[]},{"id":34270,"url":"https:\/\/www.24baires.com\/?p=34270","url_meta":{"origin":67453,"position":5},"title":"Ideas firmes: tres diputados del FR se pasan al PRO","author":"AF","date":"28\/10\/2013","format":false,"excerpt":"Horas despu\u00e9s del final de la votaci\u00f3n legislativa y con el an\u00e1lisis de los resultados sobre la mesa, ya se lanz\u00f3 una cruda guerra pol\u00edtica entre dos de los ganadores de la elecci\u00f3n, con claras aspiraciones presidenciales en 2015. Macri vs. Massa; Massa vs. Macri. \"En mi lista del PRO\u2026","rel":"","context":"En \u00abELECCIONES 2013\u00bb","block_context":{"text":"ELECCIONES 2013","link":"https:\/\/www.24baires.com\/?cat=72"},"img":{"alt_text":"","src":"","width":0,"height":0},"classes":[]}],"jetpack_sharing_enabled":true,"jetpack_likes_enabled":true,"_links":{"self":[{"href":"https:\/\/www.24baires.com\/index.php?rest_route=\/wp\/v2\/posts\/67453","targetHints":{"allow":["GET"]}}],"collection":[{"href":"https:\/\/www.24baires.com\/index.php?rest_route=\/wp\/v2\/posts"}],"about":[{"href":"https:\/\/www.24baires.com\/index.php?rest_route=\/wp\/v2\/types\/post"}],"author":[{"embeddable":true,"href":"https:\/\/www.24baires.com\/index.php?rest_route=\/wp\/v2\/users\/4"}],"replies":[{"embeddable":true,"href":"https:\/\/www.24baires.com\/index.php?rest_route=%2Fwp%2Fv2%2Fcomments&post=67453"}],"version-history":[{"count":1,"href":"https:\/\/www.24baires.com\/index.php?rest_route=\/wp\/v2\/posts\/67453\/revisions"}],"predecessor-version":[{"id":67455,"href":"https:\/\/www.24baires.com\/index.php?rest_route=\/wp\/v2\/posts\/67453\/revisions\/67455"}],"wp:attachment":[{"href":"https:\/\/www.24baires.com\/index.php?rest_route=%2Fwp%2Fv2%2Fmedia&parent=67453"}],"wp:term":[{"taxonomy":"category","embeddable":true,"href":"https:\/\/www.24baires.com\/index.php?rest_route=%2Fwp%2Fv2%2Fcategories&post=67453"},{"taxonomy":"post_tag","embeddable":true,"href":"https:\/\/www.24baires.com\/index.php?rest_route=%2Fwp%2Fv2%2Ftags&post=67453"}],"curies":[{"name":"wp","href":"https:\/\/api.w.org\/{rel}","templated":true}]}}