{"id":6745,"date":"2012-11-25T16:17:51","date_gmt":"2012-11-25T19:17:51","guid":{"rendered":"http:\/\/www.24baires.com\/?p=6745"},"modified":"2012-11-26T12:11:00","modified_gmt":"2012-11-26T15:11:00","slug":"manotazos-de-ahogado-ahora-clarin-denuncia-penalmente-a-periodistas-y-funcionarios","status":"publish","type":"post","link":"https:\/\/www.24baires.com\/?p=6745","title":{"rendered":"Manotazos de ahogado: Ahora Clar\u00edn denuncia penalmente a periodistas y funcionarios"},"content":{"rendered":"<p><img data-recalc-dims=\"1\" loading=\"lazy\" decoding=\"async\" class=\"aligncenter size-full wp-image-6746\" title=\"magnetto\" src=\"https:\/\/i0.wp.com\/www.24baires.com\/wp-content\/uploads\/2012\/11\/magnetto.jpg?resize=560%2C335\" alt=\"\" width=\"560\" height=\"335\" srcset=\"https:\/\/i0.wp.com\/www.24baires.com\/wp-content\/uploads\/2012\/11\/magnetto.jpg?w=560&amp;ssl=1 560w, https:\/\/i0.wp.com\/www.24baires.com\/wp-content\/uploads\/2012\/11\/magnetto.jpg?resize=300%2C179&amp;ssl=1 300w\" sizes=\"auto, (max-width: 560px) 100vw, 560px\" \/><\/p>\n<p>En una nueva embestida judicial, el grupo Clar\u00edn denunci\u00f3 penalmente por \u00abincitaci\u00f3n a la violencia y coacci\u00f3n agravada\u00bb a periodistas, agrupaciones y funcionarios, a dos semanas de la llegada del \u00ab7D\u00bb.<!--more--><br \/>\nLa acci\u00f3n penal fue interpuesta por los abogados del Grupo el jueves pasado, y a trav\u00e9s de un escrito de 35 p\u00e1ginas acusa por el supuesto delito de incitar \u00aba la violencia colectiva\u00bb contra sus directivos a funcionarios como el ministro de Justicia, Julio Alak; el secretario de Legal y T\u00e9cnica de Presidencia, Carlos Zannini, y el titular de la AFSCA, Mart\u00edn Sabbatella, a quien describen como el \u00abrecientemente nombrado para la ejecuci\u00f3n de la Ley de Medios\u00bb.<br \/>\nTambi\u00e9n, y en base a recortes tergiversados de declaraciones, en la cruzada de Clar\u00edn contra la plena aplicaci\u00f3n de la Ley de Medios apunt\u00f3 contra al jefe del bloque de legisladores porte\u00f1os del FpV, Juan Cabandi\u00e9, y contra el diputado nacional Edgardo Depetri, seg\u00fan public\u00f3 hoy el diario Tiempo Argentino.<br \/>\nLa acusaci\u00f3n incluye tambi\u00e9n a \u00ablos integrantes de las agrupaciones de La C\u00e1mpora, el Frente Transversal y el Movimiento Evita\u00bb.<\/p>\n<p>Como si fuera poco, la embestida del grupo liderado por H\u00e9ctor Magnetto abarca adem\u00e1s al periodista Roberto Caballero, director y fundador de Tiempo Argentino, y a sus colegas Sandra Russo y Javier Vicente.<\/p>\n<p>La presentaci\u00f3n del abogado del Grupo Clar\u00edn Jos\u00e9 Mar\u00eda S\u00e1enz Valiente, \u00abjuntamente con sus letrados patrocinantes Hugo Wortman Jofr\u00e9 y Alejandro P\u00e9rez Chada\u00bb, intenta instalar una vez m\u00e1s que el monopolio medi\u00e1tico es v\u00edctima de presiones al tener que adecuarse a lo que dicta la ley de Medios a partir del 7 de diciembre.<br \/>\nA Caballero, por caso, lo acusan de ser uno de los \u00abinstigadores y determinadores del delito de incitaci\u00f3n a la violencia colectiva en perjuicio tanto del Grupo Clar\u00edn como sus directivos en particular\u00bb.<\/p>\n<p>En el mismo escrito, los abogados que representan al Grupo de Magnetto estiman que \u00ablos hechos denunciados podr\u00edan encuadrar en la figura de coacci\u00f3n agravada\u00bb, prevista en el art\u00edculo 149 bis del C\u00f3digo Penal, segundo apartado, que expresa: \u00abser\u00e1 reprimido con prisi\u00f3n o reclusi\u00f3n de dos a cuatro a\u00f1os el que hiciere uso de amenazas con el prop\u00f3sito de obligar a otro a hacer, no hacer o tolerar algo contra su voluntad\u00bb.<br \/>\nLa intentona amenazante de Clar\u00edn contra, por ejemplo Caballero, se fundamente en un textual extra\u00eddo de su participaci\u00f3n en el programa 6,7,8 de la Televisi\u00f3n P\u00fablica del 4 de octubre \u00faltimo en relaci\u00f3n a la protesta de Prefectos y Gendarmes que, seg\u00fan adujeron los voceros de los uniformados, se origin\u00f3 en los graves errores que sufrieron en la liquidaci\u00f3n de sus haberes.<\/p>\n<p>En esa oportunidad, el fundador de Tiempo Argentino opin\u00f3 que la protesta se enmarcaba en \u00abun intento de desestabilizaci\u00f3n\u00bb, y explic\u00f3 que \u00abforma parte de una estrategia de incendio de la calle, que tienen ciertos grupos concentrados, b\u00e1sicamente el Grupo Clar\u00edn, de aqu\u00ed al 7 de diciembre\u00bb.<br \/>\nLa denuncia penal, que se tramita en la causa 12383\/2012, recay\u00f3 en el Juzgado Federal 9, a cargo del magistrado Luis Rodr\u00edguez, e incluye a la periodista de P\u00e1gina\/12 y panelista de 6,7,8, Sandra Russo, por las mismas causas que Caballero: opinar en televisi\u00f3n.<br \/>\nLo mismo sucede con el periodista deportivo y relator de F\u00fatbol para Todos, Javier Vicente, a quien acusan por el \u00abdelito\u00bb de decir, en medio de un partido: \u00abEsto es F\u00fatbol para Todos, para el parcial Estudiantes 0 &#8211; Quilmes 0. F\u00fatbol para todos, el mejor ant\u00eddoto a la cadena del miedo y del des\u00e1nimo: Cadena con fecha de vencimiento, 7 de diciembre\u00bb.<\/p>\n<p>La nueva estrategia judicial de Clar\u00edn tambi\u00e9n hace eje contra el titular de la AFSCA, Mart\u00edn Sabbatella, y en ese marco la p\u00e1gina 30 del escrito sostiene que \u00abresulta aun m\u00e1s peligrosa la actitud de gobierno y de algunos funcionarios mencionados, que insisten en la fijaci\u00f3n de un verdadero punto de inflexi\u00f3n o `deadline` en este conjunto de acciones intimidantes contra la empresa y sus directivos\u00bb.<\/p>\n<p>Agrega que \u00abel 7 de diciembre pr\u00f3ximo, seg\u00fan ellos, es el d\u00eda \u2013tomando como referencia una decisi\u00f3n judicial\u2013 en el cual hay que vencer al enemigo sin ahorrar violencia para lograrlo\u00bb, en referencia a la decisi\u00f3n judicial de la Corte Suprema de Justicia.<br \/>\nPar\u00e1grafo siguiente, citan un textual de Sabbatella: \u00abLa AFSCA va a actuar de oficio despu\u00e9s del 7 de diciembre\u00bb, sosteniendo que el funcionario \u00aben la misma l\u00ednea trazada por el gobierno, soslaya el derecho constitucional del grupo Clar\u00edn de peticionar a las autoridades y aguardar una decisi\u00f3n del Poder Judicial de la Naci\u00f3n\u00bb.<br \/>\nLa presentaci\u00f3n contra funcionarios y periodistas se suma a la realizada el mismo jueves 22 de noviembre por el Grupo Clar\u00edn ante la Corte Suprema de Justicia, en el que pidi\u00f3 que se disponga la extensi\u00f3n de la medida cautelar que vence el 7 de diciembre.<br \/>\nSeg\u00fan el escrito hay una situaci\u00f3n de \u00abindefensi\u00f3n\u00bb (sic) generada por \u00ablas recusaciones, excusaciones y renuncias\u00bb, que deja al Grupo en esa instancia \u00abpor carecer de la posibilidad de que se conforme un tribunal competente que resuelva en tiempo \u00fatil la extensi\u00f3n de la medida cautelar que el 7 de diciembre pr\u00f3ximo perder\u00e1 vigencia\u00bb.<\/p>\n<p>&nbsp;<\/p>\n<p>&nbsp;<\/p>\n<p>&nbsp;<\/p>\n<p>&nbsp;<\/p>\n<p>&nbsp;<\/p>\n<p>&nbsp;<\/p>\n<p>&nbsp;<\/p>\n<p>&nbsp;<\/p>\n<p>&nbsp;<\/p>\n<p>&nbsp;<\/p>\n<p>&nbsp;<\/p>\n<p>&nbsp;<\/p>\n<p>&nbsp;<\/p>\n<p>&nbsp;<\/p>\n<p>&nbsp;<\/p>\n<p>&nbsp;<\/p>\n<p>&nbsp;<\/p>\n<p>&nbsp;<\/p>\n<p>&nbsp;<\/p>\n<p>&nbsp;<\/p>\n<p>&nbsp;<\/p>\n<p>&nbsp;<\/p>\n<p>&nbsp;<\/p>\n<p>&nbsp;<\/p>\n<p>&nbsp;<\/p>\n<p>&nbsp;<\/p>\n<p>&nbsp;<\/p>\n<p>&nbsp;<\/p>\n<p>&nbsp;<\/p>\n<p>&nbsp;<\/p>\n<p>&nbsp;<\/p>\n<p>&nbsp;<\/p>\n<p>&nbsp;<\/p>\n<p>&nbsp;<\/p>\n<p>&nbsp;<\/p>\n<p>&nbsp;<\/p>\n<p>&nbsp;<\/p>\n<p>&nbsp;<\/p>\n<p>&nbsp;<\/p>\n<p>&nbsp;<\/p>\n<p>&nbsp;<\/p>\n<p>&nbsp;<\/p>\n<p>&nbsp;<\/p>\n<p>&nbsp;<\/p>\n<p>&nbsp;<\/p>\n<p>&nbsp;<\/p>\n<p>&nbsp;<\/p>\n<p>&nbsp;<\/p>\n<p>&nbsp;<\/p>\n<p>&nbsp;<\/p>\n","protected":false},"excerpt":{"rendered":"<p>En una nueva embestida judicial, el grupo Clar\u00edn denunci\u00f3 penalmente por \u00abincitaci\u00f3n a la violencia y coacci\u00f3n agravada\u00bb a periodistas, agrupaciones y funcionarios, a dos semanas de la llegada del \u00ab7D\u00bb.<\/p>\n","protected":false},"author":11,"featured_media":0,"comment_status":"open","ping_status":"open","sticky":false,"template":"","format":"standard","meta":{"_jetpack_newsletter_access":"","_jetpack_dont_email_post_to_subs":false,"_jetpack_newsletter_tier_id":0,"_jetpack_memberships_contains_paywalled_content":false,"_jetpack_memberships_contains_paid_content":false,"footnotes":""},"categories":[54],"tags":[],"class_list":["post-6745","post","type-post","status-publish","format-standard","hentry","category-medios"],"jetpack_featured_media_url":"","jetpack_shortlink":"https:\/\/wp.me\/p2JWE0-1KN","jetpack-related-posts":[{"id":55732,"url":"https:\/\/www.24baires.com\/?p=55732","url_meta":{"origin":6745,"position":0},"title":"Para Sabbatella, los argumentos de Clar\u00edn \u00abson rid\u00edculos\u00bb","author":"Grupo Sierra","date":"20\/10\/2014","format":false,"excerpt":"El presidente de la Afsca, Mart\u00edn Sabbatella, afirm\u00f3 que los argumentos que esgrimi\u00f3 el grupo Clar\u00edn para recusar la actuaci\u00f3n de cinco funcionarios del organismo en el proceso de adecuaci\u00f3n a la Ley de Medios \"son rid\u00edculos\", y exhort\u00f3 al multimedios que encabeza H\u00e9ctor Magnetto \"a dar explicaciones sobre las\u2026","rel":"","context":"En \u00abMedios\u00bb","block_context":{"text":"Medios","link":"https:\/\/www.24baires.com\/?cat=54"},"img":{"alt_text":"sababtella propuestas","src":"https:\/\/i0.wp.com\/www.24baires.com\/wp-content\/uploads\/2012\/12\/sababtella-propuestas.jpg?resize=350%2C200","width":350,"height":200,"srcset":"https:\/\/i0.wp.com\/www.24baires.com\/wp-content\/uploads\/2012\/12\/sababtella-propuestas.jpg?resize=350%2C200 1x, https:\/\/i0.wp.com\/www.24baires.com\/wp-content\/uploads\/2012\/12\/sababtella-propuestas.jpg?resize=525%2C300 1.5x"},"classes":[]},{"id":6819,"url":"https:\/\/www.24baires.com\/?p=6819","url_meta":{"origin":6745,"position":1},"title":"La asociaci\u00f3n &#8216;Comunicadores de la Argentina&#8217; rechaz\u00f3 tambi\u00e9n la denuncia de Clar\u00edn","author":"Grupo Sierra","date":"26\/11\/2012","format":false,"excerpt":"COMUNA tild\u00f3 de \"inconstitucional y antidemocr\u00e1tica\" el planteo del Grupo, contra tres periodistas que opinaron a favor de aplicar la Ley de Medios. Comunicado. La asociaci\u00f3n Comunicadores de la Argentina (COMUNA) rechaz\u00f3\u00a0\"por inconstitucional y antidemocr\u00e1tica\" la denuncia presentada por el Grupo Clar\u00edn contra tres periodistas \"por opinar a favor de\u2026","rel":"","context":"En \u00abMedios\u00bb","block_context":{"text":"Medios","link":"https:\/\/www.24baires.com\/?cat=54"},"img":{"alt_text":"","src":"","width":0,"height":0},"classes":[]},{"id":6787,"url":"https:\/\/www.24baires.com\/?p=6787","url_meta":{"origin":6745,"position":2},"title":"Repudio generalizado al grupo de Magnetto por pedir c\u00e1rcel para periodistas","author":"Grupo Sierra","date":"25\/11\/2012","format":false,"excerpt":"Organizaciones de DD.HH, de trabajadores de prensa, funcionarios y legisladores expresaron su repudio a la denuncia del grupo a periodistas y dirigentes que se manifiestan a favor de la aplicaci\u00f3n de la norma. La acci\u00f3n penal fue interpuesta por los abogados del Grupo Clar\u00edn el jueves pasado, a trav\u00e9s de\u2026","rel":"","context":"En \u00abPol\u00edtica\u00bb","block_context":{"text":"Pol\u00edtica","link":"https:\/\/www.24baires.com\/?cat=51"},"img":{"alt_text":"","src":"https:\/\/i0.wp.com\/www.24baires.com\/wp-content\/uploads\/2012\/11\/repudio-clarin.jpg?resize=350%2C200","width":350,"height":200,"srcset":"https:\/\/i0.wp.com\/www.24baires.com\/wp-content\/uploads\/2012\/11\/repudio-clarin.jpg?resize=350%2C200 1x, https:\/\/i0.wp.com\/www.24baires.com\/wp-content\/uploads\/2012\/11\/repudio-clarin.jpg?resize=525%2C300 1.5x"},"classes":[]},{"id":6850,"url":"https:\/\/www.24baires.com\/?p=6850","url_meta":{"origin":6745,"position":3},"title":"Se le sali\u00f3 la cadena: ahora Magnetto pide que los periodistas revelen sus fuentes","author":"Grupo Sierra","date":"26\/11\/2012","format":false,"excerpt":"Despu\u00e9s de la denuncia contra tres periodistas, el apoderado legal del grupo dijo: \"Queremos que vengan y digan qui\u00e9n les dijo que Clar\u00edn est\u00e1 detr\u00e1s de eso\". El abogado patrocinante del Grupo Clar\u00edn, Hugo Wortman Jofre calific\u00f3 a los periodistas inclu\u00eddos en la denuncia penal presentada por instigaci\u00f3n a la\u2026","rel":"","context":"En \u00abMedios\u00bb","block_context":{"text":"Medios","link":"https:\/\/www.24baires.com\/?cat=54"},"img":{"alt_text":"","src":"","width":0,"height":0},"classes":[]},{"id":6830,"url":"https:\/\/www.24baires.com\/?p=6830","url_meta":{"origin":6745,"position":4},"title":"FOPEA insta a Clar\u00edn a que retire la denuncia","author":"AF","date":"26\/11\/2012","format":false,"excerpt":"El Foro de Periodismo Argentino (FOPEA) rechaza la denuncia por \u201cincitaci\u00f3n a la violencia colectiva\u201d (Art\u00edculo 212 del C\u00f3digo Penal), iniciada por el Grupo Clar\u00edn contra los periodistas Roberto Caballero, Sandra Russo y Javier Vicente. Se trata de una figura penal que podr\u00eda implicar penas de tres a seis a\u00f1os\u2026","rel":"","context":"En \u00abMedios\u00bb","block_context":{"text":"Medios","link":"https:\/\/www.24baires.com\/?cat=54"},"img":{"alt_text":"","src":"","width":0,"height":0},"classes":[]},{"id":6966,"url":"https:\/\/www.24baires.com\/?p=6966","url_meta":{"origin":6745,"position":5},"title":"Fuego Amigo: desde la SIP tambi\u00e9n cuestionaron a Clar\u00edn","author":"Grupo Sierra","date":"27\/11\/2012","format":false,"excerpt":"La Comisi\u00f3n de Libertad de Prensa de la Sociedad Interamericana de Prensa (SIP) cuestion\u00f3 hoy la denuncia presentada por el Grupo Clar\u00edn contra periodistas y advirti\u00f3 que se trata de \"un ataque a su libertad de expresi\u00f3n\". A trav\u00e9s de su cuenta personal de la red social Twitter, el titular\u2026","rel":"","context":"En \u00abMedios\u00bb","block_context":{"text":"Medios","link":"https:\/\/www.24baires.com\/?cat=54"},"img":{"alt_text":"","src":"https:\/\/i0.wp.com\/www.24baires.com\/wp-content\/uploads\/2012\/11\/paolillo-claudio-tw.jpg?resize=350%2C200","width":350,"height":200,"srcset":"https:\/\/i0.wp.com\/www.24baires.com\/wp-content\/uploads\/2012\/11\/paolillo-claudio-tw.jpg?resize=350%2C200 1x, https:\/\/i0.wp.com\/www.24baires.com\/wp-content\/uploads\/2012\/11\/paolillo-claudio-tw.jpg?resize=525%2C300 1.5x"},"classes":[]}],"jetpack_sharing_enabled":true,"jetpack_likes_enabled":true,"_links":{"self":[{"href":"https:\/\/www.24baires.com\/index.php?rest_route=\/wp\/v2\/posts\/6745","targetHints":{"allow":["GET"]}}],"collection":[{"href":"https:\/\/www.24baires.com\/index.php?rest_route=\/wp\/v2\/posts"}],"about":[{"href":"https:\/\/www.24baires.com\/index.php?rest_route=\/wp\/v2\/types\/post"}],"author":[{"embeddable":true,"href":"https:\/\/www.24baires.com\/index.php?rest_route=\/wp\/v2\/users\/11"}],"replies":[{"embeddable":true,"href":"https:\/\/www.24baires.com\/index.php?rest_route=%2Fwp%2Fv2%2Fcomments&post=6745"}],"version-history":[{"count":3,"href":"https:\/\/www.24baires.com\/index.php?rest_route=\/wp\/v2\/posts\/6745\/revisions"}],"predecessor-version":[{"id":6750,"href":"https:\/\/www.24baires.com\/index.php?rest_route=\/wp\/v2\/posts\/6745\/revisions\/6750"}],"wp:attachment":[{"href":"https:\/\/www.24baires.com\/index.php?rest_route=%2Fwp%2Fv2%2Fmedia&parent=6745"}],"wp:term":[{"taxonomy":"category","embeddable":true,"href":"https:\/\/www.24baires.com\/index.php?rest_route=%2Fwp%2Fv2%2Fcategories&post=6745"},{"taxonomy":"post_tag","embeddable":true,"href":"https:\/\/www.24baires.com\/index.php?rest_route=%2Fwp%2Fv2%2Ftags&post=6745"}],"curies":[{"name":"wp","href":"https:\/\/api.w.org\/{rel}","templated":true}]}}