{"id":6738,"date":"2012-11-25T10:30:47","date_gmt":"2012-11-25T13:30:47","guid":{"rendered":"http:\/\/www.24baires.com\/?p=6738"},"modified":"2012-11-25T14:07:44","modified_gmt":"2012-11-25T17:07:44","slug":"adolfo-alsina-crea-un-area-de-intercambio-informativo-con-la-provincia","status":"publish","type":"post","link":"https:\/\/www.24baires.com\/?p=6738","title":{"rendered":"Adolfo Alsina crea un area de intercambio informativo con la Provincia"},"content":{"rendered":"<p>El subsecretario de Gobierno, Daniel Guastavino, suscribi\u00f3 un convenio marco con el intendente de Adolfo Alsina, David Hirtz, mediante el cual se crea el \u00c1rea de Infraestructura de Datos Espaciales de la Provincia de Buenos Aires (IDEBA) en ese municipio.<!--more--><\/p>\n<p>El objetivo es que dicha comuna cuente en forma instant\u00e1nea mediante red inform\u00e1tica con los datos actualizados de todas las reparticiones provinciales como as\u00ed tambi\u00e9n del \u00e1rea acad\u00e9mica, de investigaci\u00f3n, etc.<\/p>\n<p>A los fines de adecuar y modernizar el sistema inform\u00e1tico municipal y capacitar al personal que participar\u00e1 del programa, desde diciembre viajar\u00e1n en forma peri\u00f3dica funcionarios de la provincia durante tres meses, tras lo cual el programa se pondr\u00e1 en ejecuci\u00f3n.<\/p>\n<p>Participaron del acto, el director del programa IDEBA, Gustavo Andrade, y funcionarios de ARBA, uno de los organismos con los cuales la Municipalidad estar\u00e1 en red permanente.<\/p>\n","protected":false},"excerpt":{"rendered":"<p>El subsecretario de Gobierno, Daniel Guastavino, suscribi\u00f3 un convenio marco con el intendente de Adolfo Alsina, David Hirtz, mediante el cual se crea el \u00c1rea de Infraestructura de Datos Espaciales de la Provincia de Buenos Aires (IDEBA) en ese municipio.<\/p>\n","protected":false},"author":11,"featured_media":0,"comment_status":"open","ping_status":"open","sticky":false,"template":"","format":"standard","meta":{"_jetpack_newsletter_access":"","_jetpack_dont_email_post_to_subs":false,"_jetpack_newsletter_tier_id":0,"_jetpack_memberships_contains_paywalled_content":false,"_jetpack_memberships_contains_paid_content":false,"footnotes":""},"categories":[44],"tags":[],"class_list":["post-6738","post","type-post","status-publish","format-standard","hentry","category-municipios"],"jetpack_featured_media_url":"","jetpack_shortlink":"https:\/\/wp.me\/p2JWE0-1KG","jetpack-related-posts":[{"id":116401,"url":"https:\/\/www.24baires.com\/?p=116401","url_meta":{"origin":6738,"position":0},"title":"El intendente de Adolfo Alsina asegur\u00f3 que no registraron casos positivos","author":"GB","date":"06\/10\/2020","format":false,"excerpt":"El jefe comunal Javier Andr\u00e9s dialog\u00f3 acerca de la situaci\u00f3n de su distrito, uno de los cuatro municipios bonaerenses sin casos positivos de coronavirus. El jefe comunal Javier Andr\u00e9s dialog\u00f3 acerca de la situaci\u00f3n de su distrito, uno de los cuatro municipios bonaerenses sin casos positivos de coronavirus. \u201cSomos de\u2026","rel":"","context":"En \u00abMunicipios\u00bb","block_context":{"text":"Municipios","link":"https:\/\/www.24baires.com\/?cat=44"},"img":{"alt_text":"","src":"","width":0,"height":0},"classes":[]},{"id":15506,"url":"https:\/\/www.24baires.com\/?p=15506","url_meta":{"origin":6738,"position":1},"title":"Adolfo Alsina: el Intendente realiz\u00f3 gestiones de salud, medio ambiente y econom\u00eda","author":"AF","date":"13\/02\/2013","format":false,"excerpt":"David Hirtz, viaj\u00f3 a la ciudad de La Plata, y realiz\u00f3 varias gestiones en las \u00e1reas de salud, medio ambiente y econom\u00eda provincial para el distrito de Adolfo Alsina. El intendente del municipio de Adolfo Alsina, David Hirtz, realiz\u00f3 varias gestiones en la ciudad de La Plata, en las \u00e1reas\u2026","rel":"","context":"En \u00abLocales\u00bb","block_context":{"text":"Locales","link":"https:\/\/www.24baires.com\/?cat=38"},"img":{"alt_text":"","src":"","width":0,"height":0},"classes":[]},{"id":116537,"url":"https:\/\/www.24baires.com\/?p=116537","url_meta":{"origin":6738,"position":2},"title":"Lleg\u00f3 el coronavirus al \u00faltimo distrito bonaerense libre de infectados","author":"AF","date":"23\/10\/2020","format":false,"excerpt":"S\u00f3lo un municipio de la Provincia no registraba casos de Covid-19, sin embargo, en las \u00faltimas horas, su intendente confirm\u00f3 el primer contagio. El intendente de Adolfo Alsina, Javier Andr\u00e9s, confirm\u00f3 el primer caso de coronavirus dentro del distrito a trav\u00e9s de sus redes sociales y luego brind\u00f3 una conferencia\u2026","rel":"","context":"En \u00abLocales\u00bb","block_context":{"text":"Locales","link":"https:\/\/www.24baires.com\/?cat=38"},"img":{"alt_text":"","src":"https:\/\/i0.wp.com\/www.24baires.com\/wp-content\/uploads\/2020\/10\/adolfo-alsina.jpg?resize=350%2C200","width":350,"height":200,"srcset":"https:\/\/i0.wp.com\/www.24baires.com\/wp-content\/uploads\/2020\/10\/adolfo-alsina.jpg?resize=350%2C200 1x, https:\/\/i0.wp.com\/www.24baires.com\/wp-content\/uploads\/2020\/10\/adolfo-alsina.jpg?resize=525%2C300 1.5x"},"classes":[]},{"id":9575,"url":"https:\/\/www.24baires.com\/?p=9575","url_meta":{"origin":6738,"position":3},"title":"Nueva reuni\u00f3n del Polo Productivo del Sudoeste","author":"AF","date":"18\/12\/2012","format":false,"excerpt":"El objetivo del encuentro fue realizar un an\u00e1lisis de la actividad desarrollada a lo largo del a\u00f1o 2012 y delinear las metas para el pr\u00f3ximo a\u00f1o. A medida que este espacio se ha consolidado y fortalecido, nuevos programas y planes se van presentando como opciones v\u00e1lidas para gestionar, ya sea\u2026","rel":"","context":"En \u00abMunicipios\u00bb","block_context":{"text":"Municipios","link":"https:\/\/www.24baires.com\/?cat=44"},"img":{"alt_text":"","src":"","width":0,"height":0},"classes":[]},{"id":10402,"url":"https:\/\/www.24baires.com\/?p=10402","url_meta":{"origin":6738,"position":4},"title":"Inauguraron un nuevo corredor tur\u00edstico \u201cRegi\u00f3n Termas, Lagunas y Sierras\u201d","author":"AF","date":"26\/12\/2012","format":false,"excerpt":"El secretario de Turismo, Ignacio Crotto, asisti\u00f3 a la r\u00fabrica del convenio de trabajo y cooperaci\u00f3n rec\u00edproca para la conformaci\u00f3n del corredor tur\u00edstico \u201cRegi\u00f3n Termas, Lagunas y Sierras\u201d, que firmaron los distritos de Guamin\u00ed, P\u00faan, Adolfo Alsina, Tornquist y Villarino. Crotto expres\u00f3 que los municipios \u201ccuentan con todo el apoyo\u2026","rel":"","context":"En \u00abMunicipios\u00bb","block_context":{"text":"Municipios","link":"https:\/\/www.24baires.com\/?cat=44"},"img":{"alt_text":"nuevo corredor tur\u00edstico","src":"https:\/\/i0.wp.com\/www.24baires.com\/wp-content\/uploads\/2012\/12\/nuevo-corredor-tur%C3%ADstico.jpg?resize=350%2C200","width":350,"height":200,"srcset":"https:\/\/i0.wp.com\/www.24baires.com\/wp-content\/uploads\/2012\/12\/nuevo-corredor-tur%C3%ADstico.jpg?resize=350%2C200 1x, https:\/\/i0.wp.com\/www.24baires.com\/wp-content\/uploads\/2012\/12\/nuevo-corredor-tur%C3%ADstico.jpg?resize=525%2C300 1.5x"},"classes":[]},{"id":114821,"url":"https:\/\/www.24baires.com\/?p=114821","url_meta":{"origin":6738,"position":5},"title":"Provincia exceptu\u00f3 nuevas actividades tras escuchar a los intendentes","author":"AF","date":"24\/04\/2020","format":false,"excerpt":"Las nuevas actividades rigen desde hoy y tienen alcance para 28 municipios. Son parte de los pedidos de los jefes comunales. En el marco del aislamiento social, preventivo y obligatorio dictado por el Gobierno nacional, la Provincia dio a conocer este viernes nuevas excepciones que alcanzan a 28 municipios bonaerenses,\u2026","rel":"","context":"En \u00abProvincia\u00bb","block_context":{"text":"Provincia","link":"https:\/\/www.24baires.com\/?cat=40"},"img":{"alt_text":"","src":"https:\/\/i0.wp.com\/www.24baires.com\/wp-content\/uploads\/2020\/04\/kiciloff.jpg?resize=350%2C200","width":350,"height":200,"srcset":"https:\/\/i0.wp.com\/www.24baires.com\/wp-content\/uploads\/2020\/04\/kiciloff.jpg?resize=350%2C200 1x, https:\/\/i0.wp.com\/www.24baires.com\/wp-content\/uploads\/2020\/04\/kiciloff.jpg?resize=525%2C300 1.5x"},"classes":[]}],"jetpack_sharing_enabled":true,"jetpack_likes_enabled":true,"_links":{"self":[{"href":"https:\/\/www.24baires.com\/index.php?rest_route=\/wp\/v2\/posts\/6738","targetHints":{"allow":["GET"]}}],"collection":[{"href":"https:\/\/www.24baires.com\/index.php?rest_route=\/wp\/v2\/posts"}],"about":[{"href":"https:\/\/www.24baires.com\/index.php?rest_route=\/wp\/v2\/types\/post"}],"author":[{"embeddable":true,"href":"https:\/\/www.24baires.com\/index.php?rest_route=\/wp\/v2\/users\/11"}],"replies":[{"embeddable":true,"href":"https:\/\/www.24baires.com\/index.php?rest_route=%2Fwp%2Fv2%2Fcomments&post=6738"}],"version-history":[{"count":2,"href":"https:\/\/www.24baires.com\/index.php?rest_route=\/wp\/v2\/posts\/6738\/revisions"}],"predecessor-version":[{"id":6740,"href":"https:\/\/www.24baires.com\/index.php?rest_route=\/wp\/v2\/posts\/6738\/revisions\/6740"}],"wp:attachment":[{"href":"https:\/\/www.24baires.com\/index.php?rest_route=%2Fwp%2Fv2%2Fmedia&parent=6738"}],"wp:term":[{"taxonomy":"category","embeddable":true,"href":"https:\/\/www.24baires.com\/index.php?rest_route=%2Fwp%2Fv2%2Fcategories&post=6738"},{"taxonomy":"post_tag","embeddable":true,"href":"https:\/\/www.24baires.com\/index.php?rest_route=%2Fwp%2Fv2%2Ftags&post=6738"}],"curies":[{"name":"wp","href":"https:\/\/api.w.org\/{rel}","templated":true}]}}