{"id":6734,"date":"2012-11-25T13:58:20","date_gmt":"2012-11-25T16:58:20","guid":{"rendered":"http:\/\/www.24baires.com\/?p=6734"},"modified":"2012-11-25T13:58:20","modified_gmt":"2012-11-25T16:58:20","slug":"inicio-formal-para-la-construccion-de-700-viviendas-del-procrear-en-tandil","status":"publish","type":"post","link":"https:\/\/www.24baires.com\/?p=6734","title":{"rendered":"\u00abInicio formal\u00bb para la construcci\u00f3n de 700 viviendas del ProCreAr en Tandil"},"content":{"rendered":"<p><img data-recalc-dims=\"1\" loading=\"lazy\" decoding=\"async\" class=\"alignleft size-medium wp-image-6735\" title=\"fosco ignacio tandil\" src=\"https:\/\/i0.wp.com\/www.24baires.com\/wp-content\/uploads\/2012\/11\/fosco-ignacio-tandil.jpg?resize=300%2C216\" alt=\"\" width=\"300\" height=\"216\" srcset=\"https:\/\/i0.wp.com\/www.24baires.com\/wp-content\/uploads\/2012\/11\/fosco-ignacio-tandil.jpg?resize=300%2C216&amp;ssl=1 300w, https:\/\/i0.wp.com\/www.24baires.com\/wp-content\/uploads\/2012\/11\/fosco-ignacio-tandil.jpg?w=560&amp;ssl=1 560w\" sizes=\"auto, (max-width: 300px) 100vw, 300px\" \/>El Concejo Deliberante aprob\u00f3 el proyecto de ordenanza que da inicio formal al proceso de planificaci\u00f3n y construcci\u00f3n del programa nacional de viviendas ProCreAr para familias sin terreno. Fue presentado por el bloque del FpV. La licitaci\u00f3n de la obra ser\u00e1 el 29 del corriente. \u00a0El <strong>concejal Ignacio Fosco<\/strong>, confirm\u00f3 que se trat\u00f3 del primer \u201cpaso formal\u201d hacia la concreci\u00f3n de las 700 viviendas.<\/p>\n<p><!--more--><br \/>\nCon fecha establecida para la firma del convenio marco entre el Gobierno Nacional y el Municipio de Tandil, para la construcci\u00f3n del complejo de viviendas que el programa nacional ProCreAr, que en Tandil significar\u00e1 m\u00e1s de 700 viviendas para familias sin terreno, se trat\u00f3 en la \u00faltima sesi\u00f3n el proyecto de ordenanza que da el primer paso institucional hacia esa iniciativa.<\/p>\n<p>Con el apoyo de todos los bloque, el Frente para la Victoria, promovi\u00f3 esta normativa que, entre otras cosas, declara de inter\u00e9s el programa, autoriza al Intendente a la firma del convenio marco y faculta al Municipio a ceder nuevos espacios donde podr\u00eda continuar el programa y su objetivo<br \/>\nEl concejal Ignacio Fosco, confirm\u00f3 que se trat\u00f3 del primer \u201cpaso formal\u201d hacia la concreci\u00f3n del programa de viviendas impulsado por el Gobierno Nacional y financiado por Anses, en Tandil, para familias sin terreno propio.<\/p>\n<p>Con respecto al complejo de viviendas que se prev\u00e9, en las 27 hect\u00e1reas pertenecientes al Ej\u00e9rcito, Fosco record\u00f3 una vez m\u00e1s que el llamado a licitaci\u00f3n para llevarlo a cabo se realizar\u00e1 este 29 de noviembre en el marco de un acto que tendr\u00e1 lugar en la Casa Rosada.<br \/>\nFosco remarc\u00f3 que la copia del convenio marco que deber\u00e1 firmar el Municipio con el Gobierno Nacional ya est\u00e1 en manos del jefe comunal. De esta forma se cumpli\u00f3 la etapa a la que se hab\u00edan comprometido el titular del Anses nacional, Diego Bossio, y Miguel Lunghi, quienes semanas atr\u00e1s se reunieron en el despacho mayor del Palacio Municipal para compartir los detalles del proyecto.<\/p>\n<p>La cantidad exacta de viviendas del ProCreAr se resolver\u00e1 tras la labor de agrimensores y arquitectos en el predio del Ej\u00e9rcito. La planificaci\u00f3n prev\u00e9, adem\u00e1s de las viviendas, espacios comunitarios y verdes. Tambi\u00e9n los servicios y hasta la pavimentaci\u00f3n de las calles internas de las 27 hect\u00e1reas.<br \/>\nLos futuros beneficiados ya est\u00e1n registrados. El Banco Hipotecario los ir\u00e1 convocando para comprobar los requisitos exigidos por el cr\u00e9dito y as\u00ed avanzar\u00e1 el proceso que el 29 del corriente tendr\u00e1 su primer gran hito al firmarse el llamado a licitaci\u00f3n para la construcci\u00f3n prevista en dos etapas.<\/p>\n","protected":false},"excerpt":{"rendered":"<p>El Concejo Deliberante aprob\u00f3 el proyecto de ordenanza que da inicio formal al proceso de planificaci\u00f3n y construcci\u00f3n del programa nacional de viviendas ProCreAr para familias sin terreno. Fue presentado por el bloque del FpV. La licitaci\u00f3n de la obra ser\u00e1 el 29 del corriente. \u00a0El concejal Ignacio Fosco, confirm\u00f3 que se trat\u00f3 del primer \u201cpaso formal\u201d hacia la concreci\u00f3n [&#8230;]<\/p>\n","protected":false},"author":11,"featured_media":0,"comment_status":"open","ping_status":"open","sticky":false,"template":"","format":"standard","meta":{"_jetpack_newsletter_access":"","_jetpack_dont_email_post_to_subs":false,"_jetpack_newsletter_tier_id":0,"_jetpack_memberships_contains_paywalled_content":false,"_jetpack_memberships_contains_paid_content":false,"footnotes":""},"categories":[44],"tags":[],"class_list":["post-6734","post","type-post","status-publish","format-standard","hentry","category-municipios"],"jetpack_featured_media_url":"","jetpack_shortlink":"https:\/\/wp.me\/p2JWE0-1KC","jetpack-related-posts":[{"id":48878,"url":"https:\/\/www.24baires.com\/?p=48878","url_meta":{"origin":6734,"position":0},"title":"La Plata: disponen 890 nuevos lotes para el Procrear","author":"GB","date":"28\/06\/2014","format":false,"excerpt":"Se trata del inicio de una serie de ordenanzas que tienen como finalidad adecuar terrenos en distintas zonas de la ciudad que podr\u00e1n ser destinados a familias que ingresaron al Programa Nacional de acceso a Viviendas. Luego de que el a\u00f1o pasado el Municipio creara el registro de oferentes de\u2026","rel":"","context":"En \u00abMunicipios\u00bb","block_context":{"text":"Municipios","link":"https:\/\/www.24baires.com\/?cat=44"},"img":{"alt_text":"","src":"","width":0,"height":0},"classes":[]},{"id":116942,"url":"https:\/\/www.24baires.com\/?p=116942","url_meta":{"origin":6734,"position":1},"title":"El Presidente anuncia el programa \u00abCasa Propia\u00bb para municipios bonaerenses","author":"GB","date":"28\/12\/2020","format":false,"excerpt":"Tal como adelant\u00f3 el presidente la semana pasada, y tras la firma del convenio entre el gobernador Kicillof y el ministro Ferrresi, se comienza con el programa que proyecta una inversi\u00f3n de 890 mil millones para los pr\u00f3ximos tres a\u00f1os. El presidente Alberto Fern\u00e1ndez encabezar\u00e1 un acto de anuncio de\u2026","rel":"","context":"En \u00abPol\u00edtica\u00bb","block_context":{"text":"Pol\u00edtica","link":"https:\/\/www.24baires.com\/?cat=51"},"img":{"alt_text":"","src":"https:\/\/i0.wp.com\/www.24baires.com\/wp-content\/uploads\/2020\/08\/alberto-anuncio.jpg?resize=350%2C200","width":350,"height":200,"srcset":"https:\/\/i0.wp.com\/www.24baires.com\/wp-content\/uploads\/2020\/08\/alberto-anuncio.jpg?resize=350%2C200 1x, https:\/\/i0.wp.com\/www.24baires.com\/wp-content\/uploads\/2020\/08\/alberto-anuncio.jpg?resize=525%2C300 1.5x"},"classes":[]},{"id":60249,"url":"https:\/\/www.24baires.com\/?p=60249","url_meta":{"origin":6734,"position":2},"title":"Bossio entreg\u00f3 134 lotes a familias de Tandil para el plan Procrear","author":"GB","date":"17\/01\/2015","format":false,"excerpt":"El director ejecutivo de la Anses visit\u00f3 la ciudad de Tandil, donde otorg\u00f3 certificados de adjudicaci\u00f3n de lotes para el programa de viviendas a familias que salieron sorteadas por el plan de cr\u00e9ditos hipotecarios pero que no ten\u00edan terreno para edificar. El acto, que se llev\u00f3 a cabo en la\u2026","rel":"","context":"En \u00abLocales\u00bb","block_context":{"text":"Locales","link":"https:\/\/www.24baires.com\/?cat=38"},"img":{"alt_text":"diego-bossio-anses","src":"https:\/\/i0.wp.com\/www.24baires.com\/wp-content\/uploads\/2014\/07\/diego-bossio-anses.jpg?resize=350%2C200","width":350,"height":200,"srcset":"https:\/\/i0.wp.com\/www.24baires.com\/wp-content\/uploads\/2014\/07\/diego-bossio-anses.jpg?resize=350%2C200 1x, https:\/\/i0.wp.com\/www.24baires.com\/wp-content\/uploads\/2014\/07\/diego-bossio-anses.jpg?resize=525%2C300 1.5x"},"classes":[]},{"id":48714,"url":"https:\/\/www.24baires.com\/?p=48714","url_meta":{"origin":6734,"position":3},"title":"En La Plata disponen 890 nuevos lotes para el Procrear","author":"Grupo Sierra","date":"25\/06\/2014","format":false,"excerpt":"Se trata del inicio de una serie de ordenanzas que tienen como finalidad adecuar terrenos en distintas zonas de la ciudad que podr\u00e1n ser destinados a familias que ingresaron al Programa Nacional de acceso a Viviendas. Luego de que el a\u00f1o pasado el Municipio creara el registro de oferentes de\u2026","rel":"","context":"En \u00abLocales\u00bb","block_context":{"text":"Locales","link":"https:\/\/www.24baires.com\/?cat=38"},"img":{"alt_text":"procrear","src":"https:\/\/i0.wp.com\/www.24baires.com\/wp-content\/uploads\/2013\/10\/procrear.jpg?resize=350%2C200","width":350,"height":200,"srcset":"https:\/\/i0.wp.com\/www.24baires.com\/wp-content\/uploads\/2013\/10\/procrear.jpg?resize=350%2C200 1x, https:\/\/i0.wp.com\/www.24baires.com\/wp-content\/uploads\/2013\/10\/procrear.jpg?resize=525%2C300 1.5x"},"classes":[]},{"id":115833,"url":"https:\/\/www.24baires.com\/?p=115833","url_meta":{"origin":6734,"position":4},"title":"El nuevo Procrear tendr\u00e1 l\u00edneas de cr\u00e9dito para construcci\u00f3n, refacci\u00f3n y ampliaci\u00f3n","author":"AF","date":"03\/08\/2020","format":false,"excerpt":"El programa apunta a facilitar el acceso a la vivienda y se complementar\u00e1 con el Plan Suelo, una iniciativa para promover la disponibilidad de lotes. Se construir\u00e1n 14 mil casas. Este martes ser\u00e1 el d\u00eda en el que el hist\u00f3rico Plan Procrear volver\u00e1 finalmente a estar vigente. As\u00ed lo indic\u00f3\u2026","rel":"","context":"En \u00abSociedad\u00bb","block_context":{"text":"Sociedad","link":"https:\/\/www.24baires.com\/?cat=1"},"img":{"alt_text":"","src":"https:\/\/i0.wp.com\/www.24baires.com\/wp-content\/uploads\/2018\/05\/procrear.jpg?resize=350%2C200","width":350,"height":200,"srcset":"https:\/\/i0.wp.com\/www.24baires.com\/wp-content\/uploads\/2018\/05\/procrear.jpg?resize=350%2C200 1x, https:\/\/i0.wp.com\/www.24baires.com\/wp-content\/uploads\/2018\/05\/procrear.jpg?resize=525%2C300 1.5x"},"classes":[]},{"id":35983,"url":"https:\/\/www.24baires.com\/?p=35983","url_meta":{"origin":6734,"position":5},"title":"Preocupaci\u00f3n por la suba de precios de terrenos para el ProCreAr","author":"AF","date":"30\/11\/2013","format":false,"excerpt":"El defensor del pueblo bonaerense, Carlos Bonicatto, plante\u00f3 que el \"factor clave de las subas a la especulaci\u00f3n inmobiliaria ante la creciente demanda que generan los programas nacionales de cr\u00e9ditos para la compra de tierras y la construcci\u00f3n de viviendas\". El defensor del Pueblo bonaerense, Carlos Bonicatto, expres\u00f3 su \u201cpreocupaci\u00f3n\u201d\u2026","rel":"","context":"En \u00abSociedad\u00bb","block_context":{"text":"Sociedad","link":"https:\/\/www.24baires.com\/?cat=1"},"img":{"alt_text":"","src":"","width":0,"height":0},"classes":[]}],"jetpack_sharing_enabled":true,"jetpack_likes_enabled":true,"_links":{"self":[{"href":"https:\/\/www.24baires.com\/index.php?rest_route=\/wp\/v2\/posts\/6734","targetHints":{"allow":["GET"]}}],"collection":[{"href":"https:\/\/www.24baires.com\/index.php?rest_route=\/wp\/v2\/posts"}],"about":[{"href":"https:\/\/www.24baires.com\/index.php?rest_route=\/wp\/v2\/types\/post"}],"author":[{"embeddable":true,"href":"https:\/\/www.24baires.com\/index.php?rest_route=\/wp\/v2\/users\/11"}],"replies":[{"embeddable":true,"href":"https:\/\/www.24baires.com\/index.php?rest_route=%2Fwp%2Fv2%2Fcomments&post=6734"}],"version-history":[{"count":2,"href":"https:\/\/www.24baires.com\/index.php?rest_route=\/wp\/v2\/posts\/6734\/revisions"}],"predecessor-version":[{"id":6737,"href":"https:\/\/www.24baires.com\/index.php?rest_route=\/wp\/v2\/posts\/6734\/revisions\/6737"}],"wp:attachment":[{"href":"https:\/\/www.24baires.com\/index.php?rest_route=%2Fwp%2Fv2%2Fmedia&parent=6734"}],"wp:term":[{"taxonomy":"category","embeddable":true,"href":"https:\/\/www.24baires.com\/index.php?rest_route=%2Fwp%2Fv2%2Fcategories&post=6734"},{"taxonomy":"post_tag","embeddable":true,"href":"https:\/\/www.24baires.com\/index.php?rest_route=%2Fwp%2Fv2%2Ftags&post=6734"}],"curies":[{"name":"wp","href":"https:\/\/api.w.org\/{rel}","templated":true}]}}