{"id":6725,"date":"2012-11-25T13:30:23","date_gmt":"2012-11-25T16:30:23","guid":{"rendered":"http:\/\/www.24baires.com\/?p=6725"},"modified":"2012-11-25T13:30:23","modified_gmt":"2012-11-25T16:30:23","slug":"a-20-anos-de-su-muerte-carlos-casares-recuerda-a-su-idolo-roberto-mouras","status":"publish","type":"post","link":"https:\/\/www.24baires.com\/?p=6725","title":{"rendered":"A 20 a\u00f1os de su muerte, Carlos Casares recuerda a su \u00eddolo: Roberto Mouras"},"content":{"rendered":"<p><img data-recalc-dims=\"1\" loading=\"lazy\" decoding=\"async\" class=\"aligncenter size-full wp-image-6726\" title=\"mouras roberto\" src=\"https:\/\/i0.wp.com\/www.24baires.com\/wp-content\/uploads\/2012\/11\/mouras-roberto.jpg?resize=560%2C422\" alt=\"\" width=\"560\" height=\"422\" srcset=\"https:\/\/i0.wp.com\/www.24baires.com\/wp-content\/uploads\/2012\/11\/mouras-roberto.jpg?w=560&amp;ssl=1 560w, https:\/\/i0.wp.com\/www.24baires.com\/wp-content\/uploads\/2012\/11\/mouras-roberto.jpg?resize=300%2C226&amp;ssl=1 300w\" sizes=\"auto, (max-width: 560px) 100vw, 560px\" \/><\/p>\n<p>Este jueves se descubri\u00f3 una placa en el cementerio. El s\u00e1bado se inauguraron las refacciones en el museo que lleva su nombre en esa ciudad de la provincia de Buenos Aires.<!--more--><\/p>\n<p>La ciudad de Carlos Casares recuerda a su \u00cddolo y al de muchos, Roberto Mouras, al cumplirse 20 a\u00f1os de su tr\u00e1gica muerte, que tambi\u00e9n cost\u00f3 la vida de su acompa\u00f1ante en una competencia de Turismo Carretera.<br \/>\nEste jueves se realiz\u00f3 el descubrimiento de una placa en el cementerio de esa comunidad del Oeste de la Provincia de Buenos Aires. Estuvo presente el vicepresidente de la Asociaci\u00f3n Corredores de Turismo Carretera.<br \/>\nEl s\u00e1bado se conocieron las refacciones en el Museo que lleva su nombre. Se efectuaron una serie de modificaciones y se cambiaron los techos del lugar. Estaban presentes directivos de la ACTC, como as\u00ed tambi\u00e9n pilotos de la m\u00e1s popular de las categor\u00edas del automovilismo deportivo nacional.<br \/>\nEl museo contiene los siete autos en los que compiti\u00f3, parte de los trofeos alcanzados, ropa que utiliz\u00f3 y otros elementos que utiliz\u00f3 en su carrera deportiva, el afamado piloto.<br \/>\nTambi\u00e9n hubo un acto en el Sal\u00f3n de Actos de la Municipalidad de Carlos Casares.<\/p>\n<p>&nbsp;<\/p>\n<p>&nbsp;<\/p>\n<p>&nbsp;<\/p>\n<p>&nbsp;<\/p>\n<p>&nbsp;<\/p>\n<p>&nbsp;<\/p>\n","protected":false},"excerpt":{"rendered":"<p>Este jueves se descubri\u00f3 una placa en el cementerio. El s\u00e1bado se inauguraron las refacciones en el museo que lleva su nombre en esa ciudad de la provincia de Buenos Aires.<\/p>\n","protected":false},"author":11,"featured_media":0,"comment_status":"open","ping_status":"open","sticky":false,"template":"","format":"standard","meta":{"_jetpack_newsletter_access":"","_jetpack_dont_email_post_to_subs":false,"_jetpack_newsletter_tier_id":0,"_jetpack_memberships_contains_paywalled_content":false,"_jetpack_memberships_contains_paid_content":false,"footnotes":""},"categories":[1],"tags":[],"class_list":["post-6725","post","type-post","status-publish","format-standard","hentry","category-sociedad"],"jetpack_featured_media_url":"","jetpack_shortlink":"https:\/\/wp.me\/p2JWE0-1Kt","jetpack-related-posts":[{"id":16036,"url":"https:\/\/www.24baires.com\/?p=16036","url_meta":{"origin":6725,"position":0},"title":"El Intendente Walter Torchio destaca la importancia de que Naci\u00f3n los tenga en cuenta","author":"AF","date":"18\/02\/2013","format":false,"excerpt":"El intendente de Carlos Casares dialog\u00f3 con 24baires y se mostr\u00f3 satisfecho por haber participado del acto encabezado este lunes por el ministro de Infraestructura Julio De Vido en el que firm\u00f3 obras de infraestructura con m\u00e1s de 42 municipios bonaerenses. Luego de retirarse del acto, el jefe comunal dialog\u00f3\u2026","rel":"","context":"En \u00abLocales\u00bb","block_context":{"text":"Locales","link":"https:\/\/www.24baires.com\/?cat=38"},"img":{"alt_text":"","src":"","width":0,"height":0},"classes":[]},{"id":7501,"url":"https:\/\/www.24baires.com\/?p=7501","url_meta":{"origin":6725,"position":1},"title":"ARBA realiz\u00f3 controles en la \u00faltima carrera del a\u00f1o de TC","author":"AF","date":"01\/12\/2012","format":false,"excerpt":"La Agencia de Recaudaci\u00f3n de la Provincia de Buenos Aires (ARBA) realiz\u00f3 durante el viernes y el s\u00e1bado un operativo de fiscalizaci\u00f3n en la competencia de Turismo Carretera que se desarrolla en el Aut\u00f3dromo Roberto Mouras, de La Plata. Los fiscalizadores, llevaron adelante tareas de control tanto del p\u00fablico en\u2026","rel":"","context":"En \u00abEconom\u00eda\u00bb","block_context":{"text":"Econom\u00eda","link":"https:\/\/www.24baires.com\/?cat=45"},"img":{"alt_text":"","src":"","width":0,"height":0},"classes":[]},{"id":15848,"url":"https:\/\/www.24baires.com\/?p=15848","url_meta":{"origin":6725,"position":2},"title":"Balcarce: entregan los premios \u201cJuan Manuel Bordeu\u201d a pilotos","author":"AF","date":"16\/02\/2013","format":false,"excerpt":"El titular de la Fundaci\u00f3n \u201cJuan Manuel Fangio\u201d record\u00f3 a Roberto Mouras quien muri\u00f3 en una competencia en 1992, el mismo d\u00eda que hab\u00eda donado su auto campe\u00f3n al museo local.\u00a0 En el marco de la 21\u00b0 Fiesta Nacional del Automovilismo que se realiza en Balcarce, el Museo Juan Manuel\u2026","rel":"","context":"En \u00abLocales\u00bb","block_context":{"text":"Locales","link":"https:\/\/www.24baires.com\/?cat=38"},"img":{"alt_text":"","src":"","width":0,"height":0},"classes":[]},{"id":8443,"url":"https:\/\/www.24baires.com\/?p=8443","url_meta":{"origin":6725,"position":3},"title":"Carlos Casares: apareci\u00f3 muerto el empresario desaparecido","author":"AF","date":"09\/12\/2012","format":false,"excerpt":"Se trata de Jorge Cerd\u00e1, quien fue encontrado flotando en el canal Mercante. La principal hip\u00f3tesis es el suicidio. El empresario Jorge Cerd\u00e1, que se hallaba desaparecido desde el jueves pasado, fue encontrado este s\u00e1bado muerto en las aguas de un canal del distrito bonaerense de Carlos Casares. El cuerpo\u2026","rel":"","context":"En \u00abPoliciales\u00bb","block_context":{"text":"Policiales","link":"https:\/\/www.24baires.com\/?cat=49"},"img":{"alt_text":"","src":"","width":0,"height":0},"classes":[]},{"id":61348,"url":"https:\/\/www.24baires.com\/?p=61348","url_meta":{"origin":6725,"position":4},"title":"Anuncian mejoras de energ\u00eda para el aut\u00f3dromo de La Plata","author":"AF","date":"06\/02\/2015","format":false,"excerpt":"El aut\u00f3dromo \u201cRoberto Mouras\u201d de La Plata mejorar\u00e1 su calidad de servicio el\u00e9ctrico gracias a un acuerdo entre el secretario de Servicios P\u00fablicos, Franco La Porta, el presidente de la Asociaci\u00f3n de Corredores de Turismo Carretera (ACTC), Hugo Mazzacane, y el gerente de la distribuidora Edelap, Julio Marconi. La obras\u2026","rel":"","context":"En \u00abLocales\u00bb","block_context":{"text":"Locales","link":"https:\/\/www.24baires.com\/?cat=38"},"img":{"alt_text":"aut\u00f3dromo mouras","src":"https:\/\/i0.wp.com\/www.24baires.com\/wp-content\/uploads\/2015\/02\/aut%C3%B3dromo-mouras.jpg?resize=350%2C200","width":350,"height":200,"srcset":"https:\/\/i0.wp.com\/www.24baires.com\/wp-content\/uploads\/2015\/02\/aut%C3%B3dromo-mouras.jpg?resize=350%2C200 1x, https:\/\/i0.wp.com\/www.24baires.com\/wp-content\/uploads\/2015\/02\/aut%C3%B3dromo-mouras.jpg?resize=525%2C300 1.5x"},"classes":[]},{"id":119538,"url":"https:\/\/www.24baires.com\/?p=119538","url_meta":{"origin":6725,"position":5},"title":"Axel Kicillof sorte\u00f3 cr\u00e9ditos del BA Crea","author":"GB","date":"14\/11\/2022","format":false,"excerpt":"El gobernador bonaerense, Axel Kicillof, destac\u00f3 el abordaje integral del d\u00e9ficit habitacional. Recuerdos del Procrear y cr\u00edticas para bancos y Macri. El gobernador bonaerense, Axel Kicillof, encabez\u00f3 este lunes el segundo sorteo de cr\u00e9ditos del programa Buenos Aires CREA. Se trata de una pol\u00edtica lanzada en julio de este a\u00f1o\u2026","rel":"","context":"En \u00abProvincia\u00bb","block_context":{"text":"Provincia","link":"https:\/\/www.24baires.com\/?cat=40"},"img":{"alt_text":"","src":"https:\/\/i0.wp.com\/www.24baires.com\/wp-content\/uploads\/2022\/11\/2022_11_14_-ak-sorteo-ba-crea_sge_5086jpg.jpg?resize=350%2C200","width":350,"height":200,"srcset":"https:\/\/i0.wp.com\/www.24baires.com\/wp-content\/uploads\/2022\/11\/2022_11_14_-ak-sorteo-ba-crea_sge_5086jpg.jpg?resize=350%2C200 1x, https:\/\/i0.wp.com\/www.24baires.com\/wp-content\/uploads\/2022\/11\/2022_11_14_-ak-sorteo-ba-crea_sge_5086jpg.jpg?resize=525%2C300 1.5x, https:\/\/i0.wp.com\/www.24baires.com\/wp-content\/uploads\/2022\/11\/2022_11_14_-ak-sorteo-ba-crea_sge_5086jpg.jpg?resize=700%2C400 2x"},"classes":[]}],"jetpack_sharing_enabled":true,"jetpack_likes_enabled":true,"_links":{"self":[{"href":"https:\/\/www.24baires.com\/index.php?rest_route=\/wp\/v2\/posts\/6725","targetHints":{"allow":["GET"]}}],"collection":[{"href":"https:\/\/www.24baires.com\/index.php?rest_route=\/wp\/v2\/posts"}],"about":[{"href":"https:\/\/www.24baires.com\/index.php?rest_route=\/wp\/v2\/types\/post"}],"author":[{"embeddable":true,"href":"https:\/\/www.24baires.com\/index.php?rest_route=\/wp\/v2\/users\/11"}],"replies":[{"embeddable":true,"href":"https:\/\/www.24baires.com\/index.php?rest_route=%2Fwp%2Fv2%2Fcomments&post=6725"}],"version-history":[{"count":4,"href":"https:\/\/www.24baires.com\/index.php?rest_route=\/wp\/v2\/posts\/6725\/revisions"}],"predecessor-version":[{"id":6730,"href":"https:\/\/www.24baires.com\/index.php?rest_route=\/wp\/v2\/posts\/6725\/revisions\/6730"}],"wp:attachment":[{"href":"https:\/\/www.24baires.com\/index.php?rest_route=%2Fwp%2Fv2%2Fmedia&parent=6725"}],"wp:term":[{"taxonomy":"category","embeddable":true,"href":"https:\/\/www.24baires.com\/index.php?rest_route=%2Fwp%2Fv2%2Fcategories&post=6725"},{"taxonomy":"post_tag","embeddable":true,"href":"https:\/\/www.24baires.com\/index.php?rest_route=%2Fwp%2Fv2%2Ftags&post=6725"}],"curies":[{"name":"wp","href":"https:\/\/api.w.org\/{rel}","templated":true}]}}