{"id":6716,"date":"2012-11-25T12:55:57","date_gmt":"2012-11-25T15:55:57","guid":{"rendered":"http:\/\/www.24baires.com\/?p=6716"},"modified":"2012-11-25T12:55:57","modified_gmt":"2012-11-25T15:55:57","slug":"se-viene-el-4o-encuentro-de-circo-de-mar-del-plata","status":"publish","type":"post","link":"https:\/\/www.24baires.com\/?p=6716","title":{"rendered":"Se viene el \u201c4\u00ba Encuentro de Circo de Mar del Plata\u201d"},"content":{"rendered":"<p><img data-recalc-dims=\"1\" loading=\"lazy\" decoding=\"async\" class=\"aligncenter size-full wp-image-6717\" title=\"circos mdp\" src=\"https:\/\/i0.wp.com\/www.24baires.com\/wp-content\/uploads\/2012\/11\/circos-mdp.jpg?resize=560%2C315\" alt=\"\" width=\"560\" height=\"315\" srcset=\"https:\/\/i0.wp.com\/www.24baires.com\/wp-content\/uploads\/2012\/11\/circos-mdp.jpg?w=560&amp;ssl=1 560w, https:\/\/i0.wp.com\/www.24baires.com\/wp-content\/uploads\/2012\/11\/circos-mdp.jpg?resize=300%2C168&amp;ssl=1 300w\" sizes=\"auto, (max-width: 560px) 100vw, 560px\" \/><\/p>\n<p>Desde el jueves 29 y hasta el domingo 2 se desarrollar\u00e1 en la ciudad balnearia el <strong>4\u00ba Encuentro de Circo en el camping municipal de Sierra de Los Padres.<\/strong> Como todos los a\u00f1os habr\u00e1 talleres durante el d\u00eda, shows nocturnos y una gran competencia final, adem\u00e1s, en esta oportunidad se sumar\u00e1 el \u201cDesfile de payasos\u201d por la Peatonal San Mart\u00edn, una manera de \u201cllevar el circo a la ciudad\u201d como dicen sus organizadores.<!--more--><\/p>\n<p>Desde 2008 un grupo de artistas callejeros marplatenses decidi\u00f3 generar un espacio para compartir su arte, experiencias y formarse a trav\u00e9s del intercambio de t\u00e9cnicas en peque\u00f1os talleres intensivos. A esa primera convenci\u00f3n llegaron artistas tanto desde el interior de pa\u00eds como de pa\u00edses vecinos y su \u00e9xito provoc\u00f3 que las ganas aumentaran y se encarar\u00e1n nuevas y m\u00e1s convocantes convenciones, as\u00ed fue que asistieron durante estos cuatro a\u00f1os desde Chile, Brasil, Colombia, Venezuela, Ecuador y Uruguay.<\/p>\n<p>Este a\u00f1o por primera vez el Municipio de General Pueyrredon, a trav\u00e9s del EMTUR y de la Secretar\u00eda de Cultura, colabor\u00f3 con este grupo de j\u00f3venes para la realizaci\u00f3n del encuentro. Les cedi\u00f3 el predio del camping municipal de Sierra de Los Padres y autoriz\u00f3 la realizaci\u00f3n del megadesfile de payasos, malabaristas, contorsionistas, etc. por la Peatonal que se desarrollar\u00e1 el s\u00e1bado a las 15, el mismo comenzar\u00e1 en la Catedral y culminar\u00e1 en la Plaza del Milenio donde se har\u00e1 una funci\u00f3n gratuita.<\/p>\n<p>La gran novedad es que este a\u00f1o viene Oscar Videla fundador de la primera escuela de circo criollo en Argentina, tambi\u00e9n estar\u00e1 el Se\u00f1or de las Burbujas oriundo de Madrid, Pablo Micozzi y el reconocid\u00edsimo payaso Basil\u00f3n.<\/p>\n<p>Como siempre habr\u00e1 talleres de malabares, swing, anti spining, spining, bast\u00f3n, monociclo, contac, cuadro fijo, trape duo, trapecio fijo, trapecio de vuelo, tela, mimo, teatro, payaso de pistas y ca\u00edda, sombreros, contorci\u00f3n, parada de manos, burbujas, acrobacias y talleres infantiles.<\/p>\n<p>El costo del encuentro ser\u00e1 de 130 pesos para aquellos que adquieran su entrada -v\u00e1lida para los 4 d\u00edas- en forma anticipada y de 160 pesos en puerta. Tambi\u00e9n se podr\u00e1n adquirir las diarias a 40 pesos anticipadas y 50 pesos en puerta las cuales incluyen la funci\u00f3n nocturna.<\/p>\n<p><strong>Cronograma completo:<\/strong><\/p>\n<p>Jueves 29<\/p>\n<p>12hs. Charla bienvenida lanzamiento<\/p>\n<p>13hs. Almuerzo<\/p>\n<p>15 a 18hs. Talleres<\/p>\n<p>20.30 hs. Cena<\/p>\n<p>22hs. \u201cNoche de fuego\u201d<\/p>\n<p>Viernes 30<\/p>\n<p>8hs. Desayuno<\/p>\n<p>10 a 13hs. Talleres<\/p>\n<p>13 a 15hs. almuerzo<\/p>\n<p>15 a 18hs. talleres<\/p>\n<p>20.30hs. Cena<\/p>\n<p>22hs. \u201cCabaret renegado\u201d<\/p>\n<p>S\u00e1bado 1<\/p>\n<p>8hs. Desayuno<\/p>\n<p>10 a 13 hs. Talleres<\/p>\n<p>13 a 15hs. Almuerzo<\/p>\n<p>15 a 18hs. \u201cDesfile\u201d<\/p>\n<p>20.30hs. Cena<\/p>\n<p>22hs. \u201cGala\u201d \u201cGran fiesta\u201d<\/p>\n<p>Domingo 2<\/p>\n<p>8hs. Desayuno<\/p>\n<p>10 a 13hs. Talleres<\/p>\n<p>13 a 15hs. Almuerzo<\/p>\n<p>15 a 17hs. \u201cCompetencias\u201d<\/p>\n<p>19hs. Entrega de premios y cierre.<\/p>\n","protected":false},"excerpt":{"rendered":"<p>Desde el jueves 29 y hasta el domingo 2 se desarrollar\u00e1 en la ciudad balnearia el 4\u00ba Encuentro de Circo en el camping municipal de Sierra de Los Padres. Como todos los a\u00f1os habr\u00e1 talleres durante el d\u00eda, shows nocturnos y una gran competencia final, adem\u00e1s, en esta oportunidad se sumar\u00e1 el \u201cDesfile de payasos\u201d por la Peatonal San Mart\u00edn, [&#8230;]<\/p>\n","protected":false},"author":11,"featured_media":0,"comment_status":"open","ping_status":"open","sticky":false,"template":"","format":"standard","meta":{"_jetpack_newsletter_access":"","_jetpack_dont_email_post_to_subs":false,"_jetpack_newsletter_tier_id":0,"_jetpack_memberships_contains_paywalled_content":false,"_jetpack_memberships_contains_paid_content":false,"footnotes":""},"categories":[1],"tags":[],"class_list":["post-6716","post","type-post","status-publish","format-standard","hentry","category-sociedad"],"jetpack_featured_media_url":"","jetpack_shortlink":"https:\/\/wp.me\/p2JWE0-1Kk","jetpack-related-posts":[{"id":42996,"url":"https:\/\/www.24baires.com\/?p=42996","url_meta":{"origin":6716,"position":0},"title":"Laprida a puro show y baile con el circo callejero","author":"Grupo Sierra","date":"29\/03\/2014","format":false,"excerpt":"Con entrada libre y gratuita, ocho compa\u00f1\u00edas combinan humor con las acrobacias y malabares propias del g\u00e9nero. Hasta el domingo, Laprida es sede del cuatro Festival de Circo Callejero que cuenta con la presencia de varias compa\u00f1\u00edas con entrada libre y gratuita. Uno de los organizadores, Roque Niklison, cont\u00f3 que\u2026","rel":"","context":"En \u00abCultura\u00bb","block_context":{"text":"Cultura","link":"https:\/\/www.24baires.com\/?cat=66"},"img":{"alt_text":"circos mdp","src":"https:\/\/i0.wp.com\/www.24baires.com\/wp-content\/uploads\/2012\/11\/circos-mdp-300x168.jpg?resize=350%2C200","width":350,"height":200},"classes":[]},{"id":2698,"url":"https:\/\/www.24baires.com\/?p=2698","url_meta":{"origin":6716,"position":1},"title":"2\u00ba Festival de Circo Callejero en Olavarr\u00eda","author":"AF","date":"20\/10\/2012","format":false,"excerpt":"Se podr\u00e1n ver, en distintos espacios abiertos de la ciudad, compa\u00f1\u00edas callejeras circenses que estar\u00e1n brindando su arte para que todo el p\u00fablico disfrute. Este a\u00f1o, se suma tambi\u00e9n la propuesta de llevar espect\u00e1culos a la localidad de Colonia Nievas. Durante el pr\u00f3ximo fin de semana de octubre Olavarr\u00eda se\u2026","rel":"","context":"En \u00abMunicipios\u00bb","block_context":{"text":"Municipios","link":"https:\/\/www.24baires.com\/?cat=44"},"img":{"alt_text":"","src":"","width":0,"height":0},"classes":[]},{"id":11261,"url":"https:\/\/www.24baires.com\/?p=11261","url_meta":{"origin":6716,"position":2},"title":"Quequ\u00e9n elige a su nueva reina","author":"AF","date":"05\/01\/2013","format":false,"excerpt":"Con un espect\u00e1culo musical y art\u00edstico, este s\u00e1bado por la noche se realizar\u00e1 la elecci\u00f3n de la Reina de Quequ\u00e9n en la Plaza Tres de Agosto con la participaci\u00f3n de 12 j\u00f3venes postulantes que competir\u00e1n para reemplazar a Gisel Pueblas. Las chicas, que fueron preseleccionadas el pasado jueves con un\u2026","rel":"","context":"En \u00abLocales\u00bb","block_context":{"text":"Locales","link":"https:\/\/www.24baires.com\/?cat=38"},"img":{"alt_text":"reinas quequen","src":"https:\/\/i0.wp.com\/www.24baires.com\/wp-content\/uploads\/2013\/01\/reinas-quequen.jpg?resize=350%2C200","width":350,"height":200,"srcset":"https:\/\/i0.wp.com\/www.24baires.com\/wp-content\/uploads\/2013\/01\/reinas-quequen.jpg?resize=350%2C200 1x, https:\/\/i0.wp.com\/www.24baires.com\/wp-content\/uploads\/2013\/01\/reinas-quequen.jpg?resize=525%2C300 1.5x"},"classes":[]},{"id":6555,"url":"https:\/\/www.24baires.com\/?p=6555","url_meta":{"origin":6716,"position":3},"title":"La semana pr\u00f3xima arrancan los JuegosBA","author":"Grupo Sierra","date":"23\/11\/2012","format":false,"excerpt":"Como es tradici\u00f3n desde 1991, del 27 al 29 de noviembre se realizar\u00e1 en Mar del Plata la final provincial de los Juegos BA, que re\u00fanen a miles bonaerenses que se han destacado en diferentes actividades culturales y deportivas. Participar\u00e1n de la competici\u00f3n, j\u00f3venes, personas con discapacidad y adultos mayores\u2026","rel":"","context":"En \u00abSociedad\u00bb","block_context":{"text":"Sociedad","link":"https:\/\/www.24baires.com\/?cat=1"},"img":{"alt_text":"","src":"https:\/\/i0.wp.com\/www.24baires.com\/wp-content\/uploads\/2012\/11\/juegosba-300x199.jpg?resize=350%2C200","width":350,"height":200},"classes":[]},{"id":88237,"url":"https:\/\/www.24baires.com\/?p=88237","url_meta":{"origin":6716,"position":4},"title":"La topadora ignorante de Arroyo","author":"AF","date":"03\/10\/2016","format":false,"excerpt":"En la ciudad donde enterramos el ALCA, donde Am\u00e9rica Latina pas\u00f3 de ser un conglomerado de posibles buenas y solidarias voluntades a ser La Patria Grande que nos cobija desde la cuna, en esta ciudad, quienes gobiernan ahora quieren que polic\u00edas de civil detengan en la calle a quienes arrojen\u2026","rel":"","context":"En \u00abOpini\u00f3n\u00bb","block_context":{"text":"Opini\u00f3n","link":"https:\/\/www.24baires.com\/?cat=64"},"img":{"alt_text":"fotos-mgp-servicios-urbanos-arroyo-en-operativo-de-limpieza-de-microbasurales-1","src":"https:\/\/i0.wp.com\/www.24baires.com\/wp-content\/uploads\/2016\/10\/Fotos-MGP-Servicios-Urbanos-Arroyo-en-operativo-de-limpieza-de-microbasurales-1-.jpg?resize=350%2C200","width":350,"height":200,"srcset":"https:\/\/i0.wp.com\/www.24baires.com\/wp-content\/uploads\/2016\/10\/Fotos-MGP-Servicios-Urbanos-Arroyo-en-operativo-de-limpieza-de-microbasurales-1-.jpg?resize=350%2C200 1x, https:\/\/i0.wp.com\/www.24baires.com\/wp-content\/uploads\/2016\/10\/Fotos-MGP-Servicios-Urbanos-Arroyo-en-operativo-de-limpieza-de-microbasurales-1-.jpg?resize=525%2C300 1.5x"},"classes":[]},{"id":84425,"url":"https:\/\/www.24baires.com\/?p=84425","url_meta":{"origin":6716,"position":5},"title":"La Polic\u00eda logr\u00f3 controlar la pueblada en Ituzaing\u00f3: hay diez detenidos","author":"GB","date":"30\/06\/2016","format":false,"excerpt":"La Polic\u00eda bonaerense logr\u00f3 controlar la situaci\u00f3n luego de m\u00e1s de una hora de graves incidentes con un grupo de j\u00f3venes en las calles del barrio San Alberto, del partido bonaerense de Ituzaing\u00f3. Los incidentes se registraron luego de que vecinos denunciaran a una mujer que trabaja en un circo\u2026","rel":"","context":"En \u00abLocales\u00bb","block_context":{"text":"Locales","link":"https:\/\/www.24baires.com\/?cat=38"},"img":{"alt_text":"pueblada ituzaingo","src":"https:\/\/i0.wp.com\/www.24baires.com\/wp-content\/uploads\/2016\/06\/pueblada-ituzaingo.jpg?resize=350%2C200","width":350,"height":200,"srcset":"https:\/\/i0.wp.com\/www.24baires.com\/wp-content\/uploads\/2016\/06\/pueblada-ituzaingo.jpg?resize=350%2C200 1x, https:\/\/i0.wp.com\/www.24baires.com\/wp-content\/uploads\/2016\/06\/pueblada-ituzaingo.jpg?resize=525%2C300 1.5x"},"classes":[]}],"jetpack_sharing_enabled":true,"jetpack_likes_enabled":true,"_links":{"self":[{"href":"https:\/\/www.24baires.com\/index.php?rest_route=\/wp\/v2\/posts\/6716","targetHints":{"allow":["GET"]}}],"collection":[{"href":"https:\/\/www.24baires.com\/index.php?rest_route=\/wp\/v2\/posts"}],"about":[{"href":"https:\/\/www.24baires.com\/index.php?rest_route=\/wp\/v2\/types\/post"}],"author":[{"embeddable":true,"href":"https:\/\/www.24baires.com\/index.php?rest_route=\/wp\/v2\/users\/11"}],"replies":[{"embeddable":true,"href":"https:\/\/www.24baires.com\/index.php?rest_route=%2Fwp%2Fv2%2Fcomments&post=6716"}],"version-history":[{"count":4,"href":"https:\/\/www.24baires.com\/index.php?rest_route=\/wp\/v2\/posts\/6716\/revisions"}],"predecessor-version":[{"id":6721,"href":"https:\/\/www.24baires.com\/index.php?rest_route=\/wp\/v2\/posts\/6716\/revisions\/6721"}],"wp:attachment":[{"href":"https:\/\/www.24baires.com\/index.php?rest_route=%2Fwp%2Fv2%2Fmedia&parent=6716"}],"wp:term":[{"taxonomy":"category","embeddable":true,"href":"https:\/\/www.24baires.com\/index.php?rest_route=%2Fwp%2Fv2%2Fcategories&post=6716"},{"taxonomy":"post_tag","embeddable":true,"href":"https:\/\/www.24baires.com\/index.php?rest_route=%2Fwp%2Fv2%2Ftags&post=6716"}],"curies":[{"name":"wp","href":"https:\/\/api.w.org\/{rel}","templated":true}]}}