{"id":6713,"date":"2012-11-25T12:25:52","date_gmt":"2012-11-25T15:25:52","guid":{"rendered":"http:\/\/www.24baires.com\/?p=6713"},"modified":"2012-11-25T12:25:52","modified_gmt":"2012-11-25T15:25:52","slug":"por-tercera-vez-no-puede-sesionar-el-hcd-de-villa-gesell-para-aumentar-el-boleto","status":"publish","type":"post","link":"https:\/\/www.24baires.com\/?p=6713","title":{"rendered":"Por tercera vez no puede sesionar el HCD de Villa Gesell para aumentar el boleto"},"content":{"rendered":"<p>A las puertas de la temporada, el conflicto por la suba del boleto parece no tener fin. <strong>Este s\u00e1bado por tercera vez una manifestaci\u00f3n de vecinos presion\u00f3 para que se evite votar la suba<\/strong>, y lo volvieron a conseguir, gracias a que la oposici\u00f3n\u00a0pol\u00edtica\u00a0en el recinto se hizo eco del reclamo y no permiti\u00f3 el quorum para sesionar.<br \/>\nMientras tanto la empresa de\u00a0transportes\u00a0\u201cEl \u00daltimo Querand\u00ed\u201d dej\u00f3 sin frecuencias a la zona de Mar Azul y los barrios, en abierta violaci\u00f3n al pliego de bases y condiciones que reglamenta el servicio.<!--more--><\/p>\n<p>Esta vez no fueron manifestantes adentro del recinto como en las dos oportunidades anteriores: la policia y un importante vallado al Concejo impidieron que lleguen a la sala de deliberaciones. Ante esta situaci\u00f3n, los ediles del radicalismo decidieron no dar el quorum necesario. \u201cNo podemos sesionar en estas condiciones\u201d, se lo escuch\u00f3 decir al presidente de la bancada opositora Jorge Martinez Salas (UCR). Y razones no le faltaban, seg\u00fan el reglamento interno del Concejo las sesiones son p\u00fablicas, y para disponer lo contrario previamente hay que votarlo.<\/p>\n<p>El \u00daltimo Querand\u00ed es la empresa prestataria del servicio de Transporte en Villa Gesell. Si bien su concesi\u00f3n se viene renovando en el tiempo a trav\u00e9s de licitaciones p\u00fablicas, su periodo de prestaci\u00f3n est\u00e1 pr\u00f3ximo a vencer. El \u00faltimo pliego fue aprobado mediante ordenanza 1853 del a\u00f1o 2002. El mencionado instrumento fue modificado por ordenanzas que generaron nuevas obligaciones cruzadas entre Estado-Empresa: entre ellas las 2009 (suspendida por la 2091), luego vinieron la 2013, 2041 (que incluso modifica recorridos), la 2207 , la 2247 (que tambien modifica recorridos) y la 2355 que es una de las \u00faltimas que fija aumentos.<\/p>\n<p>La empresa ha decidido unilateralmente \u2013 y sin un Estado Municipal que la controle \u2013 ante la falta de respuesta a su pedido de aumento retrotraer los cronogramas de servicios al a\u00f1o 2001, o sea al contrato original, omitiendo las modificaciones antes mencionadas.<\/p>\n<p>En todo caso, tambi\u00e9n deber\u00eda volver el valor del boleto al a\u00f1o 2001, o mantener las obligaciones de servicios de la \u00faltima ordenanza.<\/p>\n","protected":false},"excerpt":{"rendered":"<p>A las puertas de la temporada, el conflicto por la suba del boleto parece no tener fin. Este s\u00e1bado por tercera vez una manifestaci\u00f3n de vecinos presion\u00f3 para que se evite votar la suba, y lo volvieron a conseguir, gracias a que la oposici\u00f3n\u00a0pol\u00edtica\u00a0en el recinto se hizo eco del reclamo y no permiti\u00f3 el quorum para sesionar. Mientras tanto [&#8230;]<\/p>\n","protected":false},"author":11,"featured_media":0,"comment_status":"open","ping_status":"open","sticky":false,"template":"","format":"standard","meta":{"_jetpack_newsletter_access":"","_jetpack_dont_email_post_to_subs":false,"_jetpack_newsletter_tier_id":0,"_jetpack_memberships_contains_paywalled_content":false,"_jetpack_memberships_contains_paid_content":false,"footnotes":""},"categories":[44],"tags":[],"class_list":["post-6713","post","type-post","status-publish","format-standard","hentry","category-municipios"],"jetpack_featured_media_url":"","jetpack_shortlink":"https:\/\/wp.me\/p2JWE0-1Kh","jetpack-related-posts":[{"id":106970,"url":"https:\/\/www.24baires.com\/?p=106970","url_meta":{"origin":6713,"position":0},"title":"Mar del Plata: concejales reanudan el debate del aumento del boleto de colectivo","author":"GB","date":"25\/02\/2019","format":false,"excerpt":"Se reunir\u00e1n en la comisi\u00f3n de Legislaci\u00f3n donde debaten subirlo a $18,81. Los empresarios solicitan que cueste $24,11. Concejales reanudan el debate del aumento del boleto de colectivo en la comisi\u00f3n de Legislaci\u00f3n, ya que la semana pasada por falta de qu\u00f3rum no se pudo realizar. Si bien los ediles\u2026","rel":"","context":"En \u00abMunicipios\u00bb","block_context":{"text":"Municipios","link":"https:\/\/www.24baires.com\/?cat=44"},"img":{"alt_text":"","src":"https:\/\/i0.wp.com\/www.24baires.com\/wp-content\/uploads\/2013\/01\/colectivo-mdp-300x194.jpg?resize=350%2C200","width":350,"height":200},"classes":[]},{"id":118960,"url":"https:\/\/www.24baires.com\/?p=118960","url_meta":{"origin":6713,"position":1},"title":"Diputados aprob\u00f3 el proyecto de Boleta \u00danica","author":"GB","date":"09\/06\/2022","format":false,"excerpt":"La oposici\u00f3n logr\u00f3 aprobar el proyecto de Ley de Boleta \u00danica en Diputados y fue girado al Senado en donde el oficialismo tiene la mayor\u00eda de las bancas. proyecto de Boleta \u00danica impulsado por la oposici\u00f3n fue aprobado por la C\u00e1mara de Diputados y ahora deber\u00e1 debatirse en el Senado\u2026","rel":"","context":"En \u00abPol\u00edtica\u00bb","block_context":{"text":"Pol\u00edtica","link":"https:\/\/www.24baires.com\/?cat=51"},"img":{"alt_text":"","src":"https:\/\/i0.wp.com\/www.24baires.com\/wp-content\/uploads\/2018\/10\/dipiutades.jpg?resize=350%2C200","width":350,"height":200,"srcset":"https:\/\/i0.wp.com\/www.24baires.com\/wp-content\/uploads\/2018\/10\/dipiutades.jpg?resize=350%2C200 1x, https:\/\/i0.wp.com\/www.24baires.com\/wp-content\/uploads\/2018\/10\/dipiutades.jpg?resize=525%2C300 1.5x, https:\/\/i0.wp.com\/www.24baires.com\/wp-content\/uploads\/2018\/10\/dipiutades.jpg?resize=700%2C400 2x"},"classes":[]},{"id":106884,"url":"https:\/\/www.24baires.com\/?p=106884","url_meta":{"origin":6713,"position":2},"title":"Mar del Plata: contin\u00faa la demora del debate por el aumento del boleto","author":"GB","date":"18\/02\/2019","format":false,"excerpt":"La Comisi\u00f3n de Legislaci\u00f3n se suspendi\u00f3 y vuelve a postergarse el tratamiento de la suba de la tarifa. La Comisi\u00f3n de Legislaci\u00f3n se suspendi\u00f3 por falta de qu\u00f3rum y vuelve a demorarse el tratamiento por el aumento del boleto de colectivos en la ciudad. Los concejales que componen la comisi\u00f3n\u2026","rel":"","context":"En \u00abMunicipios\u00bb","block_context":{"text":"Municipios","link":"https:\/\/www.24baires.com\/?cat=44"},"img":{"alt_text":"","src":"https:\/\/i0.wp.com\/www.24baires.com\/wp-content\/uploads\/2013\/10\/colectivos-mdp.jpg?resize=350%2C200","width":350,"height":200,"srcset":"https:\/\/i0.wp.com\/www.24baires.com\/wp-content\/uploads\/2013\/10\/colectivos-mdp.jpg?resize=350%2C200 1x, https:\/\/i0.wp.com\/www.24baires.com\/wp-content\/uploads\/2013\/10\/colectivos-mdp.jpg?resize=525%2C300 1.5x"},"classes":[]},{"id":7410,"url":"https:\/\/www.24baires.com\/?p=7410","url_meta":{"origin":6713,"position":3},"title":"Dos veces esta semana los vecinos impidieron el aumento de boleto en Villa Gesell","author":"Grupo Sierra","date":"30\/11\/2012","format":false,"excerpt":"En dos oportunidades, el lunes y el jueves, un grupo de vecinos que se oponen al aumento del boleto del colectivo local impidieron el funcionamiento del HCD. Empleados de la empresa de transporte local estuvieron en el Concejo apoyando el aumento. Vecinos que se oponen al aumento del boleto de\u2026","rel":"","context":"En \u00abLocales\u00bb","block_context":{"text":"Locales","link":"https:\/\/www.24baires.com\/?cat=38"},"img":{"alt_text":"","src":"https:\/\/i0.wp.com\/www.24baires.com\/wp-content\/uploads\/2012\/11\/boletogesell2-300x298.jpg?resize=350%2C200","width":350,"height":200},"classes":[]},{"id":45560,"url":"https:\/\/www.24baires.com\/?p=45560","url_meta":{"origin":6713,"position":4},"title":"Sin qu\u00f3rum, la oposici\u00f3n insiste con debatir Ganancias","author":"GB","date":"08\/05\/2014","format":false,"excerpt":"Los titulares de los diferentes bloques legislativos no kirchneristas de Diputados quieren volver a tratar en una sesi\u00f3n oficial los proyectos para modificar el impuesto. Diputados del Frente Amplio Unen (FAUnen), el PRO, el massismo y la izquierda volvieron a pedir este jueves una sesi\u00f3n especial para el mi\u00e9rcoles pr\u00f3ximo\u2026","rel":"","context":"En \u00abPol\u00edtica\u00bb","block_context":{"text":"Pol\u00edtica","link":"https:\/\/www.24baires.com\/?cat=51"},"img":{"alt_text":"diputados5","src":"https:\/\/i0.wp.com\/www.24baires.com\/wp-content\/uploads\/2012\/11\/diputados5.jpg?resize=350%2C200","width":350,"height":200,"srcset":"https:\/\/i0.wp.com\/www.24baires.com\/wp-content\/uploads\/2012\/11\/diputados5.jpg?resize=350%2C200 1x, https:\/\/i0.wp.com\/www.24baires.com\/wp-content\/uploads\/2012\/11\/diputados5.jpg?resize=525%2C300 1.5x"},"classes":[]},{"id":16920,"url":"https:\/\/www.24baires.com\/?p=16920","url_meta":{"origin":6713,"position":5},"title":"Contin\u00faa el debate en la C\u00e1mara de Diputados por el entendimiento con Ir\u00e1n","author":"Grupo Sierra","date":"27\/02\/2013","format":false,"excerpt":"La C\u00e1mara baja inici\u00f3 el debate a las 12.32 para buscar convertir en ley la ratificaci\u00f3n del acuerdo suscripto entre Argentina e Ir\u00e1n para que sean interrogados los funcionarios acusados de participar en el atentado a la AMIA. Durante la sesi\u00f3n, que se inici\u00f3 con la presencia de 132 legisladores\u2026","rel":"","context":"En \u00abPol\u00edtica\u00bb","block_context":{"text":"Pol\u00edtica","link":"https:\/\/www.24baires.com\/?cat=51"},"img":{"alt_text":"sesion especial amia","src":"https:\/\/i0.wp.com\/www.24baires.com\/wp-content\/uploads\/2013\/02\/sesion-especial-amia-300x199.jpg?resize=350%2C200","width":350,"height":200},"classes":[]}],"jetpack_sharing_enabled":true,"jetpack_likes_enabled":true,"_links":{"self":[{"href":"https:\/\/www.24baires.com\/index.php?rest_route=\/wp\/v2\/posts\/6713","targetHints":{"allow":["GET"]}}],"collection":[{"href":"https:\/\/www.24baires.com\/index.php?rest_route=\/wp\/v2\/posts"}],"about":[{"href":"https:\/\/www.24baires.com\/index.php?rest_route=\/wp\/v2\/types\/post"}],"author":[{"embeddable":true,"href":"https:\/\/www.24baires.com\/index.php?rest_route=\/wp\/v2\/users\/11"}],"replies":[{"embeddable":true,"href":"https:\/\/www.24baires.com\/index.php?rest_route=%2Fwp%2Fv2%2Fcomments&post=6713"}],"version-history":[{"count":2,"href":"https:\/\/www.24baires.com\/index.php?rest_route=\/wp\/v2\/posts\/6713\/revisions"}],"predecessor-version":[{"id":6715,"href":"https:\/\/www.24baires.com\/index.php?rest_route=\/wp\/v2\/posts\/6713\/revisions\/6715"}],"wp:attachment":[{"href":"https:\/\/www.24baires.com\/index.php?rest_route=%2Fwp%2Fv2%2Fmedia&parent=6713"}],"wp:term":[{"taxonomy":"category","embeddable":true,"href":"https:\/\/www.24baires.com\/index.php?rest_route=%2Fwp%2Fv2%2Fcategories&post=6713"},{"taxonomy":"post_tag","embeddable":true,"href":"https:\/\/www.24baires.com\/index.php?rest_route=%2Fwp%2Fv2%2Ftags&post=6713"}],"curies":[{"name":"wp","href":"https:\/\/api.w.org\/{rel}","templated":true}]}}