{"id":67050,"date":"2015-06-04T13:00:14","date_gmt":"2015-06-04T16:00:14","guid":{"rendered":"http:\/\/www.24baires.com\/?p=67050"},"modified":"2015-06-04T13:41:06","modified_gmt":"2015-06-04T16:41:06","slug":"por-todas-las-sonrisas-que-tiraron-a-la-basura","status":"publish","type":"post","link":"https:\/\/www.24baires.com\/?p=67050","title":{"rendered":"Por todas las sonrisas que tiraron a la basura"},"content":{"rendered":"<p><img data-recalc-dims=\"1\" loading=\"lazy\" decoding=\"async\" class=\"aligncenter size-full wp-image-67061\" src=\"https:\/\/i0.wp.com\/www.24baires.com\/wp-content\/uploads\/2015\/06\/niunamenos-mdp.png?resize=560%2C315\" alt=\"niunamenos mdp\" width=\"560\" height=\"315\" srcset=\"https:\/\/i0.wp.com\/www.24baires.com\/wp-content\/uploads\/2015\/06\/niunamenos-mdp.png?w=560&amp;ssl=1 560w, https:\/\/i0.wp.com\/www.24baires.com\/wp-content\/uploads\/2015\/06\/niunamenos-mdp.png?resize=300%2C169&amp;ssl=1 300w\" sizes=\"auto, (max-width: 560px) 100vw, 560px\" \/>Por Melina, Candela, \u00c1ngeles, Lola, Araceli, Serena, Noelia, Daiana&#8230; Por cientos de mujeres violadas, torturadas, asesinadas. Por todas las que los medios despreciaron porque la noticia de sus homicidios no vend\u00edan lo suficiente, y ni siquiera hoy podemos alcanzar sus nombres con el recuerdo. <!--more--><\/p>\n<p>Muchas de ellas fueron arrojadas a la basura, como simbolog\u00eda perversa, como representaci\u00f3n siniestra de lo que significaban para sus matadores: palo y a la bolsa. Muchas de ellas fueron abusadas sexualmente, la mayor\u00eda. Esos hombres, hijos dilectos del patriarcado que se cierne como ave carro\u00f1era sobre nuestra sociedad, creyeron que pod\u00edan. Creyeron que cuando decimos no, decimos s\u00ed. Creyeron que cuando nos ponemos un escote, una pollera corta o tacos, los estamos invitando a tocarnos, a forzarnos a hacer lo que ellos piensan que en realidad nosotras queremos que nos hagan aunque decimos que no. Eso se llama machismo, y el machismo mata. Miles de mujeres podr\u00edan dar testimonio de eso, pero ya no est\u00e1n. Porque hoy decimos Ni Una Menos porque las que ya cayeron en esta guerra contra la violencia de g\u00e9nero. En esta batalla sangrienta que se cobra la vida de mujeres que perecieron ante la abominable violencia machista que cay\u00f3 sobre ellas como una avalancha de odio y prejuicios, que deja hu\u00e9rfanos a cientos de chicos.<br \/>\nHoy march\u00e9 con miles de personas en de Mar del Plata. Fue una reuni\u00f3n hist\u00f3rica para nuestra ciudad. Como lo fue en todo el pa\u00eds, masiva, amplia. Este d\u00eda debe funcionar como el punta pi\u00e9 inicial de un gran cambio, debe ser subsidiario de todos aquellas personas que vienen luchando contra la violencia de g\u00e9nero, debe marcar un antes y un despu\u00e9s. Porque debe seguir: ma\u00f1ana tambi\u00e9n debemos decir Ni Una Menos. Debemos socorrer a la vecina cuando el marido la golpea y lo escuchamos a trav\u00e9s de la pared. Debemos meternos entre la pi\u00f1a del energ\u00fameno y la cara de esa novia a la salida de un boliche. Debemos actuar cuando vemos las marcas en la cara y en la pena de esa mujer que a veces cruzamos por ah\u00ed. Debemos involucrarnos, no desviar la mirada. Debemos actuar, no mirar para otro lado como si no nos afectara. Porque esas trompadas nos tienen que doler a todas, a todos. Porque nos pegan en la igualdad, y ah\u00ed tiene que joder mucho. Tiene que oxidar tus prejuicios, tienen que socavar tus estereotipos, tus conceptos rancios.<br \/>\nNo nos pegan porque somos cosas, no nos violan porque somos objetos, no nos matan porque somos productos en una vidriera. Nos asesinan porque somos mujeres. Y esa es la simplicidad m\u00e1s compleja de todas. Y somos una y somos todas. Como el pu\u00f1o que se alza solitario en la multitud, como la multitud que se alza en un pu\u00f1o.<br \/>\nHubo un hombre que fue asesinado en Bolivia hace ya muchos a\u00f1os, pero que tiene la loca man\u00eda de volver y volver y volver, que habl\u00f3 del Hombre Nuevo. Que debe ser el que march\u00f3 este 3 de junio. No el que se saca la foto oportuna para cumplir, mientras nos cosifica, nos ultraja, sino el que de verdad nos quiere libres, vivas. Ah\u00ed est\u00e1 la clave: criemos mujeres y hombres, ni princecitas indefensas ni machos que no lloran. Eduquemos chicos y chicas que puedan jugar a la pelota y a las mu\u00f1ecas sin que nadie les quite un juguete porque cree que no corresponde a su sexualidad.<br \/>\nLa igualdad est\u00e1 ah\u00ed, de verdad. Si seguimos de la mano, codo a codo, avanzando, la igualdad est\u00e1 ah\u00ed, casi la podemos tocar. Te juro que la veo, y cuando cosas horribles se me ponen adelante, la imagino fuerte, claro. Nos veo a todos y todas, con los mismos derechos y las mismas responsabilidades. No es un sue\u00f1o, no es una utop\u00eda. Te prometo que va a ser el fruto de esta lucha. Y va a ser una fruta dulce. Dulce como la sonrisa de esas nenas que conocimos por fotos, despu\u00e9s de que alg\u00fan macho violento las tir\u00f3 a la basura.<\/p>\n","protected":false},"excerpt":{"rendered":"<p>Por Melina, Candela, \u00c1ngeles, Lola, Araceli, Serena, Noelia, Daiana&#8230; Por cientos de mujeres violadas, torturadas, asesinadas. Por todas las que los medios despreciaron porque la noticia de sus homicidios no vend\u00edan lo suficiente, y ni siquiera hoy podemos alcanzar sus nombres con el recuerdo.<\/p>\n","protected":false},"author":4,"featured_media":0,"comment_status":"open","ping_status":"open","sticky":false,"template":"","format":"standard","meta":{"_jetpack_newsletter_access":"","_jetpack_dont_email_post_to_subs":false,"_jetpack_newsletter_tier_id":0,"_jetpack_memberships_contains_paywalled_content":false,"_jetpack_memberships_contains_paid_content":false,"footnotes":""},"categories":[64],"tags":[],"class_list":["post-67050","post","type-post","status-publish","format-standard","hentry","category-opinion"],"jetpack_featured_media_url":"","jetpack_shortlink":"https:\/\/wp.me\/p2JWE0-hrs","jetpack-related-posts":[{"id":94821,"url":"https:\/\/www.24baires.com\/?p=94821","url_meta":{"origin":67050,"position":0},"title":"\u00abAlgunos creen que es \u00e9pico decir que le van a ganar a Cristina\u00bb","author":"AF","date":"29\/05\/2017","format":false,"excerpt":"El diputado por Santa Cruz y l\u00edder de La C\u00e1mpora sali\u00f3 al cruce de quienes pretenden disputar el liderazgo de la oposici\u00f3n a la ex presidenta. Si bien en las \u00faltimas semana se lo not\u00f3 moderado y conciliador, M\u00e1ximo Kirchner dio un giro en su discurso y lanz\u00f3 una frase\u2026","rel":"","context":"En \u00abPol\u00edtica\u00bb","block_context":{"text":"Pol\u00edtica","link":"https:\/\/www.24baires.com\/?cat=51"},"img":{"alt_text":"","src":"https:\/\/i0.wp.com\/www.24baires.com\/wp-content\/uploads\/2015\/07\/m%C3%A1ximo-kirchner.jpg?resize=350%2C200","width":350,"height":200,"srcset":"https:\/\/i0.wp.com\/www.24baires.com\/wp-content\/uploads\/2015\/07\/m%C3%A1ximo-kirchner.jpg?resize=350%2C200 1x, https:\/\/i0.wp.com\/www.24baires.com\/wp-content\/uploads\/2015\/07\/m%C3%A1ximo-kirchner.jpg?resize=525%2C300 1.5x"},"classes":[]},{"id":33338,"url":"https:\/\/www.24baires.com\/?p=33338","url_meta":{"origin":67050,"position":1},"title":"Crimen de San Telmo: \u00abla mat\u00e9 yo\u00bb confes\u00f3 a sus amigos el acusado","author":"GB","date":"10\/10\/2013","format":false,"excerpt":"Los dos amigos que escucharon a Miguel Angel Santa Marinha confesar el homicidio de Celina Berganti\u00f1os declararon que el propio imputado les dijo \"la mat\u00e9 yo\", afirmaron que no le creyeron que le hubiese asesinado \"por una calza\" tal como \u00e9l afirm\u00f3 y que el ahora detenido ten\u00eda intenciones de\u2026","rel":"","context":"En \u00abPoliciales\u00bb","block_context":{"text":"Policiales","link":"https:\/\/www.24baires.com\/?cat=49"},"img":{"alt_text":"","src":"","width":0,"height":0},"classes":[]},{"id":103391,"url":"https:\/\/www.24baires.com\/?p=103391","url_meta":{"origin":67050,"position":2},"title":"Creyeron encontrar una granada en el Aeropuerto de Mar del Plata y lo evacuaron","author":"Grupo Sierra","date":"17\/07\/2018","format":false,"excerpt":"El aeropuerto Astor Piazzolla de Mar del Plata fue evacuado por personal de la Polic\u00eda de Seguridad Aeroportuaria mientras que los vuelos fueron moment\u00e1neamente suspendidos, luego de que se encontrara un artefacto similar a una granada de mano en una valija. Pero se trataba de un objeto para picar marihuana.\u00a0\u2026","rel":"","context":"En \u00abPoliciales\u00bb","block_context":{"text":"Policiales","link":"https:\/\/www.24baires.com\/?cat=49"},"img":{"alt_text":"","src":"https:\/\/i0.wp.com\/www.24baires.com\/wp-content\/uploads\/2018\/07\/mdq.jpg?resize=350%2C200","width":350,"height":200,"srcset":"https:\/\/i0.wp.com\/www.24baires.com\/wp-content\/uploads\/2018\/07\/mdq.jpg?resize=350%2C200 1x, https:\/\/i0.wp.com\/www.24baires.com\/wp-content\/uploads\/2018\/07\/mdq.jpg?resize=525%2C300 1.5x"},"classes":[]},{"id":28679,"url":"https:\/\/www.24baires.com\/?p=28679","url_meta":{"origin":67050,"position":3},"title":"Cristina: \u00abHay que plantarse frente a los que hist\u00f3ricamente mandaron en Argentina\u00bb","author":"Grupo Sierra","date":"21\/07\/2013","format":false,"excerpt":"La presidenta Cristina Fern\u00e1ndez de Kirchner hizo declaraciones en su cuenta oficial Twitter, donde manifest\u00f3: \"Nosotros no opinamos, contamos lo que hicimos, lo que estamos haciendo y todo lo que todav\u00eda nos falta hacer\". Cristina Fern\u00e1ndez de Kirchner manifest\u00f3 que \"muchas veces hay que plantarse frente a los que hist\u00f3ricamente\u2026","rel":"","context":"En \u00abPol\u00edtica\u00bb","block_context":{"text":"Pol\u00edtica","link":"https:\/\/www.24baires.com\/?cat=51"},"img":{"alt_text":"cristina twitter cabezal","src":"https:\/\/i0.wp.com\/www.24baires.com\/wp-content\/uploads\/2013\/05\/cristina-twitter-cabezal.jpg?resize=350%2C200","width":350,"height":200,"srcset":"https:\/\/i0.wp.com\/www.24baires.com\/wp-content\/uploads\/2013\/05\/cristina-twitter-cabezal.jpg?resize=350%2C200 1x, https:\/\/i0.wp.com\/www.24baires.com\/wp-content\/uploads\/2013\/05\/cristina-twitter-cabezal.jpg?resize=525%2C300 1.5x"},"classes":[]},{"id":23820,"url":"https:\/\/www.24baires.com\/?p=23820","url_meta":{"origin":67050,"position":4},"title":"Arslani\u00e1n: Videla \u00abse llev\u00f3 secretos\u00bb sobre lo hecho en la Dictadura","author":"AF","date":"18\/05\/2013","format":false,"excerpt":"El ex integrante del tribunal que enjuici\u00f3 a las Juntas Militares Le\u00f3n Arslani\u00e1n lament\u00f3 hoy que el dictador Jorge Rafael Videla \"se llev\u00f3 secretos\" sobre la actuaci\u00f3n de la dictadura de 1976. \"Creo que efectivamente se llev\u00f3 secretos. Las fuerzas armadas cuando organizaron esto lo hicieron de un modo muy\u2026","rel":"","context":"En \u00abMemoria\u00bb","block_context":{"text":"Memoria","link":"https:\/\/www.24baires.com\/?cat=50"},"img":{"alt_text":"","src":"","width":0,"height":0},"classes":[]},{"id":48141,"url":"https:\/\/www.24baires.com\/?p=48141","url_meta":{"origin":67050,"position":5},"title":"Cristina: \u00abArgentina va a pagarle al 92% de los acreedores de la deuda\u00bb","author":"Grupo Sierra","date":"16\/06\/2014","format":false,"excerpt":"La presidenta Cristina Kirchner asegur\u00f3 este lunes por la noche que el fallo de la Corte Suprema de Estados Unidos que rechaz\u00f3 el tratamiento de la apelaci\u00f3n presentada por Argentina \"es contrario al funcionamiento del sistema econ\u00f3mico y financiero global\". Al hablar en cadena nacional sobre el fallo que habilita\u2026","rel":"","context":"En \u00abGeneral\u00bb","block_context":{"text":"General","link":"https:\/\/www.24baires.com\/?cat=67"},"img":{"alt_text":"Cristina rosada","src":"https:\/\/i0.wp.com\/www.24baires.com\/wp-content\/uploads\/2014\/01\/Cristina-rosada.jpg?resize=350%2C200","width":350,"height":200,"srcset":"https:\/\/i0.wp.com\/www.24baires.com\/wp-content\/uploads\/2014\/01\/Cristina-rosada.jpg?resize=350%2C200 1x, https:\/\/i0.wp.com\/www.24baires.com\/wp-content\/uploads\/2014\/01\/Cristina-rosada.jpg?resize=525%2C300 1.5x"},"classes":[]}],"jetpack_sharing_enabled":true,"jetpack_likes_enabled":true,"_links":{"self":[{"href":"https:\/\/www.24baires.com\/index.php?rest_route=\/wp\/v2\/posts\/67050","targetHints":{"allow":["GET"]}}],"collection":[{"href":"https:\/\/www.24baires.com\/index.php?rest_route=\/wp\/v2\/posts"}],"about":[{"href":"https:\/\/www.24baires.com\/index.php?rest_route=\/wp\/v2\/types\/post"}],"author":[{"embeddable":true,"href":"https:\/\/www.24baires.com\/index.php?rest_route=\/wp\/v2\/users\/4"}],"replies":[{"embeddable":true,"href":"https:\/\/www.24baires.com\/index.php?rest_route=%2Fwp%2Fv2%2Fcomments&post=67050"}],"version-history":[{"count":3,"href":"https:\/\/www.24baires.com\/index.php?rest_route=\/wp\/v2\/posts\/67050\/revisions"}],"predecessor-version":[{"id":67063,"href":"https:\/\/www.24baires.com\/index.php?rest_route=\/wp\/v2\/posts\/67050\/revisions\/67063"}],"wp:attachment":[{"href":"https:\/\/www.24baires.com\/index.php?rest_route=%2Fwp%2Fv2%2Fmedia&parent=67050"}],"wp:term":[{"taxonomy":"category","embeddable":true,"href":"https:\/\/www.24baires.com\/index.php?rest_route=%2Fwp%2Fv2%2Fcategories&post=67050"},{"taxonomy":"post_tag","embeddable":true,"href":"https:\/\/www.24baires.com\/index.php?rest_route=%2Fwp%2Fv2%2Ftags&post=67050"}],"curies":[{"name":"wp","href":"https:\/\/api.w.org\/{rel}","templated":true}]}}