{"id":6700,"date":"2012-11-25T11:47:57","date_gmt":"2012-11-25T14:47:57","guid":{"rendered":"http:\/\/www.24baires.com\/?p=6700"},"modified":"2012-11-27T19:33:50","modified_gmt":"2012-11-27T22:33:50","slug":"hospital-fiorito-familiares-de-un-accidentado-fallecido-agreden-a-la-guardia-medica","status":"publish","type":"post","link":"https:\/\/www.24baires.com\/?p=6700","title":{"rendered":"Hospital Fiorito: familiares de un accidentado fallecido agreden a la guardia m\u00e9dica"},"content":{"rendered":"<p><img data-recalc-dims=\"1\" loading=\"lazy\" decoding=\"async\" class=\"alignleft size-medium wp-image-6701\" title=\"Hospital_Pedro_Fiorito_Avellaneda\" src=\"https:\/\/i0.wp.com\/www.24baires.com\/wp-content\/uploads\/2012\/11\/Hospital_Pedro_Fiorito_Avellaneda.jpg?resize=300%2C225\" alt=\"\" width=\"300\" height=\"225\" srcset=\"https:\/\/i0.wp.com\/www.24baires.com\/wp-content\/uploads\/2012\/11\/Hospital_Pedro_Fiorito_Avellaneda.jpg?resize=300%2C225&amp;ssl=1 300w, https:\/\/i0.wp.com\/www.24baires.com\/wp-content\/uploads\/2012\/11\/Hospital_Pedro_Fiorito_Avellaneda.jpg?w=560&amp;ssl=1 560w\" sizes=\"auto, (max-width: 300px) 100vw, 300px\" \/>Un motociclista muri\u00f3 hoy tras un choque con un auto en la localidad bonaerense de Dock Sud, y familiares de la v\u00edctima ocasionaron incidentes en el Hospital Fiorito al querer agredir al conductor del veh\u00edculo, que qued\u00f3 internado, informaron fuentes policiales.<!--more--><br \/>\nEl accidente ocurri\u00f3 esta madrugada, alrededor de las 6, en el centro de dicha localidad del partido de Avellaneda, en el sur del Gran Buenos Aires.<br \/>\nFuentes policiales informaron que a ra\u00edz del impacto ambos conductores fueron trasladados al Hospital Fiorito de Avellaneda.<br \/>\nEl motociclista muri\u00f3 como consecuencia de las lesiones sufridas, mientras que el conductor del otro veh\u00edculo permanec\u00eda esta ma\u00f1ana internado.<br \/>\nEn tanto, la jefa de guardia del Fiorito, Miriam Cobos, dijo a la prensa que cuando ingres\u00f3 al centro asistencial se encontr\u00f3 \u00abal jefe de guardia saliente, Rodrigo Casta\u00f1era, atrincherado\u00bb.<br \/>\n\u00abHab\u00edan entrado dos personas en estado cr\u00edtico y un fallecido por distintos accidentes, y cuando los familiares se enteraron empezaron a agredir al personal de la Guardia\u00bb, afirm\u00f3 la m\u00e9dica.<br \/>\nSeg\u00fan Cobos, esta ma\u00f1ana el personal m\u00e9dico continuaba dentro de la sala de Guardia debido a que las personas que hicieron destrozos segu\u00edan en el lugar.<br \/>\nSin embargo, voceros policiales dijeron a T\u00e9lam que la situaci\u00f3n ya estaba controlada y que varios patrulleros se acercaron al hospital para garantizar su normal funcionamiento.<br \/>\n\u00abLos bomberos de la zona nos dijeron que no salgamos porque son gente peligrosa. Me manejo por lo que dice el personal de vigilancia que est\u00e1 en el port\u00f3n, yo estoy a cincuenta metros de ah\u00ed\u00bb, se\u00f1al\u00f3 Cobos.<br \/>\nEfectivos de la comisar\u00eda 1ra. de Avellaneda permanec\u00edan en los alrededores del hospital, mientras que la fiscal\u00eda de turno investiga las circunstancias de lo sucedido.<\/p>\n<p>&nbsp;<\/p>\n<p>&nbsp;<\/p>\n<p>&nbsp;<\/p>\n<p>&nbsp;<\/p>\n<p>&nbsp;<\/p>\n<p>&nbsp;<\/p>\n<p>&nbsp;<\/p>\n<p>&nbsp;<\/p>\n<p>&nbsp;<\/p>\n<p>&nbsp;<\/p>\n<p>&nbsp;<\/p>\n<p>&nbsp;<\/p>\n<p>&nbsp;<\/p>\n<p>&nbsp;<\/p>\n<p>&nbsp;<\/p>\n<p>&nbsp;<\/p>\n<p>&nbsp;<\/p>\n<p>&nbsp;<\/p>\n<p>&nbsp;<\/p>\n<p>&nbsp;<\/p>\n<p>&nbsp;<\/p>\n<p>&nbsp;<\/p>\n<p>&nbsp;<\/p>\n<p>&nbsp;<\/p>\n<p>&nbsp;<\/p>\n","protected":false},"excerpt":{"rendered":"<p>Un motociclista muri\u00f3 hoy tras un choque con un auto en la localidad bonaerense de Dock Sud, y familiares de la v\u00edctima ocasionaron incidentes en el Hospital Fiorito al querer agredir al conductor del veh\u00edculo, que qued\u00f3 internado, informaron fuentes policiales.<\/p>\n","protected":false},"author":11,"featured_media":0,"comment_status":"open","ping_status":"open","sticky":false,"template":"","format":"standard","meta":{"_jetpack_newsletter_access":"","_jetpack_dont_email_post_to_subs":false,"_jetpack_newsletter_tier_id":0,"_jetpack_memberships_contains_paywalled_content":false,"_jetpack_memberships_contains_paid_content":false,"footnotes":""},"categories":[49],"tags":[],"class_list":["post-6700","post","type-post","status-publish","format-standard","hentry","category-policiales"],"jetpack_featured_media_url":"","jetpack_shortlink":"https:\/\/wp.me\/p2JWE0-1K4","jetpack-related-posts":[{"id":6771,"url":"https:\/\/www.24baires.com\/?p=6771","url_meta":{"origin":6700,"position":0},"title":"Collia se cruz\u00f3 con delegados gremiales luego de los incidentes en el Hospital Fiorito","author":"Grupo Sierra","date":"25\/11\/2012","format":false,"excerpt":"AVELLANEDA - El ministro de Salud provincial, Alejandro Collia, \u00a0acudi\u00f3 hoy al nosocomio para \"llevar tranquilidad a sus trabajadores\" luego de la tensi\u00f3n generada con los familiares de un paciente que falleci\u00f3 en un accidente de tr\u00e1nsito. La delegada Marit\u00e9 Sosa cuestion\u00f3 al funcionario por tratar de \u201crelativizar un hecho\u2026","rel":"","context":"En \u00abProvincia\u00bb","block_context":{"text":"Provincia","link":"https:\/\/www.24baires.com\/?cat=40"},"img":{"alt_text":"","src":"","width":0,"height":0},"classes":[]},{"id":106725,"url":"https:\/\/www.24baires.com\/?p=106725","url_meta":{"origin":6700,"position":1},"title":"Muri\u00f3 el joven que sufri\u00f3 una descarga el\u00e9ctrica en el techo del Tren Roca","author":"GB","date":"07\/02\/2019","format":false,"excerpt":"Viajaba con otro amigo una formaci\u00f3n que volv\u00eda de Mar del Plata a Constituci\u00f3n. El joven ten\u00eda el 80 por ciento del cuerpo quemado. Falleci\u00f3 de un paro cardiorespiratorio. El joven de 18 a\u00f1os que viajaba en el techo de una formaci\u00f3n del Tren Roca el martes cuando sufri\u00f3 una\u2026","rel":"","context":"En \u00abSociedad\u00bb","block_context":{"text":"Sociedad","link":"https:\/\/www.24baires.com\/?cat=1"},"img":{"alt_text":"","src":"https:\/\/i0.wp.com\/www.24baires.com\/wp-content\/uploads\/2019\/02\/electrocutados.jpg?resize=350%2C200","width":350,"height":200,"srcset":"https:\/\/i0.wp.com\/www.24baires.com\/wp-content\/uploads\/2019\/02\/electrocutados.jpg?resize=350%2C200 1x, https:\/\/i0.wp.com\/www.24baires.com\/wp-content\/uploads\/2019\/02\/electrocutados.jpg?resize=525%2C300 1.5x"},"classes":[]},{"id":107439,"url":"https:\/\/www.24baires.com\/?p=107439","url_meta":{"origin":6700,"position":2},"title":"Tiroteo entre polic\u00edas: un comisario bonaerense muerto y dos agentes de la Federal heridos","author":"AF","date":"29\/03\/2019","format":false,"excerpt":"Ocurri\u00f3 en la localidad bonaerense de Avellaneda. Hay un detenido. Un comisario de la Polic\u00eda bonaerense muri\u00f3 baleado esta noche y dos de la Policia Federal resultaron heridos tras un enfrentamiento entre ambas fuerzas por una extorsi\u00f3n cometida contra una mujer. Ocurri\u00f3 en el partido bonaerense de Avellaneda. Por el\u2026","rel":"","context":"En \u00abPoliciales\u00bb","block_context":{"text":"Policiales","link":"https:\/\/www.24baires.com\/?cat=49"},"img":{"alt_text":"","src":"https:\/\/i0.wp.com\/www.24baires.com\/wp-content\/uploads\/2019\/03\/0036345406.jpeg?resize=350%2C200","width":350,"height":200,"srcset":"https:\/\/i0.wp.com\/www.24baires.com\/wp-content\/uploads\/2019\/03\/0036345406.jpeg?resize=350%2C200 1x, https:\/\/i0.wp.com\/www.24baires.com\/wp-content\/uploads\/2019\/03\/0036345406.jpeg?resize=525%2C300 1.5x"},"classes":[]},{"id":70964,"url":"https:\/\/www.24baires.com\/?p=70964","url_meta":{"origin":6700,"position":3},"title":"Apareci\u00f3 muerta la mujer que hab\u00eda escapado del hospital de Avellaneda","author":"GB","date":"21\/08\/2015","format":false,"excerpt":"J\u00e9sica Garavaglia, la mujer fugada el 3 de agosto pasado del Hospital Fiorito de la localidad bonaerense de Avellaneda mientras esperaba en un habitaci\u00f3n con un cuadro de perdida temporal de la memoria ante un posible diagn\u00f3stico de ACV, \"falleci\u00f3 el mismo d\u00eda que sali\u00f3 del Hospital\", afirm\u00f3 su esposo\u2026","rel":"","context":"En \u00abSociedad\u00bb","block_context":{"text":"Sociedad","link":"https:\/\/www.24baires.com\/?cat=1"},"img":{"alt_text":"","src":"","width":0,"height":0},"classes":[]},{"id":70934,"url":"https:\/\/www.24baires.com\/?p=70934","url_meta":{"origin":6700,"position":4},"title":"Avellaneda: buscan a una mujer que tuvo un ACV y se escap\u00f3 del hospital Fiorito","author":"AF","date":"21\/08\/2015","format":false,"excerpt":"Una mujer que sufri\u00f3 un accidente cerebrovascular se escap\u00f3 hace 20 d\u00edas de ese centro de salud del partido bonaerense de Avellaneda y su marido, que encabeza la b\u00fasqueda, dijo hoy que teme \u201cpor lo que puede estar pasando\u201d ya que el cuadro que sufre le hizo \u201cperder el uso\u2026","rel":"","context":"En \u00abLocales\u00bb","block_context":{"text":"Locales","link":"https:\/\/www.24baires.com\/?cat=38"},"img":{"alt_text":"hospital fiorito avellaneda","src":"https:\/\/i0.wp.com\/www.24baires.com\/wp-content\/uploads\/2015\/08\/hospital-fiorito-avellaneda.jpg?resize=350%2C200","width":350,"height":200,"srcset":"https:\/\/i0.wp.com\/www.24baires.com\/wp-content\/uploads\/2015\/08\/hospital-fiorito-avellaneda.jpg?resize=350%2C200 1x, https:\/\/i0.wp.com\/www.24baires.com\/wp-content\/uploads\/2015\/08\/hospital-fiorito-avellaneda.jpg?resize=525%2C300 1.5x"},"classes":[]},{"id":107080,"url":"https:\/\/www.24baires.com\/?p=107080","url_meta":{"origin":6700,"position":5},"title":"Villa Fiorito: femicida roci\u00f3 a su pareja con nafta y la prendi\u00f3 fuego","author":"AF","date":"05\/03\/2019","format":false,"excerpt":"La mujer sufri\u00f3 quemaduras en casi el 50% de su cuerpo. Es el segundo asesinato de similares caracter\u00edsticas en Lomas de Zamora durante este fin de semana. Una mujer de 38 a\u00f1os muri\u00f3 por las graves quemaduras que sufri\u00f3 en casi el 50 por ciento de su cuerpo. Su pareja\u2026","rel":"","context":"En \u00abPoliciales\u00bb","block_context":{"text":"Policiales","link":"https:\/\/www.24baires.com\/?cat=49"},"img":{"alt_text":"","src":"https:\/\/i0.wp.com\/www.24baires.com\/wp-content\/uploads\/2019\/03\/hospital.png?resize=350%2C200","width":350,"height":200,"srcset":"https:\/\/i0.wp.com\/www.24baires.com\/wp-content\/uploads\/2019\/03\/hospital.png?resize=350%2C200 1x, https:\/\/i0.wp.com\/www.24baires.com\/wp-content\/uploads\/2019\/03\/hospital.png?resize=525%2C300 1.5x"},"classes":[]}],"jetpack_sharing_enabled":true,"jetpack_likes_enabled":true,"_links":{"self":[{"href":"https:\/\/www.24baires.com\/index.php?rest_route=\/wp\/v2\/posts\/6700","targetHints":{"allow":["GET"]}}],"collection":[{"href":"https:\/\/www.24baires.com\/index.php?rest_route=\/wp\/v2\/posts"}],"about":[{"href":"https:\/\/www.24baires.com\/index.php?rest_route=\/wp\/v2\/types\/post"}],"author":[{"embeddable":true,"href":"https:\/\/www.24baires.com\/index.php?rest_route=\/wp\/v2\/users\/11"}],"replies":[{"embeddable":true,"href":"https:\/\/www.24baires.com\/index.php?rest_route=%2Fwp%2Fv2%2Fcomments&post=6700"}],"version-history":[{"count":3,"href":"https:\/\/www.24baires.com\/index.php?rest_route=\/wp\/v2\/posts\/6700\/revisions"}],"predecessor-version":[{"id":6704,"href":"https:\/\/www.24baires.com\/index.php?rest_route=\/wp\/v2\/posts\/6700\/revisions\/6704"}],"wp:attachment":[{"href":"https:\/\/www.24baires.com\/index.php?rest_route=%2Fwp%2Fv2%2Fmedia&parent=6700"}],"wp:term":[{"taxonomy":"category","embeddable":true,"href":"https:\/\/www.24baires.com\/index.php?rest_route=%2Fwp%2Fv2%2Fcategories&post=6700"},{"taxonomy":"post_tag","embeddable":true,"href":"https:\/\/www.24baires.com\/index.php?rest_route=%2Fwp%2Fv2%2Ftags&post=6700"}],"curies":[{"name":"wp","href":"https:\/\/api.w.org\/{rel}","templated":true}]}}