{"id":6697,"date":"2012-11-25T11:39:47","date_gmt":"2012-11-25T14:39:47","guid":{"rendered":"http:\/\/www.24baires.com\/?p=6697"},"modified":"2012-11-26T12:13:41","modified_gmt":"2012-11-26T15:13:41","slug":"cientos-de-jefes-comunales-de-todo-el-pais-piden-respeto-a-la-ley-de-medios","status":"publish","type":"post","link":"https:\/\/www.24baires.com\/?p=6697","title":{"rendered":"Cientos de Jefes Comunales de todo el pa\u00eds piden respeto a la Ley de Medios"},"content":{"rendered":"<p>Cientos de intendentes de todo el pa\u00eds respaldaron la ley de Servicios de Comunicaci\u00f3n Audiovisual a trav\u00e9s de una solicitada titulada `Respeto por la ley: voces para todos y todas`, y pidieron el cumplimiento de la normativa sancionada hace tres a\u00f1os.<!--more--><br \/>\n\u00abLos intendentes de todo el pa\u00eds aseguramos que, una vez m\u00e1s, Argentina est\u00e1 a la vanguardia en la protecci\u00f3n de los derechos de los ciudadanos de acceder a la informaci\u00f3n, que constituye una de las obligaciones de un gobierno elegido democr\u00e1ticamente y que toma decisiones pol\u00edticas para garantizar la pluralidad de voces y la libertad de expresi\u00f3n\u00bb, se indica en el primer p\u00e1rrafo del texto publicado hoy en los diarios P\u00e1gina\/12, Tiempo Argentino y otros.<br \/>\nAdem\u00e1s, los intendentes aseguran que la finalidad de la normativa, \u00abgran paso que dio hace tres a\u00f1os este modelo Nacional, Popular y Democr\u00e1tico que conduce la Presidenta Cristina Fern\u00e1ndez de Kirchner, fue bregar por la multiplicaci\u00f3n de canales de informaci\u00f3n (&#8230;) y permitir espacios reales a otras voces que los monopolios silencian\u00bb.<br \/>\n\u00abHay que cumplir con la ley porque vivimos en un Estado que marca derechos y obligaciones. Si un monopolio no respeta la norma es que no entendi\u00f3 que en el pa\u00eds que estamos construyendo se terminaron los privilegios, y tampoco respeta con esa postura ninguno de los tres poderes democr\u00e1ticos, es decir, al Pueblo en su conjunto\u00bb, concluye el texto.<br \/>\nEntre los intendentes que adhieren a la solicitada se encuentran Julio Pereyra (Florencio Varela), Fernando Espinoza (La Matanza), Jorge Ferraresi (Avellaneda), Franciso \u00abBarba\u00bb Guti\u00e9rrez (Quilmes), Ra\u00fal Jalil (San Fernando del Valle de Catamarca), Carlos Mauricio Espinola (Corrientes), Aida Beatriz Ayala (Resistencia) y N\u00e9stor Di Pierro (Comodoro Rivadavia).<br \/>\nTambi\u00e9n firman Blanca In\u00e9s Osuna (Paran\u00e1), Fernando Antonio De Vido (Formosa), Omar Goye (San Carlos de Bariloche), Miguel Angel Isa (Salta), Ra\u00fal Cant\u00edn (R\u00edo Gallegos), Luis Castellano (Rafaela), Enrique Ariel Ponce (San Luis) y Domingo Amaya (San Miguel de Tucum\u00e1n), entre otros.<\/p>\n","protected":false},"excerpt":{"rendered":"<p>Cientos de intendentes de todo el pa\u00eds respaldaron la ley de Servicios de Comunicaci\u00f3n Audiovisual a trav\u00e9s de una solicitada titulada `Respeto por la ley: voces para todos y todas`, y pidieron el cumplimiento de la normativa sancionada hace tres a\u00f1os.<\/p>\n","protected":false},"author":11,"featured_media":0,"comment_status":"open","ping_status":"open","sticky":false,"template":"","format":"standard","meta":{"_jetpack_newsletter_access":"","_jetpack_dont_email_post_to_subs":false,"_jetpack_newsletter_tier_id":0,"_jetpack_memberships_contains_paywalled_content":false,"_jetpack_memberships_contains_paid_content":false,"footnotes":""},"categories":[54],"tags":[],"class_list":["post-6697","post","type-post","status-publish","format-standard","hentry","category-medios"],"jetpack_featured_media_url":"","jetpack_shortlink":"https:\/\/wp.me\/p2JWE0-1K1","jetpack-related-posts":[{"id":114652,"url":"https:\/\/www.24baires.com\/?p=114652","url_meta":{"origin":6697,"position":0},"title":"Alberto Fern\u00e1ndez convoc\u00f3 a gobernadores e intendentes a controlar los precios","author":"GB","date":"09\/04\/2020","format":false,"excerpt":"El Poder Ejecutivo Nacional lanz\u00f3 el llamamiento a los distritos provinciales y municipales para evitar la especulaci\u00f3n. El Gobierno nacional convoc\u00f3 este jueves a los gobernadores e intendentes de todos los municipios del pa\u00eds a realizar tareas de fiscalizaci\u00f3n y control de los precios m\u00e1ximos establecidos por la Secretar\u00eda de\u2026","rel":"","context":"En \u00abPol\u00edtica\u00bb","block_context":{"text":"Pol\u00edtica","link":"https:\/\/www.24baires.com\/?cat=51"},"img":{"alt_text":"","src":"https:\/\/i0.wp.com\/www.24baires.com\/wp-content\/uploads\/2020\/04\/alberto-videoconferencia.jpeg?resize=350%2C200","width":350,"height":200,"srcset":"https:\/\/i0.wp.com\/www.24baires.com\/wp-content\/uploads\/2020\/04\/alberto-videoconferencia.jpeg?resize=350%2C200 1x, https:\/\/i0.wp.com\/www.24baires.com\/wp-content\/uploads\/2020\/04\/alberto-videoconferencia.jpeg?resize=525%2C300 1.5x"},"classes":[]},{"id":113096,"url":"https:\/\/www.24baires.com\/?p=113096","url_meta":{"origin":6697,"position":1},"title":"Municipales advierten que 70 intendentes incumplen la ley de paritarias","author":"GB","date":"22\/11\/2019","format":false,"excerpt":"A cinco a\u00f1os de la sanci\u00f3n que reglamenta la discusi\u00f3n salarial de los trabajadores comunales, Fesimubo pidi\u00f3 por la plena implementaci\u00f3n Este 20 de noviembre se cumplieron cinco a\u00f1os de la sanci\u00f3n de la ley provincial 14.656 que regula la relaci\u00f3n laboral entre el Municipio y sus trabajadores, el titular\u2026","rel":"","context":"En \u00abMunicipios\u00bb","block_context":{"text":"Municipios","link":"https:\/\/www.24baires.com\/?cat=44"},"img":{"alt_text":"","src":"https:\/\/i0.wp.com\/www.24baires.com\/wp-content\/uploads\/2019\/11\/municipales.jpg?resize=350%2C200","width":350,"height":200,"srcset":"https:\/\/i0.wp.com\/www.24baires.com\/wp-content\/uploads\/2019\/11\/municipales.jpg?resize=350%2C200 1x, https:\/\/i0.wp.com\/www.24baires.com\/wp-content\/uploads\/2019\/11\/municipales.jpg?resize=525%2C300 1.5x"},"classes":[]},{"id":121228,"url":"https:\/\/www.24baires.com\/?p=121228","url_meta":{"origin":6697,"position":2},"title":"La UCR propone regular los precios de medicamentos","author":"GB","date":"15\/04\/2024","format":false,"excerpt":"Intendentes de la UCR liderados por Miguel Lunghi buscan reinstaurar una ley similar a la de Arturo Illia para congelar los precios de los medicamentos, en medio de la creciente dificultad de acceso a los mismos en Argentina. a Uni\u00f3n C\u00edvica Radical (UCR) liderada por Miguel Lunghi, intendente de Tandil,\u2026","rel":"","context":"En \u00abPol\u00edtica\u00bb","block_context":{"text":"Pol\u00edtica","link":"https:\/\/www.24baires.com\/?cat=51"},"img":{"alt_text":"","src":"https:\/\/i0.wp.com\/www.24baires.com\/wp-content\/uploads\/2024\/04\/ucr.webp?resize=350%2C200","width":350,"height":200,"srcset":"https:\/\/i0.wp.com\/www.24baires.com\/wp-content\/uploads\/2024\/04\/ucr.webp?resize=350%2C200 1x, https:\/\/i0.wp.com\/www.24baires.com\/wp-content\/uploads\/2024\/04\/ucr.webp?resize=525%2C300 1.5x, https:\/\/i0.wp.com\/www.24baires.com\/wp-content\/uploads\/2024\/04\/ucr.webp?resize=700%2C400 2x"},"classes":[]},{"id":102616,"url":"https:\/\/www.24baires.com\/?p=102616","url_meta":{"origin":6697,"position":3},"title":"La Legislatura aprob\u00f3 la ley que reduce el costo de las tarifas","author":"GB","date":"08\/06\/2018","format":false,"excerpt":"Las dos C\u00e1maras sancionaron la norma que elimina un impuesto que las el\u00e9ctricas cobraban a los usuarios y luego giraban a las comunas y habilit\u00f3 a los intendentes a cobrarles a las prestatarias una tasa extra. La Legislatura bonaerense sancion\u00f3 ayer la ley que reduce el costo de las tarifas\u2026","rel":"","context":"En \u00abProvincia\u00bb","block_context":{"text":"Provincia","link":"https:\/\/www.24baires.com\/?cat=40"},"img":{"alt_text":"","src":"https:\/\/i0.wp.com\/www.24baires.com\/wp-content\/uploads\/2016\/08\/contra-tarifazo.jpg?resize=350%2C200","width":350,"height":200,"srcset":"https:\/\/i0.wp.com\/www.24baires.com\/wp-content\/uploads\/2016\/08\/contra-tarifazo.jpg?resize=350%2C200 1x, https:\/\/i0.wp.com\/www.24baires.com\/wp-content\/uploads\/2016\/08\/contra-tarifazo.jpg?resize=525%2C300 1.5x"},"classes":[]},{"id":114731,"url":"https:\/\/www.24baires.com\/?p=114731","url_meta":{"origin":6697,"position":4},"title":"\u201cNo habr\u00e1 desembolsos en los pr\u00f3ximos tres a\u00f1os\u201d","author":"AF","date":"16\/04\/2020","format":false,"excerpt":"El ministro de Econom\u00eda, Mart\u00edn Guzm\u00e1n, asegur\u00f3 hoy que la Argentina tiene \"una situaci\u00f3n de deuda que no podemos enfrentar con el Fondo Monetario Internacional\" y que el Gobierno nacional trabaja \"un nuevo programa que implique no hacer ning\u00fan desembolso de capital adeudado en los pr\u00f3ximos tres a\u00f1os\". Los detalles\u2026","rel":"","context":"En \u00abEconom\u00eda\u00bb","block_context":{"text":"Econom\u00eda","link":"https:\/\/www.24baires.com\/?cat=45"},"img":{"alt_text":"","src":"https:\/\/i0.wp.com\/www.24baires.com\/wp-content\/uploads\/2016\/04\/fmi.jpg?resize=350%2C200","width":350,"height":200,"srcset":"https:\/\/i0.wp.com\/www.24baires.com\/wp-content\/uploads\/2016\/04\/fmi.jpg?resize=350%2C200 1x, https:\/\/i0.wp.com\/www.24baires.com\/wp-content\/uploads\/2016\/04\/fmi.jpg?resize=525%2C300 1.5x"},"classes":[]},{"id":111146,"url":"https:\/\/www.24baires.com\/?p=111146","url_meta":{"origin":6697,"position":5},"title":"El PJ ampli\u00f3 su denuncia contra el Gobierno por irregularidades de cara a los comicios","author":"AF","date":"11\/07\/2019","format":false,"excerpt":"Los dirigentes del peronismo alertaron sobre los cambios en las reglas electorales y en el escrutinio. \"En 36 a\u00f1os de democracia es la primera vez que tenemos estos inconvenientes\u201d, advirtieron. \"Son diez intentos de modificaci\u00f3n a las reglas electorales. Estos intentos de manipulaci\u00f3n ponen en riesgo la trasparencia electoral\u201d, dijo\u2026","rel":"","context":"En \u00abPol\u00edtica\u00bb","block_context":{"text":"Pol\u00edtica","link":"https:\/\/www.24baires.com\/?cat=51"},"img":{"alt_text":"","src":"https:\/\/i0.wp.com\/www.24baires.com\/wp-content\/uploads\/2019\/07\/congreso.jpg?resize=350%2C200","width":350,"height":200,"srcset":"https:\/\/i0.wp.com\/www.24baires.com\/wp-content\/uploads\/2019\/07\/congreso.jpg?resize=350%2C200 1x, https:\/\/i0.wp.com\/www.24baires.com\/wp-content\/uploads\/2019\/07\/congreso.jpg?resize=525%2C300 1.5x"},"classes":[]}],"jetpack_sharing_enabled":true,"jetpack_likes_enabled":true,"_links":{"self":[{"href":"https:\/\/www.24baires.com\/index.php?rest_route=\/wp\/v2\/posts\/6697","targetHints":{"allow":["GET"]}}],"collection":[{"href":"https:\/\/www.24baires.com\/index.php?rest_route=\/wp\/v2\/posts"}],"about":[{"href":"https:\/\/www.24baires.com\/index.php?rest_route=\/wp\/v2\/types\/post"}],"author":[{"embeddable":true,"href":"https:\/\/www.24baires.com\/index.php?rest_route=\/wp\/v2\/users\/11"}],"replies":[{"embeddable":true,"href":"https:\/\/www.24baires.com\/index.php?rest_route=%2Fwp%2Fv2%2Fcomments&post=6697"}],"version-history":[{"count":3,"href":"https:\/\/www.24baires.com\/index.php?rest_route=\/wp\/v2\/posts\/6697\/revisions"}],"predecessor-version":[{"id":6699,"href":"https:\/\/www.24baires.com\/index.php?rest_route=\/wp\/v2\/posts\/6697\/revisions\/6699"}],"wp:attachment":[{"href":"https:\/\/www.24baires.com\/index.php?rest_route=%2Fwp%2Fv2%2Fmedia&parent=6697"}],"wp:term":[{"taxonomy":"category","embeddable":true,"href":"https:\/\/www.24baires.com\/index.php?rest_route=%2Fwp%2Fv2%2Fcategories&post=6697"},{"taxonomy":"post_tag","embeddable":true,"href":"https:\/\/www.24baires.com\/index.php?rest_route=%2Fwp%2Fv2%2Ftags&post=6697"}],"curies":[{"name":"wp","href":"https:\/\/api.w.org\/{rel}","templated":true}]}}