{"id":6671,"date":"2012-11-24T19:27:18","date_gmt":"2012-11-24T22:27:18","guid":{"rendered":"http:\/\/www.24baires.com\/?p=6671"},"modified":"2012-11-24T19:27:18","modified_gmt":"2012-11-24T22:27:18","slug":"se-registraron-mas-de-2700-autos-por-hora-circulando-en-rutas-hacia-la-costa-bonaerense","status":"publish","type":"post","link":"https:\/\/www.24baires.com\/?p=6671","title":{"rendered":"Se registraron m\u00e1s de 2700 autos por hora circulando en rutas hacia la costa bonaerense"},"content":{"rendered":"<p>El fin de semana largo moviliz\u00f3 gran cantidad de autom\u00f3viles en el camino a la costa atl\u00e1ntica, en el que se registraron picos de m\u00e1s de 2.700 veh\u00edculos por hora, inform\u00f3 la Agencia de Seguridad Vial.<!--more--><br \/>\nEl ministerio de Interior y Transporte de la Naci\u00f3n despleg\u00f3 un operativo de fiscalizaci\u00f3n sobre unos 70 puntos de control, adem\u00e1s de los circuitos de patrullaje espec\u00edficos, con \u00e9nfasis en las velocidades m\u00e1ximas, los test de alcoholemia y el uso del cintur\u00f3n de seguridad y del casco.<br \/>\nTambi\u00e9n hizo revisi\u00f3n de la documentaci\u00f3n reglamentaria y control\u00f3 la restricci\u00f3n de uso de elementos que distraen la atenci\u00f3n durante la conducci\u00f3n, como el tel\u00e9fono celular.<br \/>\nSobre la autopista Buenos Aires-La Plata a la altura del peaje Hudson, el operativo control\u00f3 que los camiones de m\u00e1s de 3.500 kilos no circularan mientras reg\u00eda anoche el per\u00edodo de veda, y detuvo a 42 veh\u00edculos de gran porte; durante la jornada no se registraron siniestros de gravedad.<br \/>\nLas autoridades estimaron que m\u00e1s de un mill\u00f3n de turistas viajaron este fin de semana largo, lo cual se evidenci\u00f3 en la Ruta 2 a la altura del peaje de Samborombon, que registr\u00f3 picos de m\u00e1s de 2.700 veh\u00edculos por hora.<br \/>\nEl pr\u00f3ximo lunes regir\u00e1 nuevamente la restricci\u00f3n de camiones de gran porte entre las 18 y las 23.59, advirti\u00f3 la Agencia.<\/p>\n","protected":false},"excerpt":{"rendered":"<p>El fin de semana largo moviliz\u00f3 gran cantidad de autom\u00f3viles en el camino a la costa atl\u00e1ntica, en el que se registraron picos de m\u00e1s de 2.700 veh\u00edculos por hora, inform\u00f3 la Agencia de Seguridad Vial.<\/p>\n","protected":false},"author":4,"featured_media":0,"comment_status":"open","ping_status":"open","sticky":false,"template":"","format":"standard","meta":{"_jetpack_newsletter_access":"","_jetpack_dont_email_post_to_subs":false,"_jetpack_newsletter_tier_id":0,"_jetpack_memberships_contains_paywalled_content":false,"_jetpack_memberships_contains_paid_content":false,"footnotes":""},"categories":[1],"tags":[],"class_list":["post-6671","post","type-post","status-publish","format-standard","hentry","category-sociedad"],"jetpack_featured_media_url":"","jetpack_shortlink":"https:\/\/wp.me\/p2JWE0-1JB","jetpack-related-posts":[{"id":101346,"url":"https:\/\/www.24baires.com\/?p=101346","url_meta":{"origin":6671,"position":0},"title":"Finde XXL: mil autos por hora circulan hacia Mar del Plata","author":"GB","date":"29\/03\/2018","format":false,"excerpt":"Las rutas a la Costa registran un tr\u00e1nsito similar al de un cambio de quincena en plena temporada de verano En el arranque de este fin de semana largo de Pascuas, las rutas a la Costa registran un tr\u00e1nsito similar al de un cambio de quincena en plena temporada de\u2026","rel":"","context":"En \u00abSociedad\u00bb","block_context":{"text":"Sociedad","link":"https:\/\/www.24baires.com\/?cat=1"},"img":{"alt_text":"","src":"https:\/\/i0.wp.com\/www.24baires.com\/wp-content\/uploads\/2013\/06\/autos-finde-largo-junio-300x199.jpg?resize=350%2C200","width":350,"height":200},"classes":[]},{"id":37431,"url":"https:\/\/www.24baires.com\/?p=37431","url_meta":{"origin":6671,"position":1},"title":"Suman controles hasta para la copita de las 12","author":"Grupo Sierra","date":"26\/12\/2013","format":false,"excerpt":"Lanzaron el Operativo de Verano en la Costa. El ministerio de Salud puso en marcha el plan de Verano, que tendr\u00e1 como punto fuerte los controles de alcoholemia a conductores e inspecciones en bares y boliches. Se afectaron a este operativo m\u00e1s de 80 inspectores, que estar\u00e1n apostados en puntos\u2026","rel":"","context":"En \u00abProvincia\u00bb","block_context":{"text":"Provincia","link":"https:\/\/www.24baires.com\/?cat=40"},"img":{"alt_text":"control-alcoholemia","src":"https:\/\/i0.wp.com\/www.24baires.com\/wp-content\/uploads\/2013\/01\/control-alcoholemia1.jpg?resize=350%2C200","width":350,"height":200,"srcset":"https:\/\/i0.wp.com\/www.24baires.com\/wp-content\/uploads\/2013\/01\/control-alcoholemia1.jpg?resize=350%2C200 1x, https:\/\/i0.wp.com\/www.24baires.com\/wp-content\/uploads\/2013\/01\/control-alcoholemia1.jpg?resize=525%2C300 1.5x"},"classes":[]},{"id":37612,"url":"https:\/\/www.24baires.com\/?p=37612","url_meta":{"origin":6671,"position":2},"title":"M\u00e1s de 2 mil veh\u00edculos por hora circulan hacia la Costa","author":"GB","date":"29\/12\/2013","format":false,"excerpt":"Unos 2.300 veh\u00edculos por hora pasaban esta ma\u00f1ana en la Autov\u00eda 2 hacia la Costa Atl\u00e1ntica, de acuerdo al registro del peaje Samboromb\u00f3n, inform\u00f3 la Agencia Nacional de Seguridad Vial (ANSV). Seg\u00fan registros del peaje Samboromb\u00f3n, de esa ruta que conecta la costa bonaerense con el \u00c1rea Metropolitana, pasaban unos\u2026","rel":"","context":"En \u00abSociedad\u00bb","block_context":{"text":"Sociedad","link":"https:\/\/www.24baires.com\/?cat=1"},"img":{"alt_text":"regreso autopista","src":"https:\/\/i0.wp.com\/www.24baires.com\/wp-content\/uploads\/2013\/11\/regreso-autopista.jpg?resize=350%2C200","width":350,"height":200,"srcset":"https:\/\/i0.wp.com\/www.24baires.com\/wp-content\/uploads\/2013\/11\/regreso-autopista.jpg?resize=350%2C200 1x, https:\/\/i0.wp.com\/www.24baires.com\/wp-content\/uploads\/2013\/11\/regreso-autopista.jpg?resize=525%2C300 1.5x"},"classes":[]},{"id":116568,"url":"https:\/\/www.24baires.com\/?p=116568","url_meta":{"origin":6671,"position":3},"title":"Operativo Sol: m\u00e1s de 12 mil efectivos controlar\u00e1n la seguridad en la temporada","author":"GB","date":"29\/10\/2020","format":false,"excerpt":"As\u00ed lo confirm\u00f3 el intendente Guillermo Montenegro, quien remarc\u00f3 que la Provincia comunic\u00f3 que ser\u00e1 \"la misma cantidad de efectivos\" que la edici\u00f3n anterior El intendente de General Pueyrred\u00f3n Guillermo Montenegro asegur\u00f3 este mi\u00e9rcoles que m\u00e1s de 12.000 efectivos policiales controlar\u00e1n la seguridad este verano en la costa atlantica en\u2026","rel":"","context":"En \u00abMunicipios\u00bb","block_context":{"text":"Municipios","link":"https:\/\/www.24baires.com\/?cat=44"},"img":{"alt_text":"","src":"https:\/\/i0.wp.com\/www.24baires.com\/wp-content\/uploads\/2020\/10\/0003163707.jpg?resize=350%2C200","width":350,"height":200,"srcset":"https:\/\/i0.wp.com\/www.24baires.com\/wp-content\/uploads\/2020\/10\/0003163707.jpg?resize=350%2C200 1x, https:\/\/i0.wp.com\/www.24baires.com\/wp-content\/uploads\/2020\/10\/0003163707.jpg?resize=525%2C300 1.5x"},"classes":[]},{"id":106128,"url":"https:\/\/www.24baires.com\/?p=106128","url_meta":{"origin":6671,"position":4},"title":"Vidal lanz\u00f3 en Mar del Plata el Operativo Sol","author":"AF","date":"27\/12\/2018","format":false,"excerpt":"\"Vamos a estar trabajando para ustedes, para que puedan disfrutar de unos d\u00edas de merecido descanso\", asegur\u00f3 la mandataria provincial desde Mar del Plata junto al ministro de Seguridad, Cristian Ritondo; el secretario general del Gobierno, Fabi\u00e1n Perechodnik. La gobernadora de la provincia de Buenos Aires, Mar\u00eda Eugenia Vidal, lanz\u00f3\u2026","rel":"","context":"En \u00abSociedad\u00bb","block_context":{"text":"Sociedad","link":"https:\/\/www.24baires.com\/?cat=1"},"img":{"alt_text":"","src":"https:\/\/i0.wp.com\/www.24baires.com\/wp-content\/uploads\/2018\/12\/vidal-operativo-sol.jpeg?resize=350%2C200","width":350,"height":200,"srcset":"https:\/\/i0.wp.com\/www.24baires.com\/wp-content\/uploads\/2018\/12\/vidal-operativo-sol.jpeg?resize=350%2C200 1x, https:\/\/i0.wp.com\/www.24baires.com\/wp-content\/uploads\/2018\/12\/vidal-operativo-sol.jpeg?resize=525%2C300 1.5x"},"classes":[]},{"id":37285,"url":"https:\/\/www.24baires.com\/?p=37285","url_meta":{"origin":6671,"position":5},"title":"Arba controlar\u00e1 los hoteles de la Provincia que no se hayan registrado","author":"GB","date":"22\/12\/2013","format":false,"excerpt":"El director de la Agencia de Recaudaci\u00f3n de la provincia de Buenos Aires, Iv\u00e1n Budassi, y el secretario de Turismo, Ignacio Crotto, llevar\u00e1n a cabo tareas conjuntas para combatir la evasi\u00f3n. Los operativos se realizar\u00e1n durante el verano en la Costa Atl\u00e1ntica en lugares que funcionan como \"establecimientos y hospedajes\".\u2026","rel":"","context":"En \u00abProvincia\u00bb","block_context":{"text":"Provincia","link":"https:\/\/www.24baires.com\/?cat=40"},"img":{"alt_text":"","src":"","width":0,"height":0},"classes":[]}],"jetpack_sharing_enabled":true,"jetpack_likes_enabled":true,"_links":{"self":[{"href":"https:\/\/www.24baires.com\/index.php?rest_route=\/wp\/v2\/posts\/6671","targetHints":{"allow":["GET"]}}],"collection":[{"href":"https:\/\/www.24baires.com\/index.php?rest_route=\/wp\/v2\/posts"}],"about":[{"href":"https:\/\/www.24baires.com\/index.php?rest_route=\/wp\/v2\/types\/post"}],"author":[{"embeddable":true,"href":"https:\/\/www.24baires.com\/index.php?rest_route=\/wp\/v2\/users\/4"}],"replies":[{"embeddable":true,"href":"https:\/\/www.24baires.com\/index.php?rest_route=%2Fwp%2Fv2%2Fcomments&post=6671"}],"version-history":[{"count":1,"href":"https:\/\/www.24baires.com\/index.php?rest_route=\/wp\/v2\/posts\/6671\/revisions"}],"predecessor-version":[{"id":6672,"href":"https:\/\/www.24baires.com\/index.php?rest_route=\/wp\/v2\/posts\/6671\/revisions\/6672"}],"wp:attachment":[{"href":"https:\/\/www.24baires.com\/index.php?rest_route=%2Fwp%2Fv2%2Fmedia&parent=6671"}],"wp:term":[{"taxonomy":"category","embeddable":true,"href":"https:\/\/www.24baires.com\/index.php?rest_route=%2Fwp%2Fv2%2Fcategories&post=6671"},{"taxonomy":"post_tag","embeddable":true,"href":"https:\/\/www.24baires.com\/index.php?rest_route=%2Fwp%2Fv2%2Ftags&post=6671"}],"curies":[{"name":"wp","href":"https:\/\/api.w.org\/{rel}","templated":true}]}}