{"id":6668,"date":"2012-11-24T19:25:03","date_gmt":"2012-11-24T22:25:03","guid":{"rendered":"http:\/\/www.24baires.com\/?p=6668"},"modified":"2012-11-24T19:25:03","modified_gmt":"2012-11-24T22:25:03","slug":"baradel-aseguro-que-esta-en-riesgo-el-inicio-de-clases-el-ano-proximo","status":"publish","type":"post","link":"https:\/\/www.24baires.com\/?p=6668","title":{"rendered":"Baradel asegur\u00f3 que \u00abest\u00e1 en riesgo\u00bb el inicio de clases el a\u00f1o pr\u00f3ximo"},"content":{"rendered":"<p><img data-recalc-dims=\"1\" loading=\"lazy\" decoding=\"async\" class=\"alignleft size-medium wp-image-6669\" title=\"baradel\" src=\"https:\/\/i0.wp.com\/www.24baires.com\/wp-content\/uploads\/2012\/11\/baradel1.jpg?resize=300%2C192\" alt=\"\" width=\"300\" height=\"192\" srcset=\"https:\/\/i0.wp.com\/www.24baires.com\/wp-content\/uploads\/2012\/11\/baradel1.jpg?resize=300%2C192&amp;ssl=1 300w, https:\/\/i0.wp.com\/www.24baires.com\/wp-content\/uploads\/2012\/11\/baradel1.jpg?w=448&amp;ssl=1 448w\" sizes=\"auto, (max-width: 300px) 100vw, 300px\" \/>El delegado de SUTEBA, Roberto Baradel, asegur\u00f3 que \u00abest\u00e1 en riesgo\u00bb el comienzo de clases del pr\u00f3ximo a\u00f1o y pidi\u00f3 que el gobernador Daniel Scioli intervenga en el conflicto por reclamos salariales y laborales.<!--more--><\/p>\n<p>\u00abDepende de la actitud del gobierno, si seguimos en este estado actual de cosas, con un autismo muy grande y sin dar respuesta a las necesidades de los trabajadores y la escuela p\u00fablica, evidentemente corre riesgo el incio del ciclo lectivo\u00bb, expres\u00f3 el dirigente.<\/p>\n<p>Baradel manifest\u00f3 que \u00abno hay argumentos que ameriten no pagarle el salario a los docentes, porque en algunos casos se los han pagado pero no cobraron el retroactivo\u00bb. El secretario general de SUTEBA dijo esperar que el gobierno bonaerense \u00abtome dimensi\u00f3n\u00bb del conflicto y pidi\u00f3 que \u00abintervenga el gobernador\u00bb.<\/p>\n<p>\u00abDesde la jefatura de Gabinete como la Secretar\u00eda de Educaci\u00f3n no encontraron el camino para resolver esto y entender que lo que reclamamos de los docentes es que funcione plenamente el sistema educativo\u00bb, afirm\u00f3.<\/p>\n","protected":false},"excerpt":{"rendered":"<p>El delegado de SUTEBA, Roberto Baradel, asegur\u00f3 que \u00abest\u00e1 en riesgo\u00bb el comienzo de clases del pr\u00f3ximo a\u00f1o y pidi\u00f3 que el gobernador Daniel Scioli intervenga en el conflicto por reclamos salariales y laborales.<\/p>\n","protected":false},"author":4,"featured_media":0,"comment_status":"open","ping_status":"open","sticky":false,"template":"","format":"standard","meta":{"_jetpack_newsletter_access":"","_jetpack_dont_email_post_to_subs":false,"_jetpack_newsletter_tier_id":0,"_jetpack_memberships_contains_paywalled_content":false,"_jetpack_memberships_contains_paid_content":false,"footnotes":""},"categories":[1],"tags":[],"class_list":["post-6668","post","type-post","status-publish","format-standard","hentry","category-sociedad"],"jetpack_featured_media_url":"","jetpack_shortlink":"https:\/\/wp.me\/p2JWE0-1Jy","jetpack-related-posts":[{"id":106354,"url":"https:\/\/www.24baires.com\/?p=106354","url_meta":{"origin":6668,"position":0},"title":"Baradel anticip\u00f3 que solicitar\u00e1n la cl\u00e1usula gatillo en la paritaria de febrero","author":"GB","date":"15\/01\/2019","format":false,"excerpt":"El titular de Suteba asegur\u00f3 que los gremios solicitaron a la Provincia que la paritaria equipare a la inflaci\u00f3n. Adem\u00e1s anticipo que solicitaran mayor inversi\u00f3n en infraestructura escolar para tener escuelas seguras. Roberto Baradel desminti\u00f3 los dichos de Mar\u00eda Eugenia Vidal en relaci\u00f3n al conflicto docente y anticip\u00f3 que en\u2026","rel":"","context":"En \u00abProvincia\u00bb","block_context":{"text":"Provincia","link":"https:\/\/www.24baires.com\/?cat=40"},"img":{"alt_text":"","src":"https:\/\/i0.wp.com\/www.24baires.com\/wp-content\/uploads\/2018\/10\/baradel.jpg?resize=350%2C200","width":350,"height":200,"srcset":"https:\/\/i0.wp.com\/www.24baires.com\/wp-content\/uploads\/2018\/10\/baradel.jpg?resize=350%2C200 1x, https:\/\/i0.wp.com\/www.24baires.com\/wp-content\/uploads\/2018\/10\/baradel.jpg?resize=525%2C300 1.5x"},"classes":[]},{"id":102549,"url":"https:\/\/www.24baires.com\/?p=102549","url_meta":{"origin":6668,"position":1},"title":"Baradel anticip\u00f3 que los docentes no aceptar\u00e1n \u00abun salario a la baja\u00bb","author":"AF","date":"05\/06\/2018","format":false,"excerpt":"El jefe de Suteba critic\u00f3 que no se pueda negociar el piso salarial, en referencia a la resoluci\u00f3n que adem\u00e1s le quita poder a Ctera. El secretario general del Sindicato \u00danico de Trabajadores de la Educaci\u00f3n (Suteba), Roberto Baradel, arremeti\u00f3 este martes contra la gobernadora bonaerense Maria Eugenia Vidal por\u2026","rel":"","context":"En \u00abSociedad\u00bb","block_context":{"text":"Sociedad","link":"https:\/\/www.24baires.com\/?cat=1"},"img":{"alt_text":"","src":"https:\/\/i0.wp.com\/www.24baires.com\/wp-content\/uploads\/2017\/07\/baradel.jpg?resize=350%2C200","width":350,"height":200,"srcset":"https:\/\/i0.wp.com\/www.24baires.com\/wp-content\/uploads\/2017\/07\/baradel.jpg?resize=350%2C200 1x, https:\/\/i0.wp.com\/www.24baires.com\/wp-content\/uploads\/2017\/07\/baradel.jpg?resize=525%2C300 1.5x"},"classes":[]},{"id":115665,"url":"https:\/\/www.24baires.com\/?p=115665","url_meta":{"origin":6668,"position":2},"title":"\u201cNo est\u00e1n dadas las condiciones para la vuelta a la escuela\u201d, consider\u00f3 Baradel","author":"GB","date":"17\/07\/2020","format":false,"excerpt":"El gremialista sostuvo que la prioridad debe ser \"cuidar la salud de los chicos y de los docentes\". Adem\u00e1s, hizo hincapi\u00e9 en la falta de espacio en algunos establecimientos educativos. El secretario general del Sindicato \u00danico de Trabajadores de la Educaci\u00f3n (Suteba), Roberto Baradel, afirm\u00f3 que \u201choy no est\u00e1n las\u2026","rel":"","context":"En \u00abProvincia\u00bb","block_context":{"text":"Provincia","link":"https:\/\/www.24baires.com\/?cat=40"},"img":{"alt_text":"","src":"https:\/\/i0.wp.com\/www.24baires.com\/wp-content\/uploads\/2018\/09\/baradel.jpg?resize=350%2C200","width":350,"height":200,"srcset":"https:\/\/i0.wp.com\/www.24baires.com\/wp-content\/uploads\/2018\/09\/baradel.jpg?resize=350%2C200 1x, https:\/\/i0.wp.com\/www.24baires.com\/wp-content\/uploads\/2018\/09\/baradel.jpg?resize=525%2C300 1.5x"},"classes":[]},{"id":106233,"url":"https:\/\/www.24baires.com\/?p=106233","url_meta":{"origin":6668,"position":3},"title":"Baradel denuncia campa\u00f1a de fake news en su contra elaborada por Macri y Vidal","author":"AF","date":"07\/01\/2019","format":false,"excerpt":"El secretario General de Suteba acus\u00f3 al Presidente y a la Gobernadora de la Provincia de Buenos Aires como responsables del ataque que el docente padece en redes sociales a manos del troll center macrista. Bajo una violenta campa\u00f1a de noticias falsas, propiciadas desde un centenar de cuentas de trolls\u2026","rel":"","context":"En \u00abPol\u00edtica\u00bb","block_context":{"text":"Pol\u00edtica","link":"https:\/\/www.24baires.com\/?cat=51"},"img":{"alt_text":"","src":"https:\/\/i0.wp.com\/www.24baires.com\/wp-content\/uploads\/2018\/10\/baradel.jpg?resize=350%2C200","width":350,"height":200,"srcset":"https:\/\/i0.wp.com\/www.24baires.com\/wp-content\/uploads\/2018\/10\/baradel.jpg?resize=350%2C200 1x, https:\/\/i0.wp.com\/www.24baires.com\/wp-content\/uploads\/2018\/10\/baradel.jpg?resize=525%2C300 1.5x"},"classes":[]},{"id":106740,"url":"https:\/\/www.24baires.com\/?p=106740","url_meta":{"origin":6668,"position":4},"title":"\u00abSi Vidal da la cl\u00e1usula gatillo se podr\u00eda \u00abllegar a un acuerdo\u00bb sostuvo Baradel","author":"GB","date":"08\/02\/2019","format":false,"excerpt":"Luego de que el gobierno bonaerense confirmara la convocatoria a paritaria docente, el secretario general de Suteba remarc\u00f3 que \u201cel a\u00f1o pasado el conflicto no se cerr\u00f3 y venimos con una p\u00e9rdida del poder adquisitivo del salario\u201d. Desde el gobierno de la provincia de Buenos Aires convocaron a la paritaria\u2026","rel":"","context":"En \u00abProvincia\u00bb","block_context":{"text":"Provincia","link":"https:\/\/www.24baires.com\/?cat=40"},"img":{"alt_text":"","src":"https:\/\/i0.wp.com\/www.24baires.com\/wp-content\/uploads\/2018\/09\/baradel.jpg?resize=350%2C200","width":350,"height":200,"srcset":"https:\/\/i0.wp.com\/www.24baires.com\/wp-content\/uploads\/2018\/09\/baradel.jpg?resize=350%2C200 1x, https:\/\/i0.wp.com\/www.24baires.com\/wp-content\/uploads\/2018\/09\/baradel.jpg?resize=525%2C300 1.5x"},"classes":[]},{"id":105577,"url":"https:\/\/www.24baires.com\/?p=105577","url_meta":{"origin":6668,"position":5},"title":"Baradel puso en duda el inicio de clases en 2019: \u00abSi as\u00ed terminamos, no empezamos\u00bb","author":"GB","date":"23\/11\/2018","format":false,"excerpt":"El titular de Suteba, Roberto Baradel, advirti\u00f3 este viernes que si el conflicto salarial entre los gremios docentes y el Gobierno provincial no se resuelve antes de fin de a\u00f1o, el ciclo lectivo podr\u00eda no comenzar en 2019. \"Si as\u00ed terminamos, as\u00ed no comenzamos el a\u00f1o que viene\", dijo Baradel\u2026","rel":"","context":"En \u00abProvincia\u00bb","block_context":{"text":"Provincia","link":"https:\/\/www.24baires.com\/?cat=40"},"img":{"alt_text":"","src":"https:\/\/i0.wp.com\/www.24baires.com\/wp-content\/uploads\/2018\/09\/baradel.jpg?resize=350%2C200","width":350,"height":200,"srcset":"https:\/\/i0.wp.com\/www.24baires.com\/wp-content\/uploads\/2018\/09\/baradel.jpg?resize=350%2C200 1x, https:\/\/i0.wp.com\/www.24baires.com\/wp-content\/uploads\/2018\/09\/baradel.jpg?resize=525%2C300 1.5x"},"classes":[]}],"jetpack_sharing_enabled":true,"jetpack_likes_enabled":true,"_links":{"self":[{"href":"https:\/\/www.24baires.com\/index.php?rest_route=\/wp\/v2\/posts\/6668","targetHints":{"allow":["GET"]}}],"collection":[{"href":"https:\/\/www.24baires.com\/index.php?rest_route=\/wp\/v2\/posts"}],"about":[{"href":"https:\/\/www.24baires.com\/index.php?rest_route=\/wp\/v2\/types\/post"}],"author":[{"embeddable":true,"href":"https:\/\/www.24baires.com\/index.php?rest_route=\/wp\/v2\/users\/4"}],"replies":[{"embeddable":true,"href":"https:\/\/www.24baires.com\/index.php?rest_route=%2Fwp%2Fv2%2Fcomments&post=6668"}],"version-history":[{"count":1,"href":"https:\/\/www.24baires.com\/index.php?rest_route=\/wp\/v2\/posts\/6668\/revisions"}],"predecessor-version":[{"id":6670,"href":"https:\/\/www.24baires.com\/index.php?rest_route=\/wp\/v2\/posts\/6668\/revisions\/6670"}],"wp:attachment":[{"href":"https:\/\/www.24baires.com\/index.php?rest_route=%2Fwp%2Fv2%2Fmedia&parent=6668"}],"wp:term":[{"taxonomy":"category","embeddable":true,"href":"https:\/\/www.24baires.com\/index.php?rest_route=%2Fwp%2Fv2%2Fcategories&post=6668"},{"taxonomy":"post_tag","embeddable":true,"href":"https:\/\/www.24baires.com\/index.php?rest_route=%2Fwp%2Fv2%2Ftags&post=6668"}],"curies":[{"name":"wp","href":"https:\/\/api.w.org\/{rel}","templated":true}]}}