{"id":6664,"date":"2012-11-24T18:49:41","date_gmt":"2012-11-24T21:49:41","guid":{"rendered":"http:\/\/www.24baires.com\/?p=6664"},"modified":"2012-11-24T18:52:16","modified_gmt":"2012-11-24T21:52:16","slug":"proponen-permitir-cambios-de-sexo-en-la-partida-de-nacimiento","status":"publish","type":"post","link":"https:\/\/www.24baires.com\/?p=6664","title":{"rendered":"Proponen permitir cambio de sexo en la partida de nacimiento"},"content":{"rendered":"<p><strong>LA PLATA &#8211; <\/strong>El gobierno bonaerense remiti\u00f3 a la Legislatura un proyecto de ley que modifica la Ley Org\u00e1nica del Registro de las Personas, con el objetivo de adecuarla a las pautas sobre Identidad de G\u00e9nero establecidas en el \u00e1mbito de la Naci\u00f3n.<!--more--><\/p>\n<p>De aprobarse la iniciativa, se permitir\u00e1 que se requiera la rectificaci\u00f3n de \u201csexo, nombre de pila e imagen\u201d en la partida de nacimiento de las personas, y no s\u00f3lo en su Documento de Identidad.<\/p>\n<p>As\u00ed, provincia adhiere a lo estipulado en la Ley Nacional 26.743, permitiendo que \u201clas personas que requieran la rectificaci\u00f3n de su sexo, nombre de pila e imagen\u201d, puedan hacerlo, con la sola presentaci\u00f3n de una solicitud en el Registro de las Personas que le corresponda, publica la agencia DIB.<\/p>\n<p>\u201cLa rectificaci\u00f3n efectuada se realizar\u00e1 inmovilizando el acta de nacimiento original mediante nota marginal y se practicar\u00e1 una nueva inscripci\u00f3n de nacimiento en el Libro de Nacimiento en uso del a\u00f1o en curso\u201d, indica el proyecto. En el caso de requerirse una nueva rectificaci\u00f3n, deber\u00e1 mediar una autorizaci\u00f3n judicial.<\/p>\n<p>Adem\u00e1s, se \u201cprotege\u201d el acta original, de la cual s\u00f3lo podr\u00e1 expedirse copia \u201ca quienes cuenten con autorizaci\u00f3n del\/la titular de la misma o con orden judicial por escrito y fundada\u201d<\/p>\n","protected":false},"excerpt":{"rendered":"<p>LA PLATA &#8211; El gobierno bonaerense remiti\u00f3 a la Legislatura un proyecto de ley que modifica la Ley Org\u00e1nica del Registro de las Personas, con el objetivo de adecuarla a las pautas sobre Identidad de G\u00e9nero establecidas en el \u00e1mbito de la Naci\u00f3n.<\/p>\n","protected":false},"author":4,"featured_media":0,"comment_status":"open","ping_status":"open","sticky":false,"template":"","format":"standard","meta":{"_jetpack_newsletter_access":"","_jetpack_dont_email_post_to_subs":false,"_jetpack_newsletter_tier_id":0,"_jetpack_memberships_contains_paywalled_content":false,"_jetpack_memberships_contains_paid_content":false,"footnotes":""},"categories":[1],"tags":[],"class_list":["post-6664","post","type-post","status-publish","format-standard","hentry","category-sociedad"],"jetpack_featured_media_url":"","jetpack_shortlink":"https:\/\/wp.me\/p2JWE0-1Ju","jetpack-related-posts":[{"id":32989,"url":"https:\/\/www.24baires.com\/?p=32989","url_meta":{"origin":6664,"position":0},"title":"Ya son m\u00e1s de 900 los bonaerenses que cambiaron su g\u00e9nero en el DNI","author":"AF","date":"04\/10\/2013","format":false,"excerpt":"Desde la implementaci\u00f3n de la Ley nacional 26.743, vigente desde junio del a\u00f1o pasado, en la provincia de Buenos Aires se dio curso a m\u00e1s de 900 tr\u00e1mites de cambio de g\u00e9nero. El procedimiento, gratuito, puede realizarse en la delegaci\u00f3n del Registro Provincial de las Personas m\u00e1s cercana al domicilio\u2026","rel":"","context":"En \u00abSociedad\u00bb","block_context":{"text":"Sociedad","link":"https:\/\/www.24baires.com\/?cat=1"},"img":{"alt_text":"dni g\u00e9nero","src":"https:\/\/i0.wp.com\/www.24baires.com\/wp-content\/uploads\/2013\/10\/dni-g%C3%A9nero.jpg?resize=350%2C200","width":350,"height":200,"srcset":"https:\/\/i0.wp.com\/www.24baires.com\/wp-content\/uploads\/2013\/10\/dni-g%C3%A9nero.jpg?resize=350%2C200 1x, https:\/\/i0.wp.com\/www.24baires.com\/wp-content\/uploads\/2013\/10\/dni-g%C3%A9nero.jpg?resize=525%2C300 1.5x"},"classes":[]},{"id":100279,"url":"https:\/\/www.24baires.com\/?p=100279","url_meta":{"origin":6664,"position":1},"title":"Familia de nena trans denuncia a la Provincia por negarle el cambio de sexo en el DNI","author":"GB","date":"31\/01\/2018","format":false,"excerpt":"Pidi\u00f3 a trav\u00e9s de sus padres la modificaci\u00f3n de sexo y el nombre de pila en su partida de nacimiento y DNI. Su solicitud fue rechazada y denuncian que no se cumple la Ley de Identidad de G\u00e9nero. Tal como la habilita la ley de Identidad de G\u00e9nero (Ley 26.743),\u2026","rel":"","context":"En \u00abProvincia\u00bb","block_context":{"text":"Provincia","link":"https:\/\/www.24baires.com\/?cat=40"},"img":{"alt_text":"","src":"https:\/\/i0.wp.com\/www.24baires.com\/wp-content\/uploads\/2018\/01\/trans-sin-violencia.jpg?resize=350%2C200","width":350,"height":200,"srcset":"https:\/\/i0.wp.com\/www.24baires.com\/wp-content\/uploads\/2018\/01\/trans-sin-violencia.jpg?resize=350%2C200 1x, https:\/\/i0.wp.com\/www.24baires.com\/wp-content\/uploads\/2018\/01\/trans-sin-violencia.jpg?resize=525%2C300 1.5x"},"classes":[]},{"id":51468,"url":"https:\/\/www.24baires.com\/?p=51468","url_meta":{"origin":6664,"position":2},"title":"Presentaron un amparo para que las anoten como \u201cmujer y mujer\u201d","author":"Grupo Sierra","date":"09\/08\/2014","format":false,"excerpt":"Cuando Anal\u00eda y Silvia se conocieron eran marido y mujer. Gracias a la Ley de Identidad de G\u00e9nero, Anal\u00eda modific\u00f3 su documentaci\u00f3n y ahora es una mujer trans. Pero el Registro Civil porte\u00f1o no quiere rectificar el acta de matrimonio. Presentaron una acci\u00f3n de amparo. Anal\u00eda Daniela Pasantino y Silvia\u2026","rel":"","context":"En \u00abJUDICIALES\u00bb","block_context":{"text":"JUDICIALES","link":"https:\/\/www.24baires.com\/?cat=68"},"img":{"alt_text":"pareja trans registro civil mujer y mujer","src":"https:\/\/i0.wp.com\/www.24baires.com\/wp-content\/uploads\/2014\/08\/pareja-trans-registro-civil-mujer-y-mujer.jpg?resize=350%2C200","width":350,"height":200,"srcset":"https:\/\/i0.wp.com\/www.24baires.com\/wp-content\/uploads\/2014\/08\/pareja-trans-registro-civil-mujer-y-mujer.jpg?resize=350%2C200 1x, https:\/\/i0.wp.com\/www.24baires.com\/wp-content\/uploads\/2014\/08\/pareja-trans-registro-civil-mujer-y-mujer.jpg?resize=525%2C300 1.5x"},"classes":[]},{"id":122041,"url":"https:\/\/www.24baires.com\/?p=122041","url_meta":{"origin":6664,"position":3},"title":"Milei cambia la Ley de Identidad de G\u00e9nero","author":"GB","date":"06\/02\/2025","format":false,"excerpt":"El vocero presidencial, Manuel Adorni, anunci\u00f3 que el Gobierno nacional modificar\u00e1 la Ley de Identidad de G\u00e9nero y prohibir\u00e1 los tratamientos y cirug\u00edas de cambio de sexo en menores de edad de 18. El gobierno de Javier Milei sigue firme con su agenda \u201cpro Trump\u201d y redobla la provocaci\u00f3n. Hace\u2026","rel":"","context":"En \u00abPol\u00edtica\u00bb","block_context":{"text":"Pol\u00edtica","link":"https:\/\/www.24baires.com\/?cat=51"},"img":{"alt_text":"","src":"https:\/\/i0.wp.com\/www.24baires.com\/wp-content\/uploads\/2025\/02\/identidad-genero.webp?resize=350%2C200","width":350,"height":200,"srcset":"https:\/\/i0.wp.com\/www.24baires.com\/wp-content\/uploads\/2025\/02\/identidad-genero.webp?resize=350%2C200 1x, https:\/\/i0.wp.com\/www.24baires.com\/wp-content\/uploads\/2025\/02\/identidad-genero.webp?resize=525%2C300 1.5x, https:\/\/i0.wp.com\/www.24baires.com\/wp-content\/uploads\/2025\/02\/identidad-genero.webp?resize=700%2C400 2x"},"classes":[]},{"id":33253,"url":"https:\/\/www.24baires.com\/?p=33253","url_meta":{"origin":6664,"position":4},"title":"Entregan el nuevo DNI a Lul\u00fa, la nena transexual de seis a\u00f1os","author":"AF","date":"09\/10\/2013","format":false,"excerpt":"El Gobierno bonaerense entregar\u00e1 este mi\u00e9rcoles el nuevo Documento Nacional de Identidad (DN) a Lul\u00fa, la ni\u00f1a transexual de seis a\u00f1os que desde peque\u00f1a se hab\u00eda visto disconforme con su sexo. La Comunidad Homosexual Argentina (CHA) inform\u00f3 en un comunicado que la entrega del documento se concretar\u00e1 en el edificio\u2026","rel":"","context":"En \u00abSociedad\u00bb","block_context":{"text":"Sociedad","link":"https:\/\/www.24baires.com\/?cat=1"},"img":{"alt_text":"","src":"","width":0,"height":0},"classes":[]},{"id":29477,"url":"https:\/\/www.24baires.com\/?p=29477","url_meta":{"origin":6664,"position":5},"title":"En las PASO, unas 3000 personas trans votar\u00e1n con su nuevo DNI","author":"Grupo Sierra","date":"04\/08\/2013","format":false,"excerpt":"Unos 3000 hombres y mujeres dar\u00e1n un paso m\u00e1s hacia la ciudadan\u00eda plena, al votar por primera vez en las elecciones del 11 de agosto en las Primarias Abiertas Simult\u00e1neas y Obligatorias (P.A.S.O.)\u00a0 con nombre y foto acorde a la identidad de g\u00e9nero autopercibida, triunfo del colectivo trans despu\u00e9s de\u2026","rel":"","context":"En \u00abSociedad\u00bb","block_context":{"text":"Sociedad","link":"https:\/\/www.24baires.com\/?cat=1"},"img":{"alt_text":"ley identidad genero","src":"https:\/\/i0.wp.com\/www.24baires.com\/wp-content\/uploads\/2013\/08\/ley-identidad-genero.jpg?resize=350%2C200","width":350,"height":200,"srcset":"https:\/\/i0.wp.com\/www.24baires.com\/wp-content\/uploads\/2013\/08\/ley-identidad-genero.jpg?resize=350%2C200 1x, https:\/\/i0.wp.com\/www.24baires.com\/wp-content\/uploads\/2013\/08\/ley-identidad-genero.jpg?resize=525%2C300 1.5x"},"classes":[]}],"jetpack_sharing_enabled":true,"jetpack_likes_enabled":true,"_links":{"self":[{"href":"https:\/\/www.24baires.com\/index.php?rest_route=\/wp\/v2\/posts\/6664","targetHints":{"allow":["GET"]}}],"collection":[{"href":"https:\/\/www.24baires.com\/index.php?rest_route=\/wp\/v2\/posts"}],"about":[{"href":"https:\/\/www.24baires.com\/index.php?rest_route=\/wp\/v2\/types\/post"}],"author":[{"embeddable":true,"href":"https:\/\/www.24baires.com\/index.php?rest_route=\/wp\/v2\/users\/4"}],"replies":[{"embeddable":true,"href":"https:\/\/www.24baires.com\/index.php?rest_route=%2Fwp%2Fv2%2Fcomments&post=6664"}],"version-history":[{"count":3,"href":"https:\/\/www.24baires.com\/index.php?rest_route=\/wp\/v2\/posts\/6664\/revisions"}],"predecessor-version":[{"id":6667,"href":"https:\/\/www.24baires.com\/index.php?rest_route=\/wp\/v2\/posts\/6664\/revisions\/6667"}],"wp:attachment":[{"href":"https:\/\/www.24baires.com\/index.php?rest_route=%2Fwp%2Fv2%2Fmedia&parent=6664"}],"wp:term":[{"taxonomy":"category","embeddable":true,"href":"https:\/\/www.24baires.com\/index.php?rest_route=%2Fwp%2Fv2%2Fcategories&post=6664"},{"taxonomy":"post_tag","embeddable":true,"href":"https:\/\/www.24baires.com\/index.php?rest_route=%2Fwp%2Fv2%2Ftags&post=6664"}],"curies":[{"name":"wp","href":"https:\/\/api.w.org\/{rel}","templated":true}]}}