{"id":66605,"date":"2015-05-27T16:00:03","date_gmt":"2015-05-27T19:00:03","guid":{"rendered":"http:\/\/www.24baires.com\/?p=66605"},"modified":"2015-05-27T15:13:18","modified_gmt":"2015-05-27T18:13:18","slug":"las-banderas-bien-arriba-sin-olvidarnos-de-nada","status":"publish","type":"post","link":"https:\/\/www.24baires.com\/?p=66605","title":{"rendered":"Las banderas bien arriba, sin olvidarnos de nada"},"content":{"rendered":"<p><img data-recalc-dims=\"1\" loading=\"lazy\" decoding=\"async\" class=\"aligncenter size-full wp-image-66607\" src=\"https:\/\/i0.wp.com\/www.24baires.com\/wp-content\/uploads\/2015\/05\/plaza-25.jpg?resize=560%2C309\" alt=\"plaza 25\" width=\"560\" height=\"309\" srcset=\"https:\/\/i0.wp.com\/www.24baires.com\/wp-content\/uploads\/2015\/05\/plaza-25.jpg?w=560&amp;ssl=1 560w, https:\/\/i0.wp.com\/www.24baires.com\/wp-content\/uploads\/2015\/05\/plaza-25.jpg?resize=300%2C166&amp;ssl=1 300w\" sizes=\"auto, (max-width: 560px) 100vw, 560px\" \/>Quiero escribir sobre la plaza del 25. Tengo un c\u00famulo de emociones e ideas que se atropellan por salir todas juntas, como los Tres Chiflados, haciendo el cl\u00e1sico chiste de la puerta. Y quiero escribir sobre la Plaza de Mayo que vi este lunes, porque la viv\u00ed, la palpit\u00e9 con cientos de miles, la cant\u00e9, la aplaud\u00ed, la bail\u00e9, la re\u00ed. Alegr\u00eda, le dicen. Porque viaj\u00e9 para festejar una fecha que ha tomado otro cariz, con los a\u00f1os.<!--more--><br \/>\nEs que mucho ha cambiado, hasta la carga de contenido que le pongo al t\u00e9rmino patria, cuando lo pronuncio. Es que vengo de otro pa\u00eds, que en realidad es el mismo, pero distinto. En ese pa\u00eds, tan lejano aunque est\u00e1 ac\u00e1 al lado, arriba y abajo, la alegr\u00eda del pueblo era un concepto abstracto que quiz\u00e1 alg\u00fan loco pod\u00eda imaginar o recordar, esforzando la nostalgia, inventando historias. Porque la realidad del pueblo, de all\u00e1, del pa\u00eds del que yo vengo, era otra. No diferente, era otra. No \u00edbamos a la plaza a festejar, \u00edbamos a la plaza a esquivar balas de goma y gases, los m\u00e1s afortunados, los que sobreviv\u00edamos. No nos reun\u00edamos para cantar juntos, bailar y re\u00edr, no, no. Si nos reun\u00edamos en las calles era para reclamar, exigir trabajo, pan, un pedacito de esperanza que nos dijera que la moneda iba a dejar de caer cruz.<br \/>\nCuando, all\u00e1, en la \u00e9poca de la que les hablo, nos encontr\u00e1bamos manifestando con desconocidos, nos ve\u00edamos a los ojos y encontr\u00e1bamos el espejo perfecto de nuestra propia pena, de la panza vac\u00eda de millones, del dolor de los zapatos gastados de caminar por el trabajo que ese d\u00eda tampoco iba a llegar. Este 25 tambi\u00e9n nos vimos a los ojos, pero tu mirada, compa\u00f1ero, compa\u00f1era, esta vez brillaba de alegr\u00eda, no de bronca. Nuestro ojos ahora brillan por la emoci\u00f3n de sabernos de pie, crecidos, golpeados por aquel otro pa\u00eds que sigue ac\u00e1, pero firmes, poniendo el pecho y la cara. As\u00ed, como antes, pero no para atajar las m\u00e1s p\u00e1lidas, sino para contarle al mundo cu\u00e1nto orgullo da estar ac\u00e1. Sabiendo que estamos haciendo algo grande, importante, que s\u00f3lo puede hacerse con amor. Y lo estamos construyendo con las mismas manos que antes frot\u00e1bamos unas con otras, con el fr\u00edo de la fragilidad del ma\u00f1ana incierto que nos daba vivir en ese otro pa\u00eds que est\u00e1 dentro de este, que es m\u00e1s grande, donde al fin va habiendo lugar para todos. Con estas manos que eligen, que abrazan, que trabajan, que estrechan otras manos, manos con las que se puede contar para seguir construyendo.<br \/>\nNosotros hemos cambiado, yo cambi\u00e9. Ya no me traigo a casa de la plaza la vaina vac\u00eda de un escopetazo represivo, me traigo fotos con gente que quiero, me traigo hermosos recuerdos. Ahora s\u00e9 dos cosas: puedo ir a manifestar mi felicidad, pero eso no quiere decir que haya olvidado c\u00f3mo era. Y porque todav\u00eda sabemos c\u00f3mo plantarnos si el pa\u00eds de antes, que algunos quieren sacar desde abajo de tierra y tir\u00e1rnoslo por la cabeza, vuelve. Y como no olvidamos nada, nunca, no vamos a permitir que la injusticia nos almuerce de nuevo.<br \/>\nAyer un hombre de los miles y miles, cuando Cristina pregunt\u00f3 si record\u00e1bamos c\u00f3mo era antes, grit\u00f3 que s\u00ed, que se acordaba de diciembre del 2001, \u201cMe acuerdo de diciembre\u201d, repiti\u00f3 mientras lloraba. Yo tambi\u00e9n me acuerdo, le hubiera querido decir, no pude. A veces no puedo ni abrir la boca cuando me acuerdo de golpe de c\u00f3mo era, de como nos fue. De los que no llegaron a ver una plaza as\u00ed, de los que no soportaron las otras plazas, los otros recuerdos, las otras fotos. Los que no pudieron sobrellevar toda esa monta\u00f1a de pena. Y as\u00ed, acord\u00e1ndome de mi mam\u00e1, del t\u00edo de mi amigo, pregunt\u00e1ndome otra vez qu\u00e9 hubiera sido si hubieran aguantado un par de a\u00f1os m\u00e1s, imaginando sin esfuerzo en qu\u00e9 pensaba ese compa\u00f1ero desconocido que lloraba, reafirm\u00e9 por mil\u00e9sima vez mis porqu\u00e9s, mis razones, lo que elijo, lo que construyen mis manos. Porque de ac\u00e1 no me voy, porque la alegr\u00eda se defiende, por nosotros, por la memoria de los nuestros, por todo lo que falta, por todos los que todav\u00eda esperan vivir mejor. Estoy segura de eso. Los que llenamos la Plaza de Mayo estamos seguros de eso, mientras sonriendo, cantando, levantamos alto nuestras banderas, bien arriba, all\u00e1, donde todav\u00eda nos esperan un mont\u00f3n de sue\u00f1os.<\/p>\n","protected":false},"excerpt":{"rendered":"<p>Quiero escribir sobre la plaza del 25. Tengo un c\u00famulo de emociones e ideas que se atropellan por salir todas juntas, como los Tres Chiflados, haciendo el cl\u00e1sico chiste de la puerta. Y quiero escribir sobre la Plaza de Mayo que vi este lunes, porque la viv\u00ed, la palpit\u00e9 con cientos de miles, la cant\u00e9, la aplaud\u00ed, la bail\u00e9, la [&#8230;]<\/p>\n","protected":false},"author":4,"featured_media":0,"comment_status":"open","ping_status":"open","sticky":false,"template":"","format":"standard","meta":{"_jetpack_newsletter_access":"","_jetpack_dont_email_post_to_subs":false,"_jetpack_newsletter_tier_id":0,"_jetpack_memberships_contains_paywalled_content":false,"_jetpack_memberships_contains_paid_content":false,"footnotes":""},"categories":[64],"tags":[],"class_list":["post-66605","post","type-post","status-publish","format-standard","hentry","category-opinion"],"jetpack_featured_media_url":"","jetpack_shortlink":"https:\/\/wp.me\/p2JWE0-hkh","jetpack-related-posts":[{"id":58560,"url":"https:\/\/www.24baires.com\/?p=58560","url_meta":{"origin":66605,"position":0},"title":"\u00abTranquilidad, alegr\u00eda y expectativa\u00bb, por el acto en la Plaza de Mayo","author":"GB","date":"13\/12\/2014","format":false,"excerpt":"Lo dijo hoy el diputado nacional Andr\u00e9s Larroque (Frente para la Victoria -FpV-) en relaci\u00f3n al festejo por los 31 a\u00f1os de democracia que comenzar\u00e1 a las 14, y destac\u00f3 que el proyecto pol\u00edtico que encabeza la presidenta Cristina Fern\u00e1ndez de Kirchner siempre ha puesto como \u201cprotagonista al pueblo\u201d. El\u2026","rel":"","context":"En \u00abSociedad\u00bb","block_context":{"text":"Sociedad","link":"https:\/\/www.24baires.com\/?cat=1"},"img":{"alt_text":"plaza de mayo","src":"https:\/\/i0.wp.com\/www.24baires.com\/wp-content\/uploads\/2014\/12\/plaza-de-mayo.jpg?resize=350%2C200","width":350,"height":200,"srcset":"https:\/\/i0.wp.com\/www.24baires.com\/wp-content\/uploads\/2014\/12\/plaza-de-mayo.jpg?resize=350%2C200 1x, https:\/\/i0.wp.com\/www.24baires.com\/wp-content\/uploads\/2014\/12\/plaza-de-mayo.jpg?resize=525%2C300 1.5x"},"classes":[]},{"id":94277,"url":"https:\/\/www.24baires.com\/?p=94277","url_meta":{"origin":66605,"position":1},"title":"No perdonamos, no olvidamos: no hay reconciliaci\u00f3n posible","author":"AF","date":"04\/05\/2017","format":false,"excerpt":"Dijimos que no perdonamos. Y no perdonamos. Dijimos que no hab\u00eda reconciliaci\u00f3n posible, y no la hubo, jam\u00e1s. Dijimos que no olvidamos, y nosotros ejercitamos la Memoria todos los d\u00edas, por elecci\u00f3n tenemos vedado el acceso al olvido. No mentimos. Tampoco odiamos, por eso buscamos justicia, cobijados bajo el techo\u2026","rel":"","context":"En \u00abOpini\u00f3n\u00bb","block_context":{"text":"Opini\u00f3n","link":"https:\/\/www.24baires.com\/?cat=64"},"img":{"alt_text":"","src":"https:\/\/i0.wp.com\/www.24baires.com\/wp-content\/uploads\/2017\/05\/corte-suprema.jpg?resize=350%2C200","width":350,"height":200,"srcset":"https:\/\/i0.wp.com\/www.24baires.com\/wp-content\/uploads\/2017\/05\/corte-suprema.jpg?resize=350%2C200 1x, https:\/\/i0.wp.com\/www.24baires.com\/wp-content\/uploads\/2017\/05\/corte-suprema.jpg?resize=525%2C300 1.5x"},"classes":[]},{"id":37451,"url":"https:\/\/www.24baires.com\/?p=37451","url_meta":{"origin":66605,"position":2},"title":"A los 97, falleci\u00f3 Tangalanga","author":"Grupo Sierra","date":"26\/12\/2013","format":false,"excerpt":"Julio Victorio De Rissio, mejor conocido como el Doctor Tangalanga, entra\u00f1able personaje que causara las delicias de miles de personas con sus grabaciones de llamadas telef\u00f3nicas en broma, falleci\u00f3 a los 97 a\u00f1os. El popular personaje estaba internado en el Sanatorio Otamendi, seg\u00fan informa Ciudad.com, desde ayer, y falleci\u00f3 en\u2026","rel":"","context":"En \u00abSociedad\u00bb","block_context":{"text":"Sociedad","link":"https:\/\/www.24baires.com\/?cat=1"},"img":{"alt_text":"DOCTOR-TANGALANGA_CLAIMA20110416_0212_19","src":"https:\/\/i0.wp.com\/www.24baires.com\/wp-content\/uploads\/2013\/12\/DOCTOR-TANGALANGA_CLAIMA20110416_0212_19.jpg?resize=350%2C200","width":350,"height":200},"classes":[]},{"id":50723,"url":"https:\/\/www.24baires.com\/?p=50723","url_meta":{"origin":66605,"position":3},"title":"Cristina pidi\u00f3 \u00abredoblar los esfuerzos para conseguir un orden global m\u00e1s equitativo\u00bb","author":"AF","date":"29\/07\/2014","format":false,"excerpt":"Fue al arribar anoche a la ciudad de Caracas para participar de la cumbre de Jefes de Estado del Mercosur que se desarrollar\u00e1 hoy. La Presidenta dijo que llega a esta reuni\u00f3n \"con muchos recuerdos y compromisos con la historia presente y con el futuro, en un mundo convulsionado donde\u2026","rel":"","context":"En \u00abPol\u00edtica\u00bb","block_context":{"text":"Pol\u00edtica","link":"https:\/\/www.24baires.com\/?cat=51"},"img":{"alt_text":"cristina brics","src":"https:\/\/i0.wp.com\/www.24baires.com\/wp-content\/uploads\/2014\/07\/cristina-brics.jpg?resize=350%2C200","width":350,"height":200,"srcset":"https:\/\/i0.wp.com\/www.24baires.com\/wp-content\/uploads\/2014\/07\/cristina-brics.jpg?resize=350%2C200 1x, https:\/\/i0.wp.com\/www.24baires.com\/wp-content\/uploads\/2014\/07\/cristina-brics.jpg?resize=525%2C300 1.5x"},"classes":[]},{"id":113338,"url":"https:\/\/www.24baires.com\/?p=113338","url_meta":{"origin":66605,"position":4},"title":"Cristina en la Plaza: \u00abHan dejado tierra arrasada\u00bb","author":"AF","date":"10\/12\/2019","format":false,"excerpt":"La vicepresidenta pronunci\u00f3 un fuerte discurso ante centenares de miles de personas en el cierre del festival popular en Plaza de Mayo. Minutos despu\u00e9s de las 20 salieron al escenario que expand\u00eda varios metros a la Casa Rosada. En medio de gritos, c\u00e1nticos y los ecos de la m\u00fasica de\u2026","rel":"","context":"En \u00abPol\u00edtica\u00bb","block_context":{"text":"Pol\u00edtica","link":"https:\/\/www.24baires.com\/?cat=51"},"img":{"alt_text":"","src":"https:\/\/i0.wp.com\/www.24baires.com\/wp-content\/uploads\/2019\/12\/cristina-plaza.jpg?resize=350%2C200","width":350,"height":200,"srcset":"https:\/\/i0.wp.com\/www.24baires.com\/wp-content\/uploads\/2019\/12\/cristina-plaza.jpg?resize=350%2C200 1x, https:\/\/i0.wp.com\/www.24baires.com\/wp-content\/uploads\/2019\/12\/cristina-plaza.jpg?resize=525%2C300 1.5x"},"classes":[]},{"id":80824,"url":"https:\/\/www.24baires.com\/?p=80824","url_meta":{"origin":66605,"position":5},"title":"La ignorancia de Leuco y el techo necesario","author":"AF","date":"31\/03\/2016","format":false,"excerpt":"A veces necesitamos un techo. Y no para no pasar fr\u00edo, no es para que la lluvia no nos pinche con las gotas de hielo que dispara contra los vagabundos. No. A veces tenemos eso, tenemos el cobijo de las tejas, tenemos lo necesario para estar a salvo de los\u2026","rel":"","context":"En \u00abOpini\u00f3n\u00bb","block_context":{"text":"Opini\u00f3n","link":"https:\/\/www.24baires.com\/?cat=64"},"img":{"alt_text":"guido estela","src":"https:\/\/i0.wp.com\/www.24baires.com\/wp-content\/uploads\/2016\/03\/guido-estela.jpg?resize=350%2C200","width":350,"height":200,"srcset":"https:\/\/i0.wp.com\/www.24baires.com\/wp-content\/uploads\/2016\/03\/guido-estela.jpg?resize=350%2C200 1x, https:\/\/i0.wp.com\/www.24baires.com\/wp-content\/uploads\/2016\/03\/guido-estela.jpg?resize=525%2C300 1.5x"},"classes":[]}],"jetpack_sharing_enabled":true,"jetpack_likes_enabled":true,"_links":{"self":[{"href":"https:\/\/www.24baires.com\/index.php?rest_route=\/wp\/v2\/posts\/66605","targetHints":{"allow":["GET"]}}],"collection":[{"href":"https:\/\/www.24baires.com\/index.php?rest_route=\/wp\/v2\/posts"}],"about":[{"href":"https:\/\/www.24baires.com\/index.php?rest_route=\/wp\/v2\/types\/post"}],"author":[{"embeddable":true,"href":"https:\/\/www.24baires.com\/index.php?rest_route=\/wp\/v2\/users\/4"}],"replies":[{"embeddable":true,"href":"https:\/\/www.24baires.com\/index.php?rest_route=%2Fwp%2Fv2%2Fcomments&post=66605"}],"version-history":[{"count":1,"href":"https:\/\/www.24baires.com\/index.php?rest_route=\/wp\/v2\/posts\/66605\/revisions"}],"predecessor-version":[{"id":66608,"href":"https:\/\/www.24baires.com\/index.php?rest_route=\/wp\/v2\/posts\/66605\/revisions\/66608"}],"wp:attachment":[{"href":"https:\/\/www.24baires.com\/index.php?rest_route=%2Fwp%2Fv2%2Fmedia&parent=66605"}],"wp:term":[{"taxonomy":"category","embeddable":true,"href":"https:\/\/www.24baires.com\/index.php?rest_route=%2Fwp%2Fv2%2Fcategories&post=66605"},{"taxonomy":"post_tag","embeddable":true,"href":"https:\/\/www.24baires.com\/index.php?rest_route=%2Fwp%2Fv2%2Ftags&post=66605"}],"curies":[{"name":"wp","href":"https:\/\/api.w.org\/{rel}","templated":true}]}}