{"id":6660,"date":"2012-11-24T18:36:07","date_gmt":"2012-11-24T21:36:07","guid":{"rendered":"http:\/\/www.24baires.com\/?p=6660"},"modified":"2012-11-24T18:36:07","modified_gmt":"2012-11-24T21:36:07","slug":"la-provincia-propuso-una-integracion-naval-con-brasil","status":"publish","type":"post","link":"https:\/\/www.24baires.com\/?p=6660","title":{"rendered":"La Provincia propuso una integraci\u00f3n naval con Brasil"},"content":{"rendered":"<p><img data-recalc-dims=\"1\" loading=\"lazy\" decoding=\"async\" class=\"alignleft size-medium wp-image-6661\" title=\"Minis Prod Cien Tecn\" src=\"https:\/\/i0.wp.com\/www.24baires.com\/wp-content\/uploads\/2012\/11\/MinProCieTec.jpg?resize=300%2C199\" alt=\"\" width=\"300\" height=\"199\" srcset=\"https:\/\/i0.wp.com\/www.24baires.com\/wp-content\/uploads\/2012\/11\/MinProCieTec.jpg?resize=300%2C199&amp;ssl=1 300w, https:\/\/i0.wp.com\/www.24baires.com\/wp-content\/uploads\/2012\/11\/MinProCieTec.jpg?w=540&amp;ssl=1 540w\" sizes=\"auto, (max-width: 300px) 100vw, 300px\" \/>El ministro de la Producci\u00f3n, Ciencia y Tecnolog\u00eda, Cristian Breitenstein, y el Embajador de Brasil en Argentina, Enio Cordeiro, acordaron una agenda de trabajo conjunta que incluye una propuesta de integraci\u00f3n regional naval, con el fin de asociar empresas binacionales que sean competitivas a nivel internacional.<!--more--><\/p>\n<p>Luego del encuentro, el Ministro destac\u00f3 la relevancia que tiene la industria naval en Brasil y afirm\u00f3 la decisi\u00f3n del gobierno provincial de potenciar un sector \u201cen plena expansi\u00f3n y que requiere de recursos humanos calificados, algo que caracteriza a nuestro Astillero R\u00edo Santiago\u201d.<\/p>\n<p>Breitenstein inform\u00f3 adem\u00e1s al Embajador los detalles de la misi\u00f3n comercial multisectorial que realizar\u00e1 la provincia de Buenos Aires a San Pablo, Brasil, del 5 al 7 de diciembre pr\u00f3ximos, que tendr\u00e1 como uno de sus ejes fundamentales a la industria naval, entre otros sectores como alimentos y bebidas, autopartes, indumentaria y accesorios.<\/p>\n<p>La Misi\u00f3n pretende promover las exportaciones de las empresas de la Provincia e incrementar la cooperaci\u00f3n e integraci\u00f3n productiva interempresaria con el mercado brasilero.<\/p>\n<p>Durante el encuentro estuvieron presentes tambi\u00e9n Carlos Peralta (subsecretario de Relaciones Econ\u00f3micas Internacionales); H\u00e9ctor Scavuzzo (presidente del Astillero R\u00edo Santiago); y Daniel Falcon Lins (jefe del Sector de Promoci\u00f3n Comercial de la Embajada).<\/p>\n<p>Conferencia Industrial Argentina<\/p>\n<p>En otro orden, Breitenstein confirm\u00f3 su presencia junto al gobernador Daniel Scioli en la 18va Conferencia Industrial Argentina, organizada por la Uni\u00f3n Industrial Argentina (UIA), que se realizar\u00e1 los d\u00edas 27 y 28 de noviembre en el Hotel Sofitel de Pilar y que ser\u00e1 encabezado por las mandatarias de ambos pa\u00edses, Cristina Fern\u00e1ndez de Kirchner y Dilma Rousseff.<\/p>\n","protected":false},"excerpt":{"rendered":"<p>El ministro de la Producci\u00f3n, Ciencia y Tecnolog\u00eda, Cristian Breitenstein, y el Embajador de Brasil en Argentina, Enio Cordeiro, acordaron una agenda de trabajo conjunta que incluye una propuesta de integraci\u00f3n regional naval, con el fin de asociar empresas binacionales que sean competitivas a nivel internacional.<\/p>\n","protected":false},"author":4,"featured_media":0,"comment_status":"open","ping_status":"open","sticky":false,"template":"","format":"standard","meta":{"_jetpack_newsletter_access":"","_jetpack_dont_email_post_to_subs":false,"_jetpack_newsletter_tier_id":0,"_jetpack_memberships_contains_paywalled_content":false,"_jetpack_memberships_contains_paid_content":false,"footnotes":""},"categories":[45],"tags":[],"class_list":["post-6660","post","type-post","status-publish","format-standard","hentry","category-economia"],"jetpack_featured_media_url":"","jetpack_shortlink":"https:\/\/wp.me\/p2JWE0-1Jq","jetpack-related-posts":[{"id":26041,"url":"https:\/\/www.24baires.com\/?p=26041","url_meta":{"origin":6660,"position":0},"title":"Puerto Quequ\u00e9n: Breitenstein anunci\u00f3 inversiones","author":"AF","date":"15\/06\/2013","format":false,"excerpt":"El ministro de la Producci\u00f3n, Ciencia y Tecnolog\u00eda, Cristian Breitenstein, anunci\u00f3 este viernes una inversi\u00f3n por 10 millones de d\u00f3lares para el Puerto Quequ\u00e9n, destinada a la instalaci\u00f3n de una terminal de fertilizantes, y destac\u00f3 la adhesi\u00f3n de la unidad portuaria al Plan Estrat\u00e9gico 2013-2020. Breitenstein enfatiz\u00f3 \u201cel crecimiento sustentable\u2026","rel":"","context":"En \u00abLocales\u00bb","block_context":{"text":"Locales","link":"https:\/\/www.24baires.com\/?cat=38"},"img":{"alt_text":"breitenstein quequ\u00e9n","src":"https:\/\/i0.wp.com\/www.24baires.com\/wp-content\/uploads\/2013\/06\/breitenstein-quequ%C3%A9n.png?resize=350%2C200","width":350,"height":200},"classes":[]},{"id":25974,"url":"https:\/\/www.24baires.com\/?p=25974","url_meta":{"origin":6660,"position":1},"title":"Anuncian millonaria inversi\u00f3n para el puerto de Quequ\u00e9n","author":"Grupo Sierra","date":"14\/06\/2013","format":false,"excerpt":"As\u00ed lo asegur\u00f3 el ministro de la Producci\u00f3n, Ciencia y Tecnolog\u00eda, Cristian Breitenstein. Ser\u00e1n 10 millones de d\u00f3lares que ser\u00e1n utilizados para la instalaci\u00f3n de una terminal de fertilizantes. Adem\u00e1s, ponder\u00f3 la adhesi\u00f3n de la unidad portuaria al Plan Estrat\u00e9gico 2013-2020. El titular de la cartera productiva provincial, subray\u00f3 que\u2026","rel":"","context":"En \u00abLocales\u00bb","block_context":{"text":"Locales","link":"https:\/\/www.24baires.com\/?cat=38"},"img":{"alt_text":"puerto_quequen1","src":"https:\/\/i0.wp.com\/www.24baires.com\/wp-content\/uploads\/2013\/06\/puerto_quequen1-300x214.jpg?resize=350%2C200","width":350,"height":200},"classes":[]},{"id":40005,"url":"https:\/\/www.24baires.com\/?p=40005","url_meta":{"origin":6660,"position":2},"title":"Mar del Plata: anunciaron el comienzo del dragado en el puerto","author":"Grupo Sierra","date":"07\/02\/2014","format":false,"excerpt":"MAR DEL PLATA- Los trabajos demandar\u00e1n 90 d\u00edas. El ministro de la Producci\u00f3n bonaerense asegur\u00f3 que se duplicar\u00e1 la capacidad operativa de todos los puertos. El gobernador Daniel Scioli, junto al ministro del Interior, Florencio Randazzo, anunciaron en la Base Naval de Mar del Plata el comienzo de los trabajos\u2026","rel":"","context":"En \u00abLocales\u00bb","block_context":{"text":"Locales","link":"https:\/\/www.24baires.com\/?cat=38"},"img":{"alt_text":"","src":"","width":0,"height":0},"classes":[]},{"id":62369,"url":"https:\/\/www.24baires.com\/?p=62369","url_meta":{"origin":6660,"position":3},"title":"La Provincia estar\u00e1 presente junto a empresarios en ExpoAgro 2015","author":"AF","date":"27\/02\/2015","format":false,"excerpt":"El ministerio de la Producci\u00f3n, Ciencia y Tecnolog\u00eda a cargo de Cristian Breitenstein, brind\u00f3 informaci\u00f3n sobre la participaci\u00f3n de la cartera productiva junto al Banco de la Provincia de Buenos Aires en la edici\u00f3n 2015 de ExpoAgro, del 3 al 6 de marzo en el kil\u00f3metro 214 de la Autopista\u2026","rel":"","context":"En \u00abProvincia\u00bb","block_context":{"text":"Provincia","link":"https:\/\/www.24baires.com\/?cat=40"},"img":{"alt_text":"expoagro","src":"https:\/\/i0.wp.com\/www.24baires.com\/wp-content\/uploads\/2013\/03\/expoagro.jpg?resize=350%2C200","width":350,"height":200},"classes":[]},{"id":62458,"url":"https:\/\/www.24baires.com\/?p=62458","url_meta":{"origin":6660,"position":4},"title":"Arranca con todo la ExpoAgro bonaerense 2015","author":"Grupo Sierra","date":"01\/03\/2015","format":false,"excerpt":"El ministerio de la Producci\u00f3n, Ciencia y Tecnolog\u00eda bonaerense a cargo de Cristian Breitenstein, brind\u00f3 informaci\u00f3n sobre la participaci\u00f3n de la cartera productiva junto al Banco de la Provincia de Buenos Aires, en la edici\u00f3n 2015 de ExpoAgro, del 3 al 6 de marzo en el kil\u00f3metro 214 de la\u2026","rel":"","context":"En \u00abProvincia\u00bb","block_context":{"text":"Provincia","link":"https:\/\/www.24baires.com\/?cat=40"},"img":{"alt_text":"expoagro","src":"https:\/\/i0.wp.com\/www.24baires.com\/wp-content\/uploads\/2013\/03\/expoagro.jpg?resize=350%2C200","width":350,"height":200},"classes":[]},{"id":31755,"url":"https:\/\/www.24baires.com\/?p=31755","url_meta":{"origin":6660,"position":5},"title":"Cristina se reuni\u00f3 con el ministro de Defensa de Brasil","author":"GB","date":"12\/09\/2013","format":false,"excerpt":"Cristina Fern\u00e1ndez de Kirchner recibi\u00f3 en la residencia de Olivos al ministro de Defensa de Brasil, Celso Amorim, con quien dialog\u00f3 durante alrededor de una hora, informaron fuentes oficiales. De la reuni\u00f3n participaron tambi\u00e9n el ministro de Defensa Agust\u00edn Rossi; el embajador argentino en Brasil, Juan Carlos Kreckler, y el\u2026","rel":"","context":"En \u00abPol\u00edtica\u00bb","block_context":{"text":"Pol\u00edtica","link":"https:\/\/www.24baires.com\/?cat=51"},"img":{"alt_text":"Cristina-Amorim","src":"https:\/\/i0.wp.com\/www.24baires.com\/wp-content\/uploads\/2013\/09\/Cristina-Amorim.jpg?resize=350%2C200","width":350,"height":200,"srcset":"https:\/\/i0.wp.com\/www.24baires.com\/wp-content\/uploads\/2013\/09\/Cristina-Amorim.jpg?resize=350%2C200 1x, https:\/\/i0.wp.com\/www.24baires.com\/wp-content\/uploads\/2013\/09\/Cristina-Amorim.jpg?resize=525%2C300 1.5x"},"classes":[]}],"jetpack_sharing_enabled":true,"jetpack_likes_enabled":true,"_links":{"self":[{"href":"https:\/\/www.24baires.com\/index.php?rest_route=\/wp\/v2\/posts\/6660","targetHints":{"allow":["GET"]}}],"collection":[{"href":"https:\/\/www.24baires.com\/index.php?rest_route=\/wp\/v2\/posts"}],"about":[{"href":"https:\/\/www.24baires.com\/index.php?rest_route=\/wp\/v2\/types\/post"}],"author":[{"embeddable":true,"href":"https:\/\/www.24baires.com\/index.php?rest_route=\/wp\/v2\/users\/4"}],"replies":[{"embeddable":true,"href":"https:\/\/www.24baires.com\/index.php?rest_route=%2Fwp%2Fv2%2Fcomments&post=6660"}],"version-history":[{"count":2,"href":"https:\/\/www.24baires.com\/index.php?rest_route=\/wp\/v2\/posts\/6660\/revisions"}],"predecessor-version":[{"id":6663,"href":"https:\/\/www.24baires.com\/index.php?rest_route=\/wp\/v2\/posts\/6660\/revisions\/6663"}],"wp:attachment":[{"href":"https:\/\/www.24baires.com\/index.php?rest_route=%2Fwp%2Fv2%2Fmedia&parent=6660"}],"wp:term":[{"taxonomy":"category","embeddable":true,"href":"https:\/\/www.24baires.com\/index.php?rest_route=%2Fwp%2Fv2%2Fcategories&post=6660"},{"taxonomy":"post_tag","embeddable":true,"href":"https:\/\/www.24baires.com\/index.php?rest_route=%2Fwp%2Fv2%2Ftags&post=6660"}],"curies":[{"name":"wp","href":"https:\/\/api.w.org\/{rel}","templated":true}]}}