{"id":6644,"date":"2012-11-24T16:22:13","date_gmt":"2012-11-24T19:22:13","guid":{"rendered":"http:\/\/www.24baires.com\/?p=6644"},"modified":"2012-11-25T13:33:30","modified_gmt":"2012-11-25T16:33:30","slug":"mario-bunge-la-medicina-carece-de-una-teoria","status":"publish","type":"post","link":"https:\/\/www.24baires.com\/?p=6644","title":{"rendered":"Mario Bunge: La medicina carece de una teor\u00eda"},"content":{"rendered":"<p><img data-recalc-dims=\"1\" loading=\"lazy\" decoding=\"async\" class=\"alignleft size-medium wp-image-6645\" title=\"bunge22\" src=\"https:\/\/i0.wp.com\/www.24baires.com\/wp-content\/uploads\/2012\/11\/bunge22.jpg?resize=300%2C243\" alt=\"\" width=\"300\" height=\"243\" srcset=\"https:\/\/i0.wp.com\/www.24baires.com\/wp-content\/uploads\/2012\/11\/bunge22.jpg?resize=300%2C243&amp;ssl=1 300w, https:\/\/i0.wp.com\/www.24baires.com\/wp-content\/uploads\/2012\/11\/bunge22.jpg?w=560&amp;ssl=1 560w\" sizes=\"auto, (max-width: 300px) 100vw, 300px\" \/>El f\u00edsico, fil\u00f3sofo y epistem\u00f3logo Mario Bunge disert\u00f3 en <strong>Mar del Plata<\/strong>, invitado por una Fundaci\u00f3n m\u00e9dica, dentro del ciclo que resume su \u00faltimo trabajo: Filosof\u00eda para M\u00e9dicos. Con noventa y tres a\u00f1os, 15 doctorados honoris causa y decenas de libros escritos, sigue demostrando que es una de las mentes contempor\u00e1neas argentinas m\u00e1s brillantes.\u00a0<!--more--><\/p>\n<p>&nbsp;<\/p>\n<p>&nbsp;<\/p>\n<p><em>(Por Carlos A. Quintana)<\/em> La puerta de la sala de m\u00e9dicos, que conecta con el Aula 1 del Hospital Privado de Comunidad, se abri\u00f3 y apareci\u00f3 un fr\u00e1gil anciano. El auditorio estall\u00f3 en aplausos.<br \/>\nUn accidente con un par de anteojos retras\u00f3 por m\u00e1s de media hora el inicio de la conferencia. Todos est\u00e1bamos ansiosos pero nadie se quej\u00f3 ni quiso ceder el lugar que hab\u00eda obtenido: el tama\u00f1o de la sala no era acorde al del conferencista, y la oportunidad de escuchar en persona a Mario Bunge, y poder interactuar con \u00e9l, posiblemente no se repita.<br \/>\nMario Bunge es el fil\u00f3sofo de la ciencia vivo m\u00e1s importante. A pesar de haber recibido m\u00e1s de 15 doctorados honoris causa y de publicar decenas de libros de ciencia y filosof\u00eda, posiblemente su rasgo m\u00e1s resaltante sea su compromiso con el conocimiento y su prepotencia de trabajo. Dif\u00edcilmente alguien pueda conocer su obra completa por su complejidad, pero tambi\u00e9n por su extensi\u00f3n: a los 93 a\u00f1os sigue publicando.<br \/>\n\u201cFilosof\u00eda para m\u00e9dicos\u201d es su t\u00edtulo en castellano m\u00e1s reciente, del cual estuvo hablando frente a un p\u00fablico compuesto principalmente por m\u00e9dicos. Durante m\u00e1s de dos horas presenciamos una lucha desigual entre un cerebro brillante que funciona a su m\u00e1xima expresi\u00f3n y un cuerpo que le pone algunas zancadillas. A\u00fan as\u00ed, se levant\u00f3 de su silla y realiz\u00f3 su caracter\u00edstica caminata de ida y vuelta frente al p\u00fablico mientras desarrollaba sus ideas, sin \u201cayudamemoria\u201d ni Power Point, y hasta escribiendo algunos conceptos en el pizarr\u00f3n.<br \/>\nLos aspectos m\u00e1s resaltantes de su conferencia fueron muchos, comenz\u00f3 por una caracterizaci\u00f3n de la historia de la medicina, de la cual \u00e9l fue protagonista de los avances del \u00faltimo siglo. Su padre era m\u00e9dico en una \u00e9poca casi premoderna: no se conoc\u00edan los antibi\u00f3ticos, los virus, los transplantes, las transfusiones de sangre eran una novedad. \u201cEn el botiqu\u00edn de mi casa hab\u00eda unos diez medicamentos, la mitad eran t\u00f3xicos y, del resto, la mayor\u00eda eran adictivos. Ten\u00edamos aspirina y quinina, pero tambi\u00e9n belladona y opi\u00e1ceos. Nuestros abuelos eran drogadictos sin saberlo \u00a1pero se curaban!\u201d brome\u00f3.<\/p>\n<p>M\u00e1s que difundir el libro, su conferencia estuvo orientada en la jerarquizaci\u00f3n de la profesi\u00f3n m\u00e9dica. Resalt\u00f3 la necesidad de la realizaci\u00f3n de investigaciones multidisciplinarias con la intervenci\u00f3n de bi\u00f3logos, qu\u00edmicos, fil\u00f3sofos y soci\u00f3logos, adem\u00e1s de m\u00e9dicos. En esta l\u00ednea cuestion\u00f3 a las falsas medicinas y principalmente a las falsas filosof\u00edas. \u201cEl problema de los empiristas cl\u00e1sicos fue que no eran racionalistas, y de los racionalistas que no estaban comprometidos con el empirismo. Deber\u00edamos fundar el racio-empirismo\u201d, brome\u00f3 nuevamente.<\/p>\n<p>Pero su preocupaci\u00f3n estuvo orientada a las corrientes posmodernas y su influencia en la medicina. \u201cUstedes tratan a los pacientes convencidos que existen externamente a sus pensamientos y que sus dolencias son tratables. Sin embargo, muchos fil\u00f3sofos todav\u00eda sostienen que el mundo s\u00f3lo existe en el pensamiento propio y que para cambiarlo hay que cambiar el pensamiento\u201d; \u201cA Kuhn le preguntaron si el mundo cambia cuando cambiamos la idea que tenemos de \u00e9l \u00a1Por supuesto! contest\u00f3\u00bb. \u201cCuidado con las filosof\u00edas, muchas son anti cient\u00edficas y anti conocimiento. Debemos evaluar cada filosof\u00eda y si no surge alg\u00fan aporte \u00fatil debemos descartarla\u201d.<br \/>\nPosiblemente el momento de mayor inter\u00e9s para los m\u00e9dicos fue su interpretaci\u00f3n del diagn\u00f3stico, en la cual afirm\u00f3 que la relaci\u00f3n entre el S\u00edntoma y la Enfermedad todav\u00eda no es del todo conocida. Planteando el pizarr\u00f3n una sencilla relaci\u00f3n l\u00f3gica expres\u00f3 que habitualmente se cree que hay una relaci\u00f3n directa entre s\u00edntoma y enfermedad, pero que eso es falso y dio un par de ejemplos a modo ilustrativo. El motivo, se\u00f1al\u00f3, por lo que esa relaci\u00f3n no funciona del todo bien es que la medicina actual se compone de hip\u00f3tesis pero, a diferencia de otras ciencias, carece de una teor\u00eda. Y que ese deber\u00eda ser el objetivo de la investigaci\u00f3n m\u00e9dica actual: lograr una teor\u00eda m\u00e9dica que integre el conocimiento.<\/p>\n","protected":false},"excerpt":{"rendered":"<p>El f\u00edsico, fil\u00f3sofo y epistem\u00f3logo Mario Bunge disert\u00f3 en Mar del Plata, invitado por una Fundaci\u00f3n m\u00e9dica, dentro del ciclo que resume su \u00faltimo trabajo: Filosof\u00eda para M\u00e9dicos. Con noventa y tres a\u00f1os, 15 doctorados honoris causa y decenas de libros escritos, sigue demostrando que es una de las mentes contempor\u00e1neas argentinas m\u00e1s brillantes.\u00a0<\/p>\n","protected":false},"author":11,"featured_media":0,"comment_status":"open","ping_status":"open","sticky":false,"template":"","format":"standard","meta":{"_jetpack_newsletter_access":"","_jetpack_dont_email_post_to_subs":false,"_jetpack_newsletter_tier_id":0,"_jetpack_memberships_contains_paywalled_content":false,"_jetpack_memberships_contains_paid_content":false,"footnotes":""},"categories":[1],"tags":[],"class_list":["post-6644","post","type-post","status-publish","format-standard","hentry","category-sociedad"],"jetpack_featured_media_url":"","jetpack_shortlink":"https:\/\/wp.me\/p2JWE0-1Ja","jetpack-related-posts":[{"id":55255,"url":"https:\/\/www.24baires.com\/?p=55255","url_meta":{"origin":6644,"position":0},"title":"Mario Bunge: \u201cEn los hechos el cientificismo est\u00e1 triunfando\u201d","author":"AF","date":"12\/10\/2014","format":false,"excerpt":"El viernes se present\u00f3 en Mar del Plata el prestigioso epistem\u00f3logo argentino Mario Bunge invitado, por tercera vez, por la Fundaci\u00f3n M\u00e9dica de Mar del Plata. En la presentaci\u00f3n, el Dr. Jorge Laborda inform\u00f3 sobre la iniciativa de proponerlo como candidato para el premio Nobel, en este caso y rememorando\u2026","rel":"","context":"En \u00abLocales\u00bb","block_context":{"text":"Locales","link":"https:\/\/www.24baires.com\/?cat=38"},"img":{"alt_text":"bunge","src":"https:\/\/i0.wp.com\/www.24baires.com\/wp-content\/uploads\/2014\/10\/bunge.jpg?resize=350%2C200","width":350,"height":200,"srcset":"https:\/\/i0.wp.com\/www.24baires.com\/wp-content\/uploads\/2014\/10\/bunge.jpg?resize=350%2C200 1x, https:\/\/i0.wp.com\/www.24baires.com\/wp-content\/uploads\/2014\/10\/bunge.jpg?resize=525%2C300 1.5x"},"classes":[]},{"id":103819,"url":"https:\/\/www.24baires.com\/?p=103819","url_meta":{"origin":6644,"position":1},"title":"Ramallo aprob\u00f3 una ordenanza que penaliza a las empresas que despidan personal sin justificaci\u00f3n","author":"GB","date":"11\/08\/2018","format":false,"excerpt":"La legislaci\u00f3n quintuplica la tasa de seguridad e higiene por cada trabajador despedido y establece un fondo de asistencia para los despidos. Hace dos semanas la aceitera Bunge despidi\u00f3 a 84 trabajadores. El intendente Mauro Pelloti decidi\u00f3 blindar al municipio de Ramallo contra los despidos. La iniciativa surgi\u00f3 como consecuencia\u2026","rel":"","context":"En \u00abMunicipios\u00bb","block_context":{"text":"Municipios","link":"https:\/\/www.24baires.com\/?cat=44"},"img":{"alt_text":"","src":"https:\/\/i0.wp.com\/www.24baires.com\/wp-content\/uploads\/2018\/08\/empresa.jpg?resize=350%2C200","width":350,"height":200,"srcset":"https:\/\/i0.wp.com\/www.24baires.com\/wp-content\/uploads\/2018\/08\/empresa.jpg?resize=350%2C200 1x, https:\/\/i0.wp.com\/www.24baires.com\/wp-content\/uploads\/2018\/08\/empresa.jpg?resize=525%2C300 1.5x"},"classes":[]},{"id":80028,"url":"https:\/\/www.24baires.com\/?p=80028","url_meta":{"origin":6644,"position":2},"title":"Macri y Vidal recorrieron el complejo industrial Ramallo","author":"AF","date":"11\/03\/2016","format":false,"excerpt":"Mauricio Macri visit\u00f3 la terminal portuaria del complejo de la empresa Bunge S.A, donde realiz\u00f3 una recorrida y comparti\u00f3 un almuerzo con los representantes de la compa\u00f1\u00eda. Mauricio Macri visit\u00f3 la terminal portuaria del complejo de la empresa Bunge S.A, donde realiz\u00f3 una recorrida y comparti\u00f3 un almuerzo con los\u2026","rel":"","context":"En \u00abPol\u00edtica\u00bb","block_context":{"text":"Pol\u00edtica","link":"https:\/\/www.24baires.com\/?cat=51"},"img":{"alt_text":"macri vidal ramallo","src":"https:\/\/i0.wp.com\/www.24baires.com\/wp-content\/uploads\/2016\/03\/macri-vidal-ramallo-300x200.jpg?resize=350%2C200","width":350,"height":200},"classes":[]},{"id":100106,"url":"https:\/\/www.24baires.com\/?p=100106","url_meta":{"origin":6644,"position":3},"title":"Ola de despidos en Campana: Bunge ech\u00f3 a otros 30 trabajadores y ya suma 165 en lo que va del a\u00f1o","author":"GB","date":"23\/01\/2018","format":false,"excerpt":"La empresa de agronegocios y alimentos de Estados Unidos otra vez anunci\u00f3 la cesant\u00eda de m\u00e1s operarios en su planta ubicada en la localidad bonaerense. Nuevamente Bunge Ltd. dio a conocer el despido de otros 30 trabajadores y de ese modo ya suma 165 cesant\u00edas en lo que va del\u2026","rel":"","context":"En \u00abMunicipios\u00bb","block_context":{"text":"Municipios","link":"https:\/\/www.24baires.com\/?cat=44"},"img":{"alt_text":"","src":"https:\/\/i0.wp.com\/www.24baires.com\/wp-content\/uploads\/2018\/01\/despidos-campana.jpg?resize=350%2C200","width":350,"height":200,"srcset":"https:\/\/i0.wp.com\/www.24baires.com\/wp-content\/uploads\/2018\/01\/despidos-campana.jpg?resize=350%2C200 1x, https:\/\/i0.wp.com\/www.24baires.com\/wp-content\/uploads\/2018\/01\/despidos-campana.jpg?resize=525%2C300 1.5x"},"classes":[]},{"id":40468,"url":"https:\/\/www.24baires.com\/?p=40468","url_meta":{"origin":6644,"position":4},"title":"Expanden la red de c\u00e1maras de seguridad en General Villegas","author":"Grupo Sierra","date":"15\/02\/2014","format":false,"excerpt":"GENERAL VILLEGAS- El municipio anunci\u00f3 la incorporaci\u00f3n de dos nuevas localidades al sistema de video de vigilancia urbana con la instalaci\u00f3n de c\u00e1maras de seguridad en Ca\u00f1ada Seca y Santa Regina. \u201cVamos a continuar invirtiendo para proteger a nuestros vecinos\u201d, asegur\u00f3 el intendente Horacio Pascual. De esta manera, el SPC\u2026","rel":"","context":"En \u00abLocales\u00bb","block_context":{"text":"Locales","link":"https:\/\/www.24baires.com\/?cat=38"},"img":{"alt_text":"","src":"","width":0,"height":0},"classes":[]},{"id":112463,"url":"https:\/\/www.24baires.com\/?p=112463","url_meta":{"origin":6644,"position":5},"title":"Pinamar: la oposici\u00f3n pide explicaciones a Yeza por la destrucci\u00f3n de carteler\u00eda","author":"GB","date":"11\/10\/2019","format":false,"excerpt":"A menos de tres semanas de las generales, el Frente de Todos denuncia que le rompieron y robaron m\u00e1s de 100 carteles. Sospechan que detr\u00e1s de las agresiones hay dirigentes que responden a Mart\u00edn Yeza, intendente del distrito. Una serie de videos que se viralizaron en las \u00faltimas horas revelan\u2026","rel":"","context":"En \u00abMunicipios\u00bb","block_context":{"text":"Municipios","link":"https:\/\/www.24baires.com\/?cat=44"},"img":{"alt_text":"","src":"https:\/\/i0.wp.com\/www.24baires.com\/wp-content\/uploads\/2019\/10\/carteleria.jpeg?resize=350%2C200","width":350,"height":200,"srcset":"https:\/\/i0.wp.com\/www.24baires.com\/wp-content\/uploads\/2019\/10\/carteleria.jpeg?resize=350%2C200 1x, https:\/\/i0.wp.com\/www.24baires.com\/wp-content\/uploads\/2019\/10\/carteleria.jpeg?resize=525%2C300 1.5x"},"classes":[]}],"jetpack_sharing_enabled":true,"jetpack_likes_enabled":true,"_links":{"self":[{"href":"https:\/\/www.24baires.com\/index.php?rest_route=\/wp\/v2\/posts\/6644","targetHints":{"allow":["GET"]}}],"collection":[{"href":"https:\/\/www.24baires.com\/index.php?rest_route=\/wp\/v2\/posts"}],"about":[{"href":"https:\/\/www.24baires.com\/index.php?rest_route=\/wp\/v2\/types\/post"}],"author":[{"embeddable":true,"href":"https:\/\/www.24baires.com\/index.php?rest_route=\/wp\/v2\/users\/11"}],"replies":[{"embeddable":true,"href":"https:\/\/www.24baires.com\/index.php?rest_route=%2Fwp%2Fv2%2Fcomments&post=6644"}],"version-history":[{"count":3,"href":"https:\/\/www.24baires.com\/index.php?rest_route=\/wp\/v2\/posts\/6644\/revisions"}],"predecessor-version":[{"id":6733,"href":"https:\/\/www.24baires.com\/index.php?rest_route=\/wp\/v2\/posts\/6644\/revisions\/6733"}],"wp:attachment":[{"href":"https:\/\/www.24baires.com\/index.php?rest_route=%2Fwp%2Fv2%2Fmedia&parent=6644"}],"wp:term":[{"taxonomy":"category","embeddable":true,"href":"https:\/\/www.24baires.com\/index.php?rest_route=%2Fwp%2Fv2%2Fcategories&post=6644"},{"taxonomy":"post_tag","embeddable":true,"href":"https:\/\/www.24baires.com\/index.php?rest_route=%2Fwp%2Fv2%2Ftags&post=6644"}],"curies":[{"name":"wp","href":"https:\/\/api.w.org\/{rel}","templated":true}]}}