{"id":6630,"date":"2012-11-24T12:39:06","date_gmt":"2012-11-24T15:39:06","guid":{"rendered":"http:\/\/www.24baires.com\/?p=6630"},"modified":"2012-11-24T12:39:08","modified_gmt":"2012-11-24T15:39:08","slug":"comenzo-el-tercer-encuentro-de-maquinarias-y-herramientas-para-la-agricultura-familiar","status":"publish","type":"post","link":"https:\/\/www.24baires.com\/?p=6630","title":{"rendered":"Comenz\u00f3 el Tercer Encuentro de Maquinarias y Herramientas para la Agricultura Familiar"},"content":{"rendered":"<p><strong>ITUZAING\u00d3 &#8211; <\/strong>Con la participaci\u00f3n de unas cien pymes, se puso en marcha el Tercer Encuentro de Maquinarias y Herramientas para la Agricultura Familiar , que se lleva a cabo en la sede del INTA Ituzaing\u00f3, en la provincia de Buenos Aires.<!--more--><\/p>\n<p>En la exposici\u00f3n, organizada por el Ministerio de Agricultura nacional, el INTA y la C\u00e1mara Argentina de Maquinaria para la Agricultura Familiar , unas 100 pymes metalmec\u00e1nicas presentaron una amplia gama de equipamiento agroindustrial para peque\u00f1os productores, que abarcan distintas \u00e1reas: Prototipos, Energ\u00edas Alternativas, Producci\u00f3n Primaria y Agregado de Valor.<\/p>\n<p>En este marco, se exhiben orde\u00f1adoras mec\u00e1nicas, tambo f\u00e1brica y mini plantas procesadoras l\u00e1cteas para el sector tambero. Tambi\u00e9n, una sala de faena m\u00f3vil, procesadora de chacinados, laboratorio de an\u00e1lisis de triquinosis para la producci\u00f3n ganadera menor, embotelladora para productores de vinos caseros y un equipo para riego de cultivos, entre otros.<\/p>\n<p>Estos equipamientos tecnol\u00f3gicos, desarrollados mediante el apoyo de la Secretaria de Desarrollo Rural y Agricultura Familiar, se complementan con charlas y ponencias, rondas de intercambio entre expositores y productores, actividades culturales y demostraciones de las funciones y capacidades de las m\u00e1quinas y elaboraciones de algunos productos con esa tecnolog\u00eda.<\/p>\n<p>Desde la entidad, se explic\u00f3 que estas maquinarias se realizan en base al trabajo de los equipos t\u00e9cnicos de la Secretar\u00eda quienes \u201cidentifican en los distintos territorios cu\u00e1les son las necesidades y problemas productivos de los agricultores y cu\u00e1les son las posibles soluciones.<\/p>\n<p>En este sentido, en el acto inaugural del encuentro, la Secretaria de Desarrollo Rural y Agricultura Familiar, Carla Campos Bilbao, resalt\u00f3 la importancia de las inversiones que realiza el Estado Nacional para facilitar a los peque\u00f1os productores agropecuarios el acceso a la tecnolog\u00eda y apostar al \u201ccrecimiento\u201d de los establecimientos de la agricultura familiar.<\/p>\n","protected":false},"excerpt":{"rendered":"<p>ITUZAING\u00d3 &#8211; Con la participaci\u00f3n de unas cien pymes, se puso en marcha el Tercer Encuentro de Maquinarias y Herramientas para la Agricultura Familiar , que se lleva a cabo en la sede del INTA Ituzaing\u00f3, en la provincia de Buenos Aires.<\/p>\n","protected":false},"author":4,"featured_media":0,"comment_status":"open","ping_status":"open","sticky":false,"template":"","format":"standard","meta":{"_jetpack_newsletter_access":"","_jetpack_dont_email_post_to_subs":false,"_jetpack_newsletter_tier_id":0,"_jetpack_memberships_contains_paywalled_content":false,"_jetpack_memberships_contains_paid_content":false,"footnotes":""},"categories":[1],"tags":[],"class_list":["post-6630","post","type-post","status-publish","format-standard","hentry","category-sociedad"],"jetpack_featured_media_url":"","jetpack_shortlink":"https:\/\/wp.me\/p2JWE0-1IW","jetpack-related-posts":[{"id":37243,"url":"https:\/\/www.24baires.com\/?p=37243","url_meta":{"origin":6630,"position":0},"title":"Inauguraron una estaci\u00f3n experimental del INTA en Castelar","author":"Grupo Sierra","date":"21\/12\/2013","format":false,"excerpt":"Durante el acto, el jefe de Gabinete, Jorge Capitanich, sostuvo esta ma\u00f1ana que \"la agricultura familiar tiene un gran desaf\u00edo, porque abarca personas capaces de alimentar a miles y miles de argentinos\". En la inauguraci\u00f3n de una estaci\u00f3n experimental periurbana del INTA en Ituzaing\u00f3, Capitanich agreg\u00f3 que \"esto tiene que\u2026","rel":"","context":"En \u00abLocales\u00bb","block_context":{"text":"Locales","link":"https:\/\/www.24baires.com\/?cat=38"},"img":{"alt_text":"Inta Castelar","src":"https:\/\/i0.wp.com\/www.24baires.com\/wp-content\/uploads\/2013\/12\/Inta-Castelar-300x210.jpg?resize=350%2C200","width":350,"height":200},"classes":[]},{"id":37319,"url":"https:\/\/www.24baires.com\/?p=37319","url_meta":{"origin":6630,"position":1},"title":"Un empuj\u00f3n para la agricultura bonaerense","author":"Grupo Sierra","date":"23\/12\/2013","format":false,"excerpt":"El ministro Carlos Casamiquela entreg\u00f3 este s\u00e1bado en Ituzaing\u00f3 aportes a 33 municipios bonaerenses para fomentar la producci\u00f3n hort\u00edcola, flor\u00edcola, granja y tambo, en un acto junto al jefe de Gabinete, Jorge Capitanich, y el gobernador de la provincia de Buenos Aires, Daniel Scioli. \"Mientras m\u00e1s seamos los que trabajamos\u2026","rel":"","context":"En \u00abProvincia\u00bb","block_context":{"text":"Provincia","link":"https:\/\/www.24baires.com\/?cat=40"},"img":{"alt_text":"soja","src":"https:\/\/i0.wp.com\/www.24baires.com\/wp-content\/uploads\/2013\/06\/soja-300x187.jpg?resize=350%2C200","width":350,"height":200},"classes":[]},{"id":96948,"url":"https:\/\/www.24baires.com\/?p=96948","url_meta":{"origin":6630,"position":2},"title":"Recorte en el programa \u00abCambio Rural\u00bb, dej\u00f3 sin asistencia a peque\u00f1os productores","author":"GB","date":"25\/08\/2017","format":false,"excerpt":"El Ministerio de Agroindustria decidi\u00f3 dejar fuera de la ayuda para la producci\u00f3n a 1000 grupos de la agricultura familiar y estall\u00f3 la bronca en el sector. El ministerio de Agroindustria de la Naci\u00f3n, que depende de Ricardo Buryaile, decidi\u00f3 excluir del programa \"Cambio Rural\" a 1000 grupos pertenecientes al\u2026","rel":"","context":"En \u00abSociedad\u00bb","block_context":{"text":"Sociedad","link":"https:\/\/www.24baires.com\/?cat=1"},"img":{"alt_text":"","src":"https:\/\/i0.wp.com\/www.24baires.com\/wp-content\/uploads\/2017\/08\/peque%C3%B1os-productores.jpg?resize=350%2C200","width":350,"height":200,"srcset":"https:\/\/i0.wp.com\/www.24baires.com\/wp-content\/uploads\/2017\/08\/peque%C3%B1os-productores.jpg?resize=350%2C200 1x, https:\/\/i0.wp.com\/www.24baires.com\/wp-content\/uploads\/2017\/08\/peque%C3%B1os-productores.jpg?resize=525%2C300 1.5x"},"classes":[]},{"id":119208,"url":"https:\/\/www.24baires.com\/?p=119208","url_meta":{"origin":6630,"position":3},"title":"Massa anunci\u00f3 inversi\u00f3n en cr\u00e9ditos para pymes proveedoras de Vaca Muerta","author":"GB","date":"12\/08\/2022","format":false,"excerpt":"El ministro de Econom\u00eda lanz\u00f3 una inversi\u00f3n de $30 mil millones en cr\u00e9ditos para pymes proveedoras de Vaca Muerta. El ministro de Econom\u00eda, Desarrollo Productivo, y Agricultura, Ganader\u00eda y Pesca, Sergio Massa, present\u00f3 la inversi\u00f3n de m\u00e1s de $30 mil millones en cr\u00e9ditos para pymes proveedoras de Vaca Muerta. \"Hemos\u2026","rel":"","context":"En \u00abPol\u00edtica\u00bb","block_context":{"text":"Pol\u00edtica","link":"https:\/\/www.24baires.com\/?cat=51"},"img":{"alt_text":"","src":"https:\/\/i0.wp.com\/www.24baires.com\/wp-content\/uploads\/2022\/08\/sergio-massa-neuquen.jpg?resize=350%2C200","width":350,"height":200,"srcset":"https:\/\/i0.wp.com\/www.24baires.com\/wp-content\/uploads\/2022\/08\/sergio-massa-neuquen.jpg?resize=350%2C200 1x, https:\/\/i0.wp.com\/www.24baires.com\/wp-content\/uploads\/2022\/08\/sergio-massa-neuquen.jpg?resize=525%2C300 1.5x, https:\/\/i0.wp.com\/www.24baires.com\/wp-content\/uploads\/2022\/08\/sergio-massa-neuquen.jpg?resize=700%2C400 2x"},"classes":[]},{"id":44012,"url":"https:\/\/www.24baires.com\/?p=44012","url_meta":{"origin":6630,"position":4},"title":"A falta de ayuda provincial, municipios bonaerenses reciben una mano de Naci\u00f3n","author":"Grupo Sierra","date":"16\/04\/2014","format":false,"excerpt":"Desde la Secretaria de Desarrollo Rural y Agricultura Familiar del Ministerio de Agricultura, Ganader\u00eda y Pesca de la Naci\u00f3n entregaron hoy aportes por 3,8 millones de pesos para el desarrollo de proyectos productivos en siete municipios de la provincia de Buenos Aires. El acto se concret\u00f3 en el marco del\u2026","rel":"","context":"En \u00abEconom\u00eda\u00bb","block_context":{"text":"Econom\u00eda","link":"https:\/\/www.24baires.com\/?cat=45"},"img":{"alt_text":"monumento campos","src":"https:\/\/i0.wp.com\/www.24baires.com\/wp-content\/uploads\/2012\/11\/monumento-campos-300x156.jpg?resize=350%2C200","width":350,"height":200},"classes":[]},{"id":113661,"url":"https:\/\/www.24baires.com\/?p=113661","url_meta":{"origin":6630,"position":5},"title":"Ituzaing\u00f3 usar\u00e1 cannabis medicinal en el sistema de salud p\u00fablica","author":"AF","date":"02\/01\/2020","format":false,"excerpt":"En la sesi\u00f3n con la que cerr\u00f3 sus actividades de 2019, el Concejo Deliberante de Ituzaing\u00f3 aprob\u00f3 la incorporaci\u00f3n de los derivados del cannabis para uso medicinal en el sistema de salud p\u00fablica del municipio. El proyecto fue impulsado por el bloque del Frente de Todos y habilita, desde este\u2026","rel":"","context":"En \u00abLocales\u00bb","block_context":{"text":"Locales","link":"https:\/\/www.24baires.com\/?cat=38"},"img":{"alt_text":"","src":"https:\/\/i0.wp.com\/www.24baires.com\/wp-content\/uploads\/2017\/09\/cannabis-medicinal.jpg?resize=350%2C200","width":350,"height":200,"srcset":"https:\/\/i0.wp.com\/www.24baires.com\/wp-content\/uploads\/2017\/09\/cannabis-medicinal.jpg?resize=350%2C200 1x, https:\/\/i0.wp.com\/www.24baires.com\/wp-content\/uploads\/2017\/09\/cannabis-medicinal.jpg?resize=525%2C300 1.5x"},"classes":[]}],"jetpack_sharing_enabled":true,"jetpack_likes_enabled":true,"_links":{"self":[{"href":"https:\/\/www.24baires.com\/index.php?rest_route=\/wp\/v2\/posts\/6630","targetHints":{"allow":["GET"]}}],"collection":[{"href":"https:\/\/www.24baires.com\/index.php?rest_route=\/wp\/v2\/posts"}],"about":[{"href":"https:\/\/www.24baires.com\/index.php?rest_route=\/wp\/v2\/types\/post"}],"author":[{"embeddable":true,"href":"https:\/\/www.24baires.com\/index.php?rest_route=\/wp\/v2\/users\/4"}],"replies":[{"embeddable":true,"href":"https:\/\/www.24baires.com\/index.php?rest_route=%2Fwp%2Fv2%2Fcomments&post=6630"}],"version-history":[{"count":3,"href":"https:\/\/www.24baires.com\/index.php?rest_route=\/wp\/v2\/posts\/6630\/revisions"}],"predecessor-version":[{"id":6633,"href":"https:\/\/www.24baires.com\/index.php?rest_route=\/wp\/v2\/posts\/6630\/revisions\/6633"}],"wp:attachment":[{"href":"https:\/\/www.24baires.com\/index.php?rest_route=%2Fwp%2Fv2%2Fmedia&parent=6630"}],"wp:term":[{"taxonomy":"category","embeddable":true,"href":"https:\/\/www.24baires.com\/index.php?rest_route=%2Fwp%2Fv2%2Fcategories&post=6630"},{"taxonomy":"post_tag","embeddable":true,"href":"https:\/\/www.24baires.com\/index.php?rest_route=%2Fwp%2Fv2%2Ftags&post=6630"}],"curies":[{"name":"wp","href":"https:\/\/api.w.org\/{rel}","templated":true}]}}