{"id":6628,"date":"2012-11-24T10:00:00","date_gmt":"2012-11-24T13:00:00","guid":{"rendered":"http:\/\/www.24baires.com\/?p=6628"},"modified":"2012-11-24T12:32:22","modified_gmt":"2012-11-24T15:32:22","slug":"mega-operativo-antidrogas-en-trenque-lauquen-dejo-varios-detenidos","status":"publish","type":"post","link":"https:\/\/www.24baires.com\/?p=6628","title":{"rendered":"Mega operativo antidrogas en Trenque Lauquen dej\u00f3 varios detenidos"},"content":{"rendered":"<p>M\u00e1s de 200 efectivos policiales  de toda la provincia y numerosos agentes fiscales coordinados por el fiscal Fabio Arcomano y el ayudante fiscal en estupefacientes, Ra\u00fal Carini Hern\u00e1ndez, concretaron cerca de 40 allanamientos. <!--more--><br \/>\nLo hicieron en el marco de una causa por presunta comercializaci\u00f3n de drogas en Trenque Lauquen donde quedaron aprehendidos tres hombres y una mujer: Juan Carmona, Oscar Iglesias, Jonathan  Sarmiento y Giselle Carreras. Tambi\u00e9n en Pehuaj\u00f3 donde secuestraron  m\u00e1s de un kilo de coca\u00edna, en Carlos Casares y en H\u00e9nderson.<br \/>\nFrente a la Comisar\u00eda se observaba un autom\u00f3vil Corsa que ser\u00eda propiedad de  Iglesias.<\/p>\n","protected":false},"excerpt":{"rendered":"<p>M\u00e1s de 200 efectivos policiales de toda la provincia y numerosos agentes fiscales coordinados por el fiscal Fabio Arcomano y el ayudante fiscal en estupefacientes, Ra\u00fal Carini Hern\u00e1ndez, concretaron cerca de 40 allanamientos.<\/p>\n","protected":false},"author":4,"featured_media":0,"comment_status":"open","ping_status":"open","sticky":false,"template":"","format":"standard","meta":{"_jetpack_newsletter_access":"","_jetpack_dont_email_post_to_subs":false,"_jetpack_newsletter_tier_id":0,"_jetpack_memberships_contains_paywalled_content":false,"_jetpack_memberships_contains_paid_content":false,"footnotes":""},"categories":[49],"tags":[],"class_list":["post-6628","post","type-post","status-publish","format-standard","hentry","category-policiales"],"jetpack_featured_media_url":"","jetpack_shortlink":"https:\/\/wp.me\/p2JWE0-1IU","jetpack-related-posts":[{"id":101126,"url":"https:\/\/www.24baires.com\/?p=101126","url_meta":{"origin":6628,"position":0},"title":"Intendente de Trenque Lauquen fue imputado tras una denuncia por fumigaciones","author":"GB","date":"18\/03\/2018","format":false,"excerpt":"El jefe comunal de esa localidad, Miguel Fern\u00e1ndez, fue imputado en una causa por da\u00f1os ambientales que afect\u00f3 la producci\u00f3n de un vecino, pero que puso en riesgo la vida humana. El hecho tiene varios antecedentes en la provincia y el primer juicio por fumigaci\u00f3n con agrot\u00f3xicos en el pa\u00eds.\u2026","rel":"","context":"En \u00abMunicipios\u00bb","block_context":{"text":"Municipios","link":"https:\/\/www.24baires.com\/?cat=44"},"img":{"alt_text":"","src":"https:\/\/i0.wp.com\/www.24baires.com\/wp-content\/uploads\/2018\/03\/intendente-renque-launquen.jpg?resize=350%2C200","width":350,"height":200,"srcset":"https:\/\/i0.wp.com\/www.24baires.com\/wp-content\/uploads\/2018\/03\/intendente-renque-launquen.jpg?resize=350%2C200 1x, https:\/\/i0.wp.com\/www.24baires.com\/wp-content\/uploads\/2018\/03\/intendente-renque-launquen.jpg?resize=525%2C300 1.5x"},"classes":[]},{"id":114265,"url":"https:\/\/www.24baires.com\/?p=114265","url_meta":{"origin":6628,"position":1},"title":"El gobierno decret\u00f3 la emergencia agropecuaria en Trenque Lauquen y General Villegas","author":"GB","date":"02\/03\/2020","format":false,"excerpt":"El gobierno bonaerense public\u00f3 en el Bolet\u00edn Oficial la declaraci\u00f3n de emergencia en la zona norte de la provincia. La emergencia fue prorrogada para el partido de Trenque Lauquen. El gobierno de la Provincia decret\u00f3 el estado de emergencia agropecuaria en la zona de General Villegas y el partido de\u2026","rel":"","context":"En \u00abProvincia\u00bb","block_context":{"text":"Provincia","link":"https:\/\/www.24baires.com\/?cat=40"},"img":{"alt_text":"","src":"https:\/\/i0.wp.com\/www.24baires.com\/wp-content\/uploads\/2013\/01\/trenque-lauquen-inundado.png?resize=350%2C200","width":350,"height":200},"classes":[]},{"id":10433,"url":"https:\/\/www.24baires.com\/?p=10433","url_meta":{"origin":6628,"position":2},"title":"Villegas: Firma de convenio entre la Fiscal\u00eda Gral. de Trenque Lauquen y la Municipalidad","author":"AF","date":"26\/12\/2012","format":false,"excerpt":"En la ma\u00f1ana de este mi\u00e9rcoles se llev\u00f3 a cabo la firma de un Convenio de Colaboraci\u00f3n Institucional entre la Fiscal\u00eda General del Departamento Judicial de Trenque Lauquen y la Municipalidad de General Villegas, para el traslado de menores v\u00edctimas de abuso sexual a la sede de la C\u00e1mara Gesell.\u2026","rel":"","context":"En \u00abLocales\u00bb","block_context":{"text":"Locales","link":"https:\/\/www.24baires.com\/?cat=38"},"img":{"alt_text":"","src":"","width":0,"height":0},"classes":[]},{"id":115501,"url":"https:\/\/www.24baires.com\/?p=115501","url_meta":{"origin":6628,"position":3},"title":"Trenque Lauquen aprob\u00f3 su propio impuesto a la riqueza","author":"GB","date":"30\/06\/2020","format":false,"excerpt":"El Concejo Deliberante apro\u00f3 una contribuci\u00f3n extraordinaria para las grandes fortunas. Los fondos recaudados ser\u00e1n utilizados para enfrentar la pandemia por coronavirus. \"Montar un centro extrahospitalario y que la gente est\u00e9 en buenas condiciones, sale plata\", argument\u00f3 el jefe comunal de Juntos por el Cambio, Miguel Fern\u00e1ndez. El distrito de\u2026","rel":"","context":"En \u00abMunicipios\u00bb","block_context":{"text":"Municipios","link":"https:\/\/www.24baires.com\/?cat=44"},"img":{"alt_text":"","src":"https:\/\/i0.wp.com\/www.24baires.com\/wp-content\/uploads\/2020\/06\/trenque-lauquen-300x188.jpg?resize=350%2C200","width":350,"height":200},"classes":[]},{"id":101730,"url":"https:\/\/www.24baires.com\/?p=101730","url_meta":{"origin":6628,"position":4},"title":"Sesi\u00f3n por emergencia tarifaria termin\u00f3 con agresiones a ediles en Trenque Lauqen","author":"GB","date":"22\/04\/2018","format":false,"excerpt":"La primera sesi\u00f3n del a\u00f1o en el Concejo Deliberante de Trenque Lauquen termin\u00f3 ayer con una in\u00e9dita trifulca que incluy\u00f3 insultos y agresiones f\u00edsicas contra ediles de Cambiemos, luego de que esa fuerza pol\u00edtica frustrara la aprobaci\u00f3n de un proyecto de resoluci\u00f3n del kirchnerismo para declarar la emergencia tarifaria en\u2026","rel":"","context":"En \u00abMunicipios\u00bb","block_context":{"text":"Municipios","link":"https:\/\/www.24baires.com\/?cat=44"},"img":{"alt_text":"","src":"https:\/\/i0.wp.com\/www.24baires.com\/wp-content\/uploads\/2018\/04\/sesion-trenque-launquen-300x200.jpeg?resize=350%2C200","width":350,"height":200},"classes":[]},{"id":2937,"url":"https:\/\/www.24baires.com\/?p=2937","url_meta":{"origin":6628,"position":5},"title":"Condenaron a casi 5 a\u00f1os de prisi\u00f3n a los j\u00f3venes que abusaron de una menor en Villegas y la filmaron","author":"Grupo Sierra","date":"22\/10\/2012","format":false,"excerpt":"El Tribunal Criminal 1 de Trenque Lauquen conden\u00f3 a tres j\u00f3venes por abuso sexual a una adolescente de 14 a\u00f1os a penas de 4 a\u00f1os y 10 meses de prisi\u00f3n pero quedaron en libertad \"con limitaciones\". El tribunal conden\u00f3 a Mariano Pi\u00f1ero, de 34 a\u00f1os, Mario Magallanes, de 25, y\u2026","rel":"","context":"En \u00abPoliciales\u00bb","block_context":{"text":"Policiales","link":"https:\/\/www.24baires.com\/?cat=49"},"img":{"alt_text":"","src":"https:\/\/i0.wp.com\/www.24baires.com\/wp-content\/uploads\/2012\/10\/villegas-abuso.jpg?resize=350%2C200","width":350,"height":200,"srcset":"https:\/\/i0.wp.com\/www.24baires.com\/wp-content\/uploads\/2012\/10\/villegas-abuso.jpg?resize=350%2C200 1x, https:\/\/i0.wp.com\/www.24baires.com\/wp-content\/uploads\/2012\/10\/villegas-abuso.jpg?resize=525%2C300 1.5x"},"classes":[]}],"jetpack_sharing_enabled":true,"jetpack_likes_enabled":true,"_links":{"self":[{"href":"https:\/\/www.24baires.com\/index.php?rest_route=\/wp\/v2\/posts\/6628","targetHints":{"allow":["GET"]}}],"collection":[{"href":"https:\/\/www.24baires.com\/index.php?rest_route=\/wp\/v2\/posts"}],"about":[{"href":"https:\/\/www.24baires.com\/index.php?rest_route=\/wp\/v2\/types\/post"}],"author":[{"embeddable":true,"href":"https:\/\/www.24baires.com\/index.php?rest_route=\/wp\/v2\/users\/4"}],"replies":[{"embeddable":true,"href":"https:\/\/www.24baires.com\/index.php?rest_route=%2Fwp%2Fv2%2Fcomments&post=6628"}],"version-history":[{"count":1,"href":"https:\/\/www.24baires.com\/index.php?rest_route=\/wp\/v2\/posts\/6628\/revisions"}],"predecessor-version":[{"id":6629,"href":"https:\/\/www.24baires.com\/index.php?rest_route=\/wp\/v2\/posts\/6628\/revisions\/6629"}],"wp:attachment":[{"href":"https:\/\/www.24baires.com\/index.php?rest_route=%2Fwp%2Fv2%2Fmedia&parent=6628"}],"wp:term":[{"taxonomy":"category","embeddable":true,"href":"https:\/\/www.24baires.com\/index.php?rest_route=%2Fwp%2Fv2%2Fcategories&post=6628"},{"taxonomy":"post_tag","embeddable":true,"href":"https:\/\/www.24baires.com\/index.php?rest_route=%2Fwp%2Fv2%2Ftags&post=6628"}],"curies":[{"name":"wp","href":"https:\/\/api.w.org\/{rel}","templated":true}]}}