{"id":6620,"date":"2012-11-24T11:44:49","date_gmt":"2012-11-24T14:44:49","guid":{"rendered":"http:\/\/www.24baires.com\/?p=6620"},"modified":"2012-11-24T16:25:33","modified_gmt":"2012-11-24T19:25:33","slug":"buscan-eliminar-los-sectores-vips-en-los-boliches","status":"publish","type":"post","link":"https:\/\/www.24baires.com\/?p=6620","title":{"rendered":"Buscan eliminar los sectores VIP en los boliches"},"content":{"rendered":"<p><img data-recalc-dims=\"1\" loading=\"lazy\" decoding=\"async\" class=\"aligncenter size-full wp-image-6624\" title=\"vip boliches\" src=\"https:\/\/i0.wp.com\/www.24baires.com\/wp-content\/uploads\/2012\/11\/vip-boliches.jpg?resize=560%2C420\" alt=\"\" width=\"560\" height=\"420\" srcset=\"https:\/\/i0.wp.com\/www.24baires.com\/wp-content\/uploads\/2012\/11\/vip-boliches.jpg?w=560&amp;ssl=1 560w, https:\/\/i0.wp.com\/www.24baires.com\/wp-content\/uploads\/2012\/11\/vip-boliches.jpg?resize=300%2C225&amp;ssl=1 300w\" sizes=\"auto, (max-width: 560px) 100vw, 560px\" \/>La eliminaci\u00f3n de las \u00e1reas conocidas bajo esa denominaci\u00f3n en boliches del distrito est\u00e1 contemplada en una iniciativa que fue aprobada ya por la C\u00e1mara de Diputados y podr\u00eda ser sancionada por el Senado bonaerense en las pr\u00f3ximas semanas.<!--more--><\/p>\n<p>La eliminaci\u00f3n de las \u00e1reas conocidas como sectores \u201cvip\u201d en los boliches de la Provincia est\u00e1 contemplada en un proyecto de ley que avanza a paso firme: fue aprobada ya por la C\u00e1mara de Diputados y podr\u00eda ser sancionada -y entrar en vigencia- por el Senado en las pr\u00f3ximas semanas.<\/p>\n<p>La prohibici\u00f3n de instalar sectores \u201cvips\u201d -a los que se deja ingresar s\u00f3lo a determinadas personas, a las que se brinda una atenci\u00f3n especial- alcanzar\u00e1, de sancionarse la norma, a boliches bailables, discotecas, confiter\u00edas y todo tipo de locales afines en todo el territorio provincial.<\/p>\n<p>La iniciativa, presentada por el diputado Aldo Mensi (UCR), establece que tras la promulgaci\u00f3n de la ley los boliches tendr\u00e1n un plazo de 60 d\u00edas para adecuar sus instalaciones y convertir todos los espacios en \u00e1mbitos de com\u00fan accesibilidad para toda la concurrencia.<\/p>\n<p>Tambi\u00e9n se dispone en el proyecto que la violaci\u00f3n de la prohibici\u00f3n de tener sectores \u201cvip\u201d ser\u00e1 sancionada con la clausura definitiva del local.<\/p>\n<p>En los fundamentos de la medida, se se\u00f1ala que los \u201cvips\u201d \u201cse han vuelto habituales en la cultura de la noche\u201d y que \u201c\u00fanicamente ingresan en ellos quienes tienen mejor poder adquisitivo, gozan de popularidad o poseen, fundamentalmente si se trata de mujeres, alg\u00fan atributo especial en su apariencia f\u00edsica\u201d.<\/p>\n<p>Y tras esa descripci\u00f3n, se considera que \u201cdebemos propiciar la no discriminaci\u00f3n, el trato igualitario y el sostenimiento de valores que poco o nada tienen que ver con cuestiones ligadas a la moda y hasta a la frivolidad propia de estos tiempos\u201d.<\/p>\n","protected":false},"excerpt":{"rendered":"<p>La eliminaci\u00f3n de las \u00e1reas conocidas bajo esa denominaci\u00f3n en boliches del distrito est\u00e1 contemplada en una iniciativa que fue aprobada ya por la C\u00e1mara de Diputados y podr\u00eda ser sancionada por el Senado bonaerense en las pr\u00f3ximas semanas.<\/p>\n","protected":false},"author":4,"featured_media":0,"comment_status":"open","ping_status":"open","sticky":false,"template":"","format":"standard","meta":{"_jetpack_newsletter_access":"","_jetpack_dont_email_post_to_subs":false,"_jetpack_newsletter_tier_id":0,"_jetpack_memberships_contains_paywalled_content":false,"_jetpack_memberships_contains_paid_content":false,"footnotes":""},"categories":[1],"tags":[],"class_list":["post-6620","post","type-post","status-publish","format-standard","hentry","category-sociedad"],"jetpack_featured_media_url":"","jetpack_shortlink":"https:\/\/wp.me\/p2JWE0-1IM","jetpack-related-posts":[{"id":118166,"url":"https:\/\/www.24baires.com\/?p=118166","url_meta":{"origin":6620,"position":0},"title":"Es ley la eximici\u00f3n de impuestos para hoteleros y comerciantes","author":"GB","date":"22\/10\/2021","format":false,"excerpt":"Ambas C\u00e1maras bonaerenses aprobaron la medida que beneficiar\u00e1 a hoteles, hospedajes, camping, casas de fiestas, guarder\u00edas, jardines maternales, gimnasios, parques de diversiones y salones de bailes y boliches. La C\u00e1mara de Diputados bonaerense convirti\u00f3 en ley la eximici\u00f3n de impuestos para hoteleros y comerciantes, luego de que el proyecto que\u2026","rel":"","context":"En \u00abProvincia\u00bb","block_context":{"text":"Provincia","link":"https:\/\/www.24baires.com\/?cat=40"},"img":{"alt_text":"","src":"https:\/\/i0.wp.com\/www.24baires.com\/wp-content\/uploads\/2020\/02\/senado.jpg?resize=350%2C200","width":350,"height":200,"srcset":"https:\/\/i0.wp.com\/www.24baires.com\/wp-content\/uploads\/2020\/02\/senado.jpg?resize=350%2C200 1x, https:\/\/i0.wp.com\/www.24baires.com\/wp-content\/uploads\/2020\/02\/senado.jpg?resize=525%2C300 1.5x"},"classes":[]},{"id":119433,"url":"https:\/\/www.24baires.com\/?p=119433","url_meta":{"origin":6620,"position":1},"title":"Tragedia de Croma\u00f1on: Diputados aprob\u00f3 expropiar el edificio para la memoria","author":"GB","date":"13\/10\/2022","format":false,"excerpt":"Tras dos horas de debate el proyecto en diputados fue aprobado por unanimidad, sumando 207 votos positivos, en una votaci\u00f3n de la que no participaron 49 legisladores por estar ausentes. La C\u00e1mara de Diputados aprob\u00f3 este mi\u00e9rcoles por unanimidad y envi\u00f3 al Senado el proyecto que busca expropiar el edificio\u2026","rel":"","context":"En \u00abSociedad\u00bb","block_context":{"text":"Sociedad","link":"https:\/\/www.24baires.com\/?cat=1"},"img":{"alt_text":"","src":"https:\/\/i0.wp.com\/www.24baires.com\/wp-content\/uploads\/2016\/12\/cromagnon.jpg?resize=350%2C200","width":350,"height":200,"srcset":"https:\/\/i0.wp.com\/www.24baires.com\/wp-content\/uploads\/2016\/12\/cromagnon.jpg?resize=350%2C200 1x, https:\/\/i0.wp.com\/www.24baires.com\/wp-content\/uploads\/2016\/12\/cromagnon.jpg?resize=525%2C300 1.5x, https:\/\/i0.wp.com\/www.24baires.com\/wp-content\/uploads\/2016\/12\/cromagnon.jpg?resize=700%2C400 2x"},"classes":[]},{"id":116717,"url":"https:\/\/www.24baires.com\/?p=116717","url_meta":{"origin":6620,"position":2},"title":"Diputados aprob\u00f3 el Presupuesto 2021 y lo convirti\u00f3 en ley","author":"AF","date":"17\/11\/2020","format":false,"excerpt":"El plan de gastos y recursos del Estado para el pr\u00f3ximo a\u00f1o fue sancionado por 139 votos, pero hubo 83 abstenciones. La C\u00e1mara de Diputados convirti\u00f3 en ley el proyecto de Presupuesto 2021 durante la sesi\u00f3n de este martes con 139 votos a favor, 20 en contra y 83 abstenciones.\u2026","rel":"","context":"En \u00abSociedad\u00bb","block_context":{"text":"Sociedad","link":"https:\/\/www.24baires.com\/?cat=1"},"img":{"alt_text":"","src":"https:\/\/i0.wp.com\/www.24baires.com\/wp-content\/uploads\/2020\/08\/congreso.jpg?resize=350%2C200","width":350,"height":200,"srcset":"https:\/\/i0.wp.com\/www.24baires.com\/wp-content\/uploads\/2020\/08\/congreso.jpg?resize=350%2C200 1x, https:\/\/i0.wp.com\/www.24baires.com\/wp-content\/uploads\/2020\/08\/congreso.jpg?resize=525%2C300 1.5x"},"classes":[]},{"id":122891,"url":"https:\/\/www.24baires.com\/?p=122891","url_meta":{"origin":6620,"position":3},"title":"Diputados aprob\u00f3 la reforma laboral","author":"GB","date":"20\/02\/2026","format":false,"excerpt":"Con 135 votos a favor y 115 en contra, este viernes por la madruga el proyecto oficialista logr\u00f3 el aval de la C\u00e1mara Baja de la Naci\u00f3n. La norma volver\u00e1 al Senado para su sanci\u00f3n definitiva tras la eliminaci\u00f3n del art\u00edculo 44. Tras una marat\u00f3nica y caliente sesi\u00f3n, en el\u2026","rel":"","context":"En \u00abPol\u00edtica\u00bb","block_context":{"text":"Pol\u00edtica","link":"https:\/\/www.24baires.com\/?cat=51"},"img":{"alt_text":"","src":"https:\/\/i0.wp.com\/www.24baires.com\/wp-content\/uploads\/2026\/02\/votacion_reforma_laboral.webp?resize=350%2C200","width":350,"height":200,"srcset":"https:\/\/i0.wp.com\/www.24baires.com\/wp-content\/uploads\/2026\/02\/votacion_reforma_laboral.webp?resize=350%2C200 1x, https:\/\/i0.wp.com\/www.24baires.com\/wp-content\/uploads\/2026\/02\/votacion_reforma_laboral.webp?resize=525%2C300 1.5x, https:\/\/i0.wp.com\/www.24baires.com\/wp-content\/uploads\/2026\/02\/votacion_reforma_laboral.webp?resize=700%2C400 2x"},"classes":[]},{"id":113852,"url":"https:\/\/www.24baires.com\/?p=113852","url_meta":{"origin":6620,"position":4},"title":"Diez rugbiers detenidos por el asesinato de un joven en Gesell","author":"AF","date":"18\/01\/2020","format":false,"excerpt":"Lleg\u00f3 al Hospital Illia con m\u00faltiples traumatismos y p\u00e9rdida de conocimiento. El hecho ocurri\u00f3 en la madrugada de este s\u00e1bado. La fiscal\u00eda a cargo del caso solicit\u00f3 la revisi\u00f3n de las c\u00e1maras de seguridad de la zona. Un joven de 19 a\u00f1os muri\u00f3 esta madrugada como consecuencia de los golpes\u2026","rel":"","context":"En \u00abLocales\u00bb","block_context":{"text":"Locales","link":"https:\/\/www.24baires.com\/?cat=38"},"img":{"alt_text":"","src":"https:\/\/i0.wp.com\/www.24baires.com\/wp-content\/uploads\/2018\/02\/hospital-villa-gesell.jpg?resize=350%2C200","width":350,"height":200,"srcset":"https:\/\/i0.wp.com\/www.24baires.com\/wp-content\/uploads\/2018\/02\/hospital-villa-gesell.jpg?resize=350%2C200 1x, https:\/\/i0.wp.com\/www.24baires.com\/wp-content\/uploads\/2018\/02\/hospital-villa-gesell.jpg?resize=525%2C300 1.5x"},"classes":[]},{"id":105054,"url":"https:\/\/www.24baires.com\/?p=105054","url_meta":{"origin":6620,"position":5},"title":"Buscan aprobar proyecto de \u00abalcohol 0\u00bb para j\u00f3venes y principiantes","author":"AF","date":"22\/10\/2018","format":false,"excerpt":"El Senado bonaerense tratar\u00e1 el pr\u00f3ximo jueves una ley que propone el \"alcohol cero\" para menores de 21 a\u00f1os y conductores principiantes e incrementa las penas para quienes superen los niveles permitidos. La iniciativa, adelantada por DIB la semana pasada, ser\u00e1 tratada en la pr\u00f3xima sesi\u00f3n de la c\u00e1mara alta,\u2026","rel":"","context":"En \u00abSociedad\u00bb","block_context":{"text":"Sociedad","link":"https:\/\/www.24baires.com\/?cat=1"},"img":{"alt_text":"","src":"https:\/\/i0.wp.com\/www.24baires.com\/wp-content\/uploads\/2013\/01\/control-alcoholemia1.jpg?resize=350%2C200","width":350,"height":200,"srcset":"https:\/\/i0.wp.com\/www.24baires.com\/wp-content\/uploads\/2013\/01\/control-alcoholemia1.jpg?resize=350%2C200 1x, https:\/\/i0.wp.com\/www.24baires.com\/wp-content\/uploads\/2013\/01\/control-alcoholemia1.jpg?resize=525%2C300 1.5x"},"classes":[]}],"jetpack_sharing_enabled":true,"jetpack_likes_enabled":true,"_links":{"self":[{"href":"https:\/\/www.24baires.com\/index.php?rest_route=\/wp\/v2\/posts\/6620","targetHints":{"allow":["GET"]}}],"collection":[{"href":"https:\/\/www.24baires.com\/index.php?rest_route=\/wp\/v2\/posts"}],"about":[{"href":"https:\/\/www.24baires.com\/index.php?rest_route=\/wp\/v2\/types\/post"}],"author":[{"embeddable":true,"href":"https:\/\/www.24baires.com\/index.php?rest_route=\/wp\/v2\/users\/4"}],"replies":[{"embeddable":true,"href":"https:\/\/www.24baires.com\/index.php?rest_route=%2Fwp%2Fv2%2Fcomments&post=6620"}],"version-history":[{"count":3,"href":"https:\/\/www.24baires.com\/index.php?rest_route=\/wp\/v2\/posts\/6620\/revisions"}],"predecessor-version":[{"id":6651,"href":"https:\/\/www.24baires.com\/index.php?rest_route=\/wp\/v2\/posts\/6620\/revisions\/6651"}],"wp:attachment":[{"href":"https:\/\/www.24baires.com\/index.php?rest_route=%2Fwp%2Fv2%2Fmedia&parent=6620"}],"wp:term":[{"taxonomy":"category","embeddable":true,"href":"https:\/\/www.24baires.com\/index.php?rest_route=%2Fwp%2Fv2%2Fcategories&post=6620"},{"taxonomy":"post_tag","embeddable":true,"href":"https:\/\/www.24baires.com\/index.php?rest_route=%2Fwp%2Fv2%2Ftags&post=6620"}],"curies":[{"name":"wp","href":"https:\/\/api.w.org\/{rel}","templated":true}]}}