{"id":6613,"date":"2012-11-24T11:14:19","date_gmt":"2012-11-24T14:14:19","guid":{"rendered":"http:\/\/www.24baires.com\/?p=6613"},"modified":"2012-11-24T11:14:19","modified_gmt":"2012-11-24T14:14:19","slug":"magistradas-de-iberoamerica-debatiran-en-argentina-sobre-politicas-de-genero","status":"publish","type":"post","link":"https:\/\/www.24baires.com\/?p=6613","title":{"rendered":"Magistradas de Iberoam\u00e9rica debatir\u00e1n en Argentina sobre pol\u00edticas de g\u00e9nero"},"content":{"rendered":"<p>Ser\u00e1 entre el 28 y el 30 de noviembre y est\u00e1 organizado por la Asociaci\u00f3n de Mujeres Jueces. Del acto inaugural participar\u00e1n la vicepresidenta de la Corte, Elena Highton de Nolasco, y la ministra Carmen Argibay.<!--more--><br \/>\nEl 28 de noviembre, a las 11 se inaugurar\u00e1 en la Sala de Audiencias del Palacio de Justicia el XIII Encuentro de Magistradas de los m\u00e1s altos \u00f3rganos de Justicia de Iberoam\u00e9rica \u201cPor una Justicia de g\u00e9nero\u201d. Participar\u00e1n del acto inaugural la vicepresidenta de la Corte Suprema de Justicia de la Naci\u00f3n, Elena Highton de Nolasco, y la ministra Carmen Argibay.<br \/>\nLa reuni\u00f3n es organizada por la Asociaci\u00f3n de Mujeres Jueces de Argentina (AMJA), el Instituto Latinoamericano de las Naciones Unidas para la Prevenci\u00f3n del Delito y el Tratamiento del Delincuente (ILANUD); y la Fundaci\u00f3n Justicia y G\u00e9nero de Costa Rica.<\/p>\n<p>Las sesiones de trabajo se llevar\u00e1n a cabo en el Hotel Intersur Recoleta y abordar\u00e1n, entre otros, los siguientes temas: el rol de la asociaci\u00f3n de juezas en la lucha por la igualdad de g\u00e9nero; la independencia judicial desde una perspectiva de g\u00e9nero; el sexismo en la gesti\u00f3n humana de la administraci\u00f3n de Justicia; la igualdad en la carrera judicial; pol\u00edticas de igualdad en la gesti\u00f3n judicial; y la inspecci\u00f3n judicial y el sistema patriarcal.<br \/>\nJunto a magistradas argentinas, expondr\u00e1n juezas de Rep\u00fablica Dominicana, Panam\u00e1, El Salvador; Venezuela; Brasil, Puerto Rico, M\u00e9xico, Bolivia, Chile, Honduras, Ecuador, Cuba y Espa\u00f1a.<\/p>\n","protected":false},"excerpt":{"rendered":"<p>Ser\u00e1 entre el 28 y el 30 de noviembre y est\u00e1 organizado por la Asociaci\u00f3n de Mujeres Jueces. Del acto inaugural participar\u00e1n la vicepresidenta de la Corte, Elena Highton de Nolasco, y la ministra Carmen Argibay.<\/p>\n","protected":false},"author":4,"featured_media":0,"comment_status":"open","ping_status":"open","sticky":false,"template":"","format":"standard","meta":{"_jetpack_newsletter_access":"","_jetpack_dont_email_post_to_subs":false,"_jetpack_newsletter_tier_id":0,"_jetpack_memberships_contains_paywalled_content":false,"_jetpack_memberships_contains_paid_content":false,"footnotes":""},"categories":[1],"tags":[],"class_list":["post-6613","post","type-post","status-publish","format-standard","hentry","category-sociedad"],"jetpack_featured_media_url":"","jetpack_shortlink":"https:\/\/wp.me\/p2JWE0-1IF","jetpack-related-posts":[{"id":18364,"url":"https:\/\/www.24baires.com\/?p=18364","url_meta":{"origin":6613,"position":0},"title":"Highton y Argibay encabezan encuentro de juezas de Latinoam\u00e9rica de violencia de g\u00e9nero","author":"AF","date":"14\/03\/2013","format":false,"excerpt":"La jornada arranc\u00f3 este jueves y se extender\u00e1 hasta el viernes. Se realiza en la ciudad de Puerto Iguaz\u00fa. Es organizada por la Asociaci\u00f3n de Mujeres Jueces de Argentina y el Superior Tribunal de Justicia de Misiones. La vicepresidenta de la Corte Suprema de Justicia de la Naci\u00f3n, Elena Highton\u2026","rel":"","context":"En \u00abSociedad\u00bb","block_context":{"text":"Sociedad","link":"https:\/\/www.24baires.com\/?cat=1"},"img":{"alt_text":"","src":"","width":0,"height":0},"classes":[]},{"id":2355,"url":"https:\/\/www.24baires.com\/?p=2355","url_meta":{"origin":6613,"position":1},"title":"Lorenzetti fue reelecto como Presidente de la Corte Suprema","author":"Grupo Sierra","date":"16\/10\/2012","format":false,"excerpt":"El presidente de la Corte Suprema de Justicia, Ricardo Lorenzetti, fue reelecto hoy por tercera vez como titular del m\u00e1ximo tribunal del pa\u00eds, se inform\u00f3 oficialmente. Los miembros de la Corte ratificaron tambi\u00e9n que Elena Highton de Nolasco permanezca como vicepresidenta por un nuevo per\u00edodo. Seg\u00fan la acordada 19\/12, difundida\u2026","rel":"","context":"En \u00abPol\u00edtica\u00bb","block_context":{"text":"Pol\u00edtica","link":"https:\/\/www.24baires.com\/?cat=51"},"img":{"alt_text":"","src":"https:\/\/i0.wp.com\/www.24baires.com\/wp-content\/uploads\/2012\/10\/lorenzetti-corte-suprema.jpg?resize=350%2C200","width":350,"height":200,"srcset":"https:\/\/i0.wp.com\/www.24baires.com\/wp-content\/uploads\/2012\/10\/lorenzetti-corte-suprema.jpg?resize=350%2C200 1x, https:\/\/i0.wp.com\/www.24baires.com\/wp-content\/uploads\/2012\/10\/lorenzetti-corte-suprema.jpg?resize=525%2C300 1.5x"},"classes":[]},{"id":105297,"url":"https:\/\/www.24baires.com\/?p=105297","url_meta":{"origin":6613,"position":2},"title":"El Gobierno comparti\u00f3 un almuerzo \u00abde camarader\u00eda\u00bb con miembros de la Corte Suprema","author":"AF","date":"06\/11\/2018","format":false,"excerpt":"Ocurri\u00f3 este mediod\u00eda. Por el Ejecutivo estuvieron Mauricio Macri, Marcos Pe\u00f1a y Germ\u00e1n Garavano. Por parte de los magistrados, Carlos Rosenkrantz y Elena Highton de Nolasco. En medio del impresionante revuelo judicial que se suscita en Argentina en los \u00faltimos tiempos, la causa de las fotocopias, las persecuciones judiciales, las\u2026","rel":"","context":"En \u00abPol\u00edtica\u00bb","block_context":{"text":"Pol\u00edtica","link":"https:\/\/www.24baires.com\/?cat=51"},"img":{"alt_text":"","src":"https:\/\/i0.wp.com\/www.24baires.com\/wp-content\/uploads\/2018\/11\/ejecutivo-corte.jpg?resize=350%2C200","width":350,"height":200,"srcset":"https:\/\/i0.wp.com\/www.24baires.com\/wp-content\/uploads\/2018\/11\/ejecutivo-corte.jpg?resize=350%2C200 1x, https:\/\/i0.wp.com\/www.24baires.com\/wp-content\/uploads\/2018\/11\/ejecutivo-corte.jpg?resize=525%2C300 1.5x"},"classes":[]},{"id":41638,"url":"https:\/\/www.24baires.com\/?p=41638","url_meta":{"origin":6613,"position":3},"title":"Lorenzetti: \u00abHay que reformar el poder judicial\u00bb","author":"Grupo Sierra","date":"06\/03\/2014","format":false,"excerpt":"El presidente de la Corte Suprema lo dijo durante la ceremonia en la que inaugur\u00f3 formalmente el \"a\u00f1o judicial\" y expuso los lineamientos de trabajo para 2014. Ministros del gobierno nacional, secretarios de Estado y funcionarios judiciales asistieron hoy al acto en el que el presidente de la Corte Suprema\u2026","rel":"","context":"En \u00abJUDICIALES\u00bb","block_context":{"text":"JUDICIALES","link":"https:\/\/www.24baires.com\/?cat=68"},"img":{"alt_text":"","src":"","width":0,"height":0},"classes":[]},{"id":103948,"url":"https:\/\/www.24baires.com\/?p=103948","url_meta":{"origin":6613,"position":4},"title":"La Corte Suprema suspendi\u00f3 la audiencia por Farmacity","author":"GB","date":"17\/08\/2018","format":false,"excerpt":"Iba a realizarse el 29 de agosto. El m\u00e1ximo tribunal la posterg\u00f3 porque Highton de Nolasco debe viajar a M\u00e9xico. La Corte Suprema de Justicia de la Naci\u00f3n suspendi\u00f3 la audiencia p\u00fablica que iba a realizarse el 29 de agosto para debatir el desembarco de la empresa Farmacity en la\u2026","rel":"","context":"En \u00abPol\u00edtica\u00bb","block_context":{"text":"Pol\u00edtica","link":"https:\/\/www.24baires.com\/?cat=51"},"img":{"alt_text":"","src":"https:\/\/i0.wp.com\/www.24baires.com\/wp-content\/uploads\/2012\/12\/corte-suprema.jpg?resize=350%2C200","width":350,"height":200,"srcset":"https:\/\/i0.wp.com\/www.24baires.com\/wp-content\/uploads\/2012\/12\/corte-suprema.jpg?resize=350%2C200 1x, https:\/\/i0.wp.com\/www.24baires.com\/wp-content\/uploads\/2012\/12\/corte-suprema.jpg?resize=525%2C300 1.5x"},"classes":[]},{"id":44131,"url":"https:\/\/www.24baires.com\/?p=44131","url_meta":{"origin":6613,"position":5},"title":"La Justicia exige respuestas sobre limpieza del Riachuelo","author":"Grupo Sierra","date":"17\/04\/2014","format":false,"excerpt":"La Corte Suprema de Justicia de la Naci\u00f3n le solicit\u00f3 a los Gobiernos de la Naci\u00f3n, de la Ciudad de Buenos Aires y de la provincia de Buenos Aires que en 15 d\u00edas presenten un informe sobre los avances en la limpieza del Riachuelo. El m\u00e1ximo tribunal requiri\u00f3 \"un informe\u2026","rel":"","context":"En \u00abJUDICIALES\u00bb","block_context":{"text":"JUDICIALES","link":"https:\/\/www.24baires.com\/?cat=68"},"img":{"alt_text":"Riachuelo","src":"https:\/\/i0.wp.com\/www.24baires.com\/wp-content\/uploads\/2013\/08\/Riachuelo-300x199.jpg?resize=350%2C200","width":350,"height":200},"classes":[]}],"jetpack_sharing_enabled":true,"jetpack_likes_enabled":true,"_links":{"self":[{"href":"https:\/\/www.24baires.com\/index.php?rest_route=\/wp\/v2\/posts\/6613","targetHints":{"allow":["GET"]}}],"collection":[{"href":"https:\/\/www.24baires.com\/index.php?rest_route=\/wp\/v2\/posts"}],"about":[{"href":"https:\/\/www.24baires.com\/index.php?rest_route=\/wp\/v2\/types\/post"}],"author":[{"embeddable":true,"href":"https:\/\/www.24baires.com\/index.php?rest_route=\/wp\/v2\/users\/4"}],"replies":[{"embeddable":true,"href":"https:\/\/www.24baires.com\/index.php?rest_route=%2Fwp%2Fv2%2Fcomments&post=6613"}],"version-history":[{"count":1,"href":"https:\/\/www.24baires.com\/index.php?rest_route=\/wp\/v2\/posts\/6613\/revisions"}],"predecessor-version":[{"id":6614,"href":"https:\/\/www.24baires.com\/index.php?rest_route=\/wp\/v2\/posts\/6613\/revisions\/6614"}],"wp:attachment":[{"href":"https:\/\/www.24baires.com\/index.php?rest_route=%2Fwp%2Fv2%2Fmedia&parent=6613"}],"wp:term":[{"taxonomy":"category","embeddable":true,"href":"https:\/\/www.24baires.com\/index.php?rest_route=%2Fwp%2Fv2%2Fcategories&post=6613"},{"taxonomy":"post_tag","embeddable":true,"href":"https:\/\/www.24baires.com\/index.php?rest_route=%2Fwp%2Fv2%2Ftags&post=6613"}],"curies":[{"name":"wp","href":"https:\/\/api.w.org\/{rel}","templated":true}]}}