{"id":6608,"date":"2012-11-24T11:00:34","date_gmt":"2012-11-24T14:00:34","guid":{"rendered":"http:\/\/www.24baires.com\/?p=6608"},"modified":"2012-11-24T11:07:00","modified_gmt":"2012-11-24T14:07:00","slug":"se-estrena-la-serie-documental-clarin-un-invento-argentino","status":"publish","type":"post","link":"https:\/\/www.24baires.com\/?p=6608","title":{"rendered":"Se estrena la serie documental \u00abClar\u00edn, un invento argentino\u00bb"},"content":{"rendered":"<p><img data-recalc-dims=\"1\" loading=\"lazy\" decoding=\"async\" class=\"alignleft size-full wp-image-6609\" title=\"clar\u00edn un invento argentino\" src=\"https:\/\/i0.wp.com\/www.24baires.com\/wp-content\/uploads\/2012\/11\/clar%C3%ADn-un-invento-argentino.jpg?resize=300%2C200\" alt=\"\" width=\"300\" height=\"200\" \/>Su director, Ari Lijalad, adelant\u00f3 que la serie narra, en ocho cap\u00edtulos, \u201cla historia completa\u201d del medio y sus v\u00ednculos con los gobiernos civiles y militares desde 1945.<!--more--><br \/>\nEste s\u00e1bado a las 21:45 se estrena en la TV p\u00fablica la serie documental \u201cClar\u00edn, un invento argentino\u201d, que cuenta, en ocho cap\u00edtulos, la historia del principal diario argentino.<\/p>\n<p>Su director, el periodista Ari Lijalad, explic\u00f3 a Radio Provincia que es \u201cla historia completa de Clar\u00edn\u201d, que parte incluso antes de la fundaci\u00f3n del diario, en 1945, con la vida de su creador, Roberto Noble.<\/p>\n<p>\u201cSin conocer\u201d su vida \u201cno se entiende por qu\u00e9 crea un diario de esas caracter\u00edsticas\u201d, enfatiz\u00f3 Lijalad, al mencionar que Noble fue \u201cdiputado nacional, una de las personalidades civiles que particip\u00f3 en el golpe del 30, ministro en la gobernaci\u00f3n de Manuel Fresco y entre otras cosas fund\u00f3 Radio Provincia\u201d.<\/p>\n<p>\u201cEn 1936, Noble dijo a un periodista de Caras y Caretas que el periodismo es la mejor escuela de pol\u00edtica que existe\u201d lo cual demuestra \u201cque ya comprend\u00eda la importancia pol\u00edtica\u201d de los medios, indic\u00f3.<\/p>\n<p>\u201cLo que hicimos fue reconstruir desde 1945, c\u00f3mo fue la evoluci\u00f3n de Clar\u00edn, sus relaciones con los gobiernos civiles y militares y qu\u00e9 obtuvo de cada uno. Gran parte de su crecimiento se explica por los beneficios que obtiene de todos los gobiernos y por sus propias virtudes period\u00edsticas y comunicacionales. Ponemos de relieve el lobby empresarial, pol\u00edtico y econ\u00f3mico\u201d y sus \u201cfracciones internas, porque hubo batallas feroces\u201d por ver qui\u00e9n se quedaba con el medio: \u201co su hija biol\u00f3gica, Guadalupe Noble\u201d o su mujer, Ernestina Herrera.<\/p>\n<p>Tambi\u00e9n aclar\u00f3 que \u201cninguno de los actuales due\u00f1os y directivos de Clar\u00edn acept\u00f3 dar testimonio\u201d para esta producci\u00f3n.<\/p>\n","protected":false},"excerpt":{"rendered":"<p>Su director, Ari Lijalad, adelant\u00f3 que la serie narra, en ocho cap\u00edtulos, \u201cla historia completa\u201d del medio y sus v\u00ednculos con los gobiernos civiles y militares desde 1945.<\/p>\n","protected":false},"author":4,"featured_media":0,"comment_status":"open","ping_status":"open","sticky":false,"template":"","format":"standard","meta":{"_jetpack_newsletter_access":"","_jetpack_dont_email_post_to_subs":false,"_jetpack_newsletter_tier_id":0,"_jetpack_memberships_contains_paywalled_content":false,"_jetpack_memberships_contains_paid_content":false,"footnotes":""},"categories":[54],"tags":[],"class_list":["post-6608","post","type-post","status-publish","format-standard","hentry","category-medios"],"jetpack_featured_media_url":"","jetpack_shortlink":"https:\/\/wp.me\/p2JWE0-1IA","jetpack-related-posts":[{"id":63058,"url":"https:\/\/www.24baires.com\/?p=63058","url_meta":{"origin":6608,"position":0},"title":"\u00abNo escuch\u00e9 a Magnetto, Herrera o La Naci\u00f3n desmentir la apropiaci\u00f3n de Papel Prensa\u00bb","author":"GB","date":"12\/03\/2015","format":false,"excerpt":"La diputada nacional y jefa de bloque del Frente para la Victoria destac\u00f3 la citaci\u00f3n a indagatoria de los directivos del grupo Clar\u00edn, Ernestina Herrera de Noble y H\u00e9ctor Magnetto y del diario La Naci\u00f3n, Bartolom\u00e9 Mitre, acusados de haberse apropiado de manera ilegal de Papel Prensa. \u201cLa causa de\u2026","rel":"","context":"En \u00abMemoria\u00bb","block_context":{"text":"Memoria","link":"https:\/\/www.24baires.com\/?cat=50"},"img":{"alt_text":"Di Tullio","src":"https:\/\/i0.wp.com\/www.24baires.com\/wp-content\/uploads\/2013\/05\/Di-Tullio.jpg?resize=350%2C200","width":350,"height":200,"srcset":"https:\/\/i0.wp.com\/www.24baires.com\/wp-content\/uploads\/2013\/05\/Di-Tullio.jpg?resize=350%2C200 1x, https:\/\/i0.wp.com\/www.24baires.com\/wp-content\/uploads\/2013\/05\/Di-Tullio.jpg?resize=525%2C300 1.5x"},"classes":[]},{"id":26171,"url":"https:\/\/www.24baires.com\/?p=26171","url_meta":{"origin":6608,"position":1},"title":"Piden a Estados Unidos informaci\u00f3n de cuentas de Noble y Magnetto","author":"AF","date":"17\/06\/2013","format":false,"excerpt":"Se trata de 16 operaciones sospechosas de lavado y evasi\u00f3n que vinculan a empresas y personas f\u00edsicas de la Argentina, entre ellas, el Grupo Clar\u00edn y los empresarios Ernestina Herrera de Noble, Eduardo Costantini y Carlos Pedro Blaquier.\u00a0La resoluci\u00f3n fue emitida por el juez federal Sergio Torres. Se trata de\u2026","rel":"","context":"En \u00abMedios\u00bb","block_context":{"text":"Medios","link":"https:\/\/www.24baires.com\/?cat=54"},"img":{"alt_text":"grupo clarin","src":"https:\/\/i0.wp.com\/www.24baires.com\/wp-content\/uploads\/2013\/04\/grupo-clarin.jpg?resize=350%2C200","width":350,"height":200,"srcset":"https:\/\/i0.wp.com\/www.24baires.com\/wp-content\/uploads\/2013\/04\/grupo-clarin.jpg?resize=350%2C200 1x, https:\/\/i0.wp.com\/www.24baires.com\/wp-content\/uploads\/2013\/04\/grupo-clarin.jpg?resize=525%2C300 1.5x"},"classes":[]},{"id":105400,"url":"https:\/\/www.24baires.com\/?p=105400","url_meta":{"origin":6608,"position":2},"title":"\u00abEl Gobierno tiene pr\u00e1cticas similares a las que us\u00f3 la \u00faltima dictadura militar\u00bb","author":"AF","date":"12\/11\/2018","format":false,"excerpt":"As\u00ed lo denunci\u00f3 el ex titular de la AFI, Oscar Parrilli. En este sentido sostuvo que \"estamos como en la dictadura, solo que ahora no te matan, te meten preso preventivamente\". El ex titular de la AFI durante el gobierno de Cristina Kirchner, Oscar Parrilli, se refiri\u00f3 al fallo del\u2026","rel":"","context":"En \u00abPol\u00edtica\u00bb","block_context":{"text":"Pol\u00edtica","link":"https:\/\/www.24baires.com\/?cat=51"},"img":{"alt_text":"","src":"https:\/\/i0.wp.com\/www.24baires.com\/wp-content\/uploads\/2018\/07\/militar.jpg?resize=350%2C200","width":350,"height":200,"srcset":"https:\/\/i0.wp.com\/www.24baires.com\/wp-content\/uploads\/2018\/07\/militar.jpg?resize=350%2C200 1x, https:\/\/i0.wp.com\/www.24baires.com\/wp-content\/uploads\/2018\/07\/militar.jpg?resize=525%2C300 1.5x"},"classes":[]},{"id":66117,"url":"https:\/\/www.24baires.com\/?p=66117","url_meta":{"origin":6608,"position":3},"title":"Garr\u00e9 inicia acciones legales contra Clar\u00edn y una revista brasile\u00f1a","author":"AF","date":"18\/05\/2015","format":false,"excerpt":"La embajadora argentina ante la OEA, Nilda Garr\u00e9, asegur\u00f3 hoy que iniciar\u00e1 acciones legales contra el diario Clar\u00edn y la revista brasile\u00f1a Veja, luego de que la denuncia sobre la supuesta titularidad de la diplom\u00e1tica de una cuenta oculta en Belice fuera desmentida por documentos oficiales de ese pa\u00eds y\u2026","rel":"","context":"En \u00abJUDICIALES\u00bb","block_context":{"text":"JUDICIALES","link":"https:\/\/www.24baires.com\/?cat=68"},"img":{"alt_text":"nilda garr\u00e92","src":"https:\/\/i0.wp.com\/www.24baires.com\/wp-content\/uploads\/2015\/05\/nilda-garr%C3%A92.jpg?resize=350%2C200","width":350,"height":200,"srcset":"https:\/\/i0.wp.com\/www.24baires.com\/wp-content\/uploads\/2015\/05\/nilda-garr%C3%A92.jpg?resize=350%2C200 1x, https:\/\/i0.wp.com\/www.24baires.com\/wp-content\/uploads\/2015\/05\/nilda-garr%C3%A92.jpg?resize=525%2C300 1.5x"},"classes":[]},{"id":43037,"url":"https:\/\/www.24baires.com\/?p=43037","url_meta":{"origin":6608,"position":4},"title":"De Vido volvi\u00f3 a desmentir a Clar\u00edn y denunci\u00f3 \u00abpermanente hostigamiento\u00bb","author":"GB","date":"30\/03\/2014","format":false,"excerpt":"El ministro de Planificaci\u00f3n, Julio De Vido, desminti\u00f3 hoy una nota del diario Clar\u00edn que lo vincula a una investigaci\u00f3n de Estados Unidos sobre \"pago de coimas en Argentina\" y dijo que desde que asumi\u00f3 su cargo en 2003 recibe \"el permanente hostigamiento\" de ese medio. De Vido emiti\u00f3 hoy\u2026","rel":"","context":"En \u00abPol\u00edtica\u00bb","block_context":{"text":"Pol\u00edtica","link":"https:\/\/www.24baires.com\/?cat=51"},"img":{"alt_text":"de vido2","src":"https:\/\/i0.wp.com\/www.24baires.com\/wp-content\/uploads\/2013\/12\/de-vido2.jpg?resize=350%2C200","width":350,"height":200,"srcset":"https:\/\/i0.wp.com\/www.24baires.com\/wp-content\/uploads\/2013\/12\/de-vido2.jpg?resize=350%2C200 1x, https:\/\/i0.wp.com\/www.24baires.com\/wp-content\/uploads\/2013\/12\/de-vido2.jpg?resize=525%2C300 1.5x"},"classes":[]},{"id":107773,"url":"https:\/\/www.24baires.com\/?p=107773","url_meta":{"origin":6608,"position":5},"title":"CFK presentar\u00e1 su libro \u00abSinceramente\u00bb","author":"AF","date":"23\/04\/2019","format":false,"excerpt":"La expresidenta lanzar\u00e1 el 26 de abril un texto que no es \"autobiogr\u00e1fico, ni tampoco una enumeraci\u00f3n de logros personales o pol\u00edticos\". \"Mauricio Macri es el caos y por eso creo firmemente que hay que volver a ordenar la Argentina\", se puede leer en un adelanto. La presentaci\u00f3n ser\u00e1 el\u2026","rel":"","context":"En \u00abPol\u00edtica\u00bb","block_context":{"text":"Pol\u00edtica","link":"https:\/\/www.24baires.com\/?cat=51"},"img":{"alt_text":"","src":"https:\/\/i0.wp.com\/www.24baires.com\/wp-content\/uploads\/2019\/04\/libro-cfk.jpg?resize=350%2C200","width":350,"height":200,"srcset":"https:\/\/i0.wp.com\/www.24baires.com\/wp-content\/uploads\/2019\/04\/libro-cfk.jpg?resize=350%2C200 1x, https:\/\/i0.wp.com\/www.24baires.com\/wp-content\/uploads\/2019\/04\/libro-cfk.jpg?resize=525%2C300 1.5x"},"classes":[]}],"jetpack_sharing_enabled":true,"jetpack_likes_enabled":true,"_links":{"self":[{"href":"https:\/\/www.24baires.com\/index.php?rest_route=\/wp\/v2\/posts\/6608","targetHints":{"allow":["GET"]}}],"collection":[{"href":"https:\/\/www.24baires.com\/index.php?rest_route=\/wp\/v2\/posts"}],"about":[{"href":"https:\/\/www.24baires.com\/index.php?rest_route=\/wp\/v2\/types\/post"}],"author":[{"embeddable":true,"href":"https:\/\/www.24baires.com\/index.php?rest_route=\/wp\/v2\/users\/4"}],"replies":[{"embeddable":true,"href":"https:\/\/www.24baires.com\/index.php?rest_route=%2Fwp%2Fv2%2Fcomments&post=6608"}],"version-history":[{"count":3,"href":"https:\/\/www.24baires.com\/index.php?rest_route=\/wp\/v2\/posts\/6608\/revisions"}],"predecessor-version":[{"id":6612,"href":"https:\/\/www.24baires.com\/index.php?rest_route=\/wp\/v2\/posts\/6608\/revisions\/6612"}],"wp:attachment":[{"href":"https:\/\/www.24baires.com\/index.php?rest_route=%2Fwp%2Fv2%2Fmedia&parent=6608"}],"wp:term":[{"taxonomy":"category","embeddable":true,"href":"https:\/\/www.24baires.com\/index.php?rest_route=%2Fwp%2Fv2%2Fcategories&post=6608"},{"taxonomy":"post_tag","embeddable":true,"href":"https:\/\/www.24baires.com\/index.php?rest_route=%2Fwp%2Fv2%2Ftags&post=6608"}],"curies":[{"name":"wp","href":"https:\/\/api.w.org\/{rel}","templated":true}]}}