{"id":6605,"date":"2012-11-24T10:52:17","date_gmt":"2012-11-24T13:52:17","guid":{"rendered":"http:\/\/www.24baires.com\/?p=6605"},"modified":"2012-11-24T10:52:17","modified_gmt":"2012-11-24T13:52:17","slug":"piden-sanear-el-canal-maldonado-y-construir-una-costanera-en-villa-rosario","status":"publish","type":"post","link":"https:\/\/www.24baires.com\/?p=6605","title":{"rendered":"Piden sanear el Canal Maldonado y construir una costanera en Villa Rosario"},"content":{"rendered":"<p>El Concejal del Frente Amplio Progresista (FAP), Manuel Mendoza, present\u00f3 un Proyecto de Ordenanza para que el municipio de <strong>Bah\u00eda Blanca <\/strong>y al OPDS limpie y recupere el Canal Maldonado y zonas aleda\u00f1as ante el total abandono y falta de limpieza en algunos tramos del mismo.<!--more--><\/p>\n<p>\u201cHay partes del Maldonado que hoy son un verdadero basural a cielo abierto. Se ven residuos org\u00e1nicos, escombros, ratas y pastizales altos que son un riesgo para la seguridad de las personas que transitan por esos lugares\u201d, asegur\u00f3 Mendoza.<\/p>\n<p>El Concejal agreg\u00f3 que el Proyecto contempla una serie de acciones que deber\u00e1 llevar a cabo la Secretar\u00eda de Medio Ambiente como campa\u00f1as de limpieza, fumigaciones, desmalezamiento, poda, y saneamiento y ordenamiento del ambiente que rodea al Canal.<\/p>\n<p>\u00abHay barrios como Villa Rosario Sur que est\u00e1n en situaci\u00f3n cr\u00edtica respecto al canal, que ah\u00ed se ha convertido en una fuente de mosquitos, insectos, roedores y un basural. No es digno vivir cerca de ah\u00ed y no podemos seguir mirando para otro lado\u201d, dijo el edil.<\/p>\n<p>Y agreg\u00f3 que \u201cprecisamente por esto es que planteamos adem\u00e1s que en la etapa final sobre este tramo de Villa Rosario Sur se diagrame un espacio verde de uso comunitario donde la costanera pueda ser aprovechada como lugar recreaci\u00f3n y esparcimiento p\u00fablico por los vecinos que viven en el barrio\u201d.<\/p>\n","protected":false},"excerpt":{"rendered":"<p>El Concejal del Frente Amplio Progresista (FAP), Manuel Mendoza, present\u00f3 un Proyecto de Ordenanza para que el municipio de Bah\u00eda Blanca y al OPDS limpie y recupere el Canal Maldonado y zonas aleda\u00f1as ante el total abandono y falta de limpieza en algunos tramos del mismo.<\/p>\n","protected":false},"author":4,"featured_media":0,"comment_status":"open","ping_status":"open","sticky":false,"template":"","format":"standard","meta":{"_jetpack_newsletter_access":"","_jetpack_dont_email_post_to_subs":false,"_jetpack_newsletter_tier_id":0,"_jetpack_memberships_contains_paywalled_content":false,"_jetpack_memberships_contains_paid_content":false,"footnotes":""},"categories":[38],"tags":[],"class_list":["post-6605","post","type-post","status-publish","format-standard","hentry","category-locales"],"jetpack_featured_media_url":"","jetpack_shortlink":"https:\/\/wp.me\/p2JWE0-1Ix","jetpack-related-posts":[{"id":102100,"url":"https:\/\/www.24baires.com\/?p=102100","url_meta":{"origin":6605,"position":0},"title":"El juez Otranto espi\u00f3 al hermano de Santiago Maldonado","author":"AF","date":"11\/05\/2018","format":false,"excerpt":"El juez federal Guido Otranto, el primero que tuvo a su cargo la investigaci\u00f3n de la desaparici\u00f3n de Santiago Maldonado, realiz\u00f3 escuchas ilegales de los tel\u00e9fonos del hermano del tatuador y otro de sus allegados. Las intervenciones concluyeron cuando qued\u00f3 al frente del expediente el juez Gustavo Lleral, quien hoy\u2026","rel":"","context":"En \u00abJUDICIALES\u00bb","block_context":{"text":"JUDICIALES","link":"https:\/\/www.24baires.com\/?cat=68"},"img":{"alt_text":"","src":"https:\/\/i0.wp.com\/www.24baires.com\/wp-content\/uploads\/2017\/10\/maldonado-sergio.jpg?resize=350%2C200","width":350,"height":200,"srcset":"https:\/\/i0.wp.com\/www.24baires.com\/wp-content\/uploads\/2017\/10\/maldonado-sergio.jpg?resize=350%2C200 1x, https:\/\/i0.wp.com\/www.24baires.com\/wp-content\/uploads\/2017\/10\/maldonado-sergio.jpg?resize=525%2C300 1.5x"},"classes":[]},{"id":107731,"url":"https:\/\/www.24baires.com\/?p=107731","url_meta":{"origin":6605,"position":1},"title":"La causa Maldonado lleg\u00f3 a la Corte Suprema","author":"AF","date":"19\/04\/2019","format":false,"excerpt":"Es por la validez de las escuchas que hicieron a los testigos de la causa por el h\u00e1beas corpus de Maldonado. Como Casaci\u00f3n deneg\u00f3 el recurso acuden a la Corte en queja. La causa por las escuchas en el caso Maldonado lleg\u00f3 a la Corte Suprema. La abogada de la\u2026","rel":"","context":"En \u00abJUDICIALES\u00bb","block_context":{"text":"JUDICIALES","link":"https:\/\/www.24baires.com\/?cat=68"},"img":{"alt_text":"","src":"https:\/\/i0.wp.com\/www.24baires.com\/wp-content\/uploads\/2017\/08\/protesa-maldonado.jpg?resize=350%2C200","width":350,"height":200,"srcset":"https:\/\/i0.wp.com\/www.24baires.com\/wp-content\/uploads\/2017\/08\/protesa-maldonado.jpg?resize=350%2C200 1x, https:\/\/i0.wp.com\/www.24baires.com\/wp-content\/uploads\/2017\/08\/protesa-maldonado.jpg?resize=525%2C300 1.5x"},"classes":[]},{"id":103523,"url":"https:\/\/www.24baires.com\/?p=103523","url_meta":{"origin":6605,"position":2},"title":"Sergio Maldonado: \u201cLa investigaci\u00f3n todav\u00eda no empez\u00f3\u201d","author":"AF","date":"25\/07\/2018","format":false,"excerpt":"El hermano de Santiago asegur\u00f3 que la Justicia rechaz\u00f3 todos los pedidos de la familia para esclarecer la muerte del joven. \"En todas las l\u00edneas, el Estado es el responsable\", advirti\u00f3. El emotivo recuerdo del joven en el d\u00eda de su cumplea\u00f1os. A pocos d\u00edas que se cumpla un a\u00f1o\u2026","rel":"","context":"En \u00abSociedad\u00bb","block_context":{"text":"Sociedad","link":"https:\/\/www.24baires.com\/?cat=1"},"img":{"alt_text":"","src":"https:\/\/i0.wp.com\/www.24baires.com\/wp-content\/uploads\/2017\/08\/familia-maldonado.jpg?resize=350%2C200","width":350,"height":200,"srcset":"https:\/\/i0.wp.com\/www.24baires.com\/wp-content\/uploads\/2017\/08\/familia-maldonado.jpg?resize=350%2C200 1x, https:\/\/i0.wp.com\/www.24baires.com\/wp-content\/uploads\/2017\/08\/familia-maldonado.jpg?resize=525%2C300 1.5x"},"classes":[]},{"id":111963,"url":"https:\/\/www.24baires.com\/?p=111963","url_meta":{"origin":6605,"position":3},"title":"Reabren la causa: la justicia quiere saber con Maldonado si hubo \u201cabandono de persona\u201d","author":"GB","date":"06\/09\/2019","format":false,"excerpt":"Esta ma\u00f1ana la C\u00e1mara de Apelaciones de Comodoro Rivadavia sorprendi\u00f3 al ordenar reabrir la causa que investiga la muerte de Santiago Maldonado e impuso la teor\u00eda de un posible \u201cabandono de personas\u201d. A su vez, se revocar\u00e1 el sobreseimiento del gendarme Echaz\u00fa. Mientras tanto, Macri se re\u00fane con la Comisi\u00f3n\u2026","rel":"","context":"En \u00abJUDICIALES\u00bb","block_context":{"text":"JUDICIALES","link":"https:\/\/www.24baires.com\/?cat=68"},"img":{"alt_text":"","src":"https:\/\/i0.wp.com\/www.24baires.com\/wp-content\/uploads\/2017\/08\/maldonadoo.jpg?resize=350%2C200","width":350,"height":200,"srcset":"https:\/\/i0.wp.com\/www.24baires.com\/wp-content\/uploads\/2017\/08\/maldonadoo.jpg?resize=350%2C200 1x, https:\/\/i0.wp.com\/www.24baires.com\/wp-content\/uploads\/2017\/08\/maldonadoo.jpg?resize=525%2C300 1.5x"},"classes":[]},{"id":97855,"url":"https:\/\/www.24baires.com\/?p=97855","url_meta":{"origin":6605,"position":4},"title":"Gendarmer\u00eda irrumpi\u00f3 de manera ilegal en una protesta por Maldonado en la universidad de Rosario","author":"GB","date":"04\/10\/2017","format":false,"excerpt":"En medio de un paro de profesores y estudiantes a dos meses de la desaparici\u00f3n del joven con esa fuerza investigada, los oficiales violaron la Ley de Educaci\u00f3n Superior y la autonom\u00eda universitaria al ingresar al predio sin autorizaci\u00f3n del rectorado. Alumnos y profesores hac\u00edan un paro a dos meses\u2026","rel":"","context":"En \u00abSociedad\u00bb","block_context":{"text":"Sociedad","link":"https:\/\/www.24baires.com\/?cat=1"},"img":{"alt_text":"","src":"https:\/\/i0.wp.com\/www.24baires.com\/wp-content\/uploads\/2017\/10\/gendarmeria-universidad.jpg?resize=350%2C200","width":350,"height":200,"srcset":"https:\/\/i0.wp.com\/www.24baires.com\/wp-content\/uploads\/2017\/10\/gendarmeria-universidad.jpg?resize=350%2C200 1x, https:\/\/i0.wp.com\/www.24baires.com\/wp-content\/uploads\/2017\/10\/gendarmeria-universidad.jpg?resize=525%2C300 1.5x"},"classes":[]},{"id":112934,"url":"https:\/\/www.24baires.com\/?p=112934","url_meta":{"origin":6605,"position":5},"title":"Pinamar reglament\u00f3 la prohibici\u00f3n de fumar en las playas","author":"GB","date":"10\/11\/2019","format":false,"excerpt":"Pensando en la temporada de verano, el distrito reglament\u00f3 una ordenanza que concientizar\u00e1, en primera instancia, y luego multar\u00e1 Luego de que prohibi\u00f3 la entrega de bolsas y sorbetes de pl\u00e1sticos, Pinamar reglament\u00f3 una ordenanza que proh\u00edbe fumar en las playas del distrito. Fue gracias a la insistencia de grupos\u2026","rel":"","context":"En \u00abMunicipios\u00bb","block_context":{"text":"Municipios","link":"https:\/\/www.24baires.com\/?cat=44"},"img":{"alt_text":"","src":"https:\/\/i0.wp.com\/www.24baires.com\/wp-content\/uploads\/2019\/11\/no-fumar.jpg?resize=350%2C200","width":350,"height":200,"srcset":"https:\/\/i0.wp.com\/www.24baires.com\/wp-content\/uploads\/2019\/11\/no-fumar.jpg?resize=350%2C200 1x, https:\/\/i0.wp.com\/www.24baires.com\/wp-content\/uploads\/2019\/11\/no-fumar.jpg?resize=525%2C300 1.5x"},"classes":[]}],"jetpack_sharing_enabled":true,"jetpack_likes_enabled":true,"_links":{"self":[{"href":"https:\/\/www.24baires.com\/index.php?rest_route=\/wp\/v2\/posts\/6605","targetHints":{"allow":["GET"]}}],"collection":[{"href":"https:\/\/www.24baires.com\/index.php?rest_route=\/wp\/v2\/posts"}],"about":[{"href":"https:\/\/www.24baires.com\/index.php?rest_route=\/wp\/v2\/types\/post"}],"author":[{"embeddable":true,"href":"https:\/\/www.24baires.com\/index.php?rest_route=\/wp\/v2\/users\/4"}],"replies":[{"embeddable":true,"href":"https:\/\/www.24baires.com\/index.php?rest_route=%2Fwp%2Fv2%2Fcomments&post=6605"}],"version-history":[{"count":2,"href":"https:\/\/www.24baires.com\/index.php?rest_route=\/wp\/v2\/posts\/6605\/revisions"}],"predecessor-version":[{"id":6607,"href":"https:\/\/www.24baires.com\/index.php?rest_route=\/wp\/v2\/posts\/6605\/revisions\/6607"}],"wp:attachment":[{"href":"https:\/\/www.24baires.com\/index.php?rest_route=%2Fwp%2Fv2%2Fmedia&parent=6605"}],"wp:term":[{"taxonomy":"category","embeddable":true,"href":"https:\/\/www.24baires.com\/index.php?rest_route=%2Fwp%2Fv2%2Fcategories&post=6605"},{"taxonomy":"post_tag","embeddable":true,"href":"https:\/\/www.24baires.com\/index.php?rest_route=%2Fwp%2Fv2%2Ftags&post=6605"}],"curies":[{"name":"wp","href":"https:\/\/api.w.org\/{rel}","templated":true}]}}