{"id":6602,"date":"2012-11-24T10:42:37","date_gmt":"2012-11-24T13:42:37","guid":{"rendered":"http:\/\/www.24baires.com\/?p=6602"},"modified":"2012-11-24T10:42:37","modified_gmt":"2012-11-24T13:42:37","slug":"intenso-movimiento-en-rutas-por-el-fin-de-semana-largo","status":"publish","type":"post","link":"https:\/\/www.24baires.com\/?p=6602","title":{"rendered":"Intenso movimiento en rutas por el fin de semana largo"},"content":{"rendered":"<p>Gran cantidad de personas se movilizan hacia los distintos centros tur\u00edsticos, en el fin de semana largo por el feriado del D\u00eda de la Soberan\u00eda Nacional. Estiman que viajar\u00e1n m\u00e1s de 980 mil personas.<!--more--><br \/>\nFuentes de la Agencia Nacional de Seguridad Vial (ANSV) precisaron que entre las 6 y las 7 pasaron por Samboromb\u00f3n, en la ruta 2, alrededor de 2500 veh\u00edculos rumbo a distintas ciudades de la costa atl\u00e1ntica.<br \/>\nEn tanto, indicaron que hacia Mar del Plata hicieron lo propio en ese lapso, en el peaje de Maip\u00fa, 400 autos por hora.<br \/>\nEn otro orden, la ANSV alert\u00f3 sobre la presencia de bancos de niebla en distintos tramos de las rutas 3, 9, 12 y 205 y la autopista Ezeiza-Ca\u00f1uelas, por lo cual solicit\u00f3 el uso de luces bajas, faros antiniebla y no detenerse en las autov\u00edas.<br \/>\nLa ANSV recomend\u00f3 aumentar la distancia entre los veh\u00edculos ante la presencia de niebla en algunas rutas y tomar de referencia de las l\u00edneas l\u00edmites de la calzada derecha.<br \/>\nPor su parte, el Ministerio de Turismo estim\u00f3 que m\u00e1s de 980 mil personas viajar\u00e1n a los destinos tur\u00edsticos de Argentina durante este fin de semana largo, un 20 por ciento m\u00e1s que el mismo per\u00edodo del a\u00f1o anterior.<br \/>\nSe estima que los viajeros gastar\u00e1n este fin de semana un total de 547 millones de pesos y que la estad\u00eda promedio ser\u00e1 de 2,8 noches, con un gasto promedio diario de 206 pesos.<br \/>\nSeg\u00fan estas proyecciones, Mar del Plata, algunas ciudades del interior de la provincia de Buenos Aires, C\u00f3rdoba y las regiones de Norte y Cuyo recibir\u00e1n el mayor caudal de visitantes.<\/p>\n","protected":false},"excerpt":{"rendered":"<p>Gran cantidad de personas se movilizan hacia los distintos centros tur\u00edsticos, en el fin de semana largo por el feriado del D\u00eda de la Soberan\u00eda Nacional. Estiman que viajar\u00e1n m\u00e1s de 980 mil personas.<\/p>\n","protected":false},"author":4,"featured_media":0,"comment_status":"open","ping_status":"open","sticky":false,"template":"","format":"standard","meta":{"_jetpack_newsletter_access":"","_jetpack_dont_email_post_to_subs":false,"_jetpack_newsletter_tier_id":0,"_jetpack_memberships_contains_paywalled_content":false,"_jetpack_memberships_contains_paid_content":false,"footnotes":""},"categories":[1],"tags":[],"class_list":["post-6602","post","type-post","status-publish","format-standard","hentry","category-sociedad"],"jetpack_featured_media_url":"","jetpack_shortlink":"https:\/\/wp.me\/p2JWE0-1Iu","jetpack-related-posts":[{"id":52018,"url":"https:\/\/www.24baires.com\/?p=52018","url_meta":{"origin":6602,"position":0},"title":"M\u00e1s de 2.300 veh\u00edculos por hora cargan las rutas de la costa","author":"Grupo Sierra","date":"18\/08\/2014","format":false,"excerpt":"Complicaciones en el retorno de esta tarde desde la costa bonaerense hacia el \u00e1rea metropolitana, en el regreso despu\u00e9s del fin de semana largo, seg\u00fan se informa desde la Agencia Nacional de Seguridad Vial (ANSV). Los registros de las 16 del Peaje Samboromb\u00f3n indicaban que pasaban por ese puesto 2.318\u2026","rel":"","context":"En \u00abTurismo\u00bb","block_context":{"text":"Turismo","link":"https:\/\/www.24baires.com\/?cat=69"},"img":{"alt_text":"corte ruta quequen","src":"https:\/\/i0.wp.com\/www.24baires.com\/wp-content\/uploads\/2012\/09\/corte-ruta-quequen.jpg?resize=350%2C200","width":350,"height":200,"srcset":"https:\/\/i0.wp.com\/www.24baires.com\/wp-content\/uploads\/2012\/09\/corte-ruta-quequen.jpg?resize=350%2C200 1x, https:\/\/i0.wp.com\/www.24baires.com\/wp-content\/uploads\/2012\/09\/corte-ruta-quequen.jpg?resize=525%2C300 1.5x"},"classes":[]},{"id":59860,"url":"https:\/\/www.24baires.com\/?p=59860","url_meta":{"origin":6602,"position":1},"title":"M\u00e1s de dos mil veh\u00edculos por hora transitan la Ruta 2 hacia la Costa","author":"AF","date":"10\/01\/2015","format":false,"excerpt":"Es en el inicio del segundo fin de semana de enero de esta temporada alta del verano 2015, inform\u00f3 hoy la Agencia Nacional de Seguridad Vial (ANSV). Desde all\u00ed los autos se diversifican por la misma ruta 2 hacia Mar del Plata o por la ruta interbalnearia 11 hacia el\u2026","rel":"","context":"En \u00abSociedad\u00bb","block_context":{"text":"Sociedad","link":"https:\/\/www.24baires.com\/?cat=1"},"img":{"alt_text":"corte ruta quequen","src":"https:\/\/i0.wp.com\/www.24baires.com\/wp-content\/uploads\/2012\/09\/corte-ruta-quequen.jpg?resize=350%2C200","width":350,"height":200,"srcset":"https:\/\/i0.wp.com\/www.24baires.com\/wp-content\/uploads\/2012\/09\/corte-ruta-quequen.jpg?resize=350%2C200 1x, https:\/\/i0.wp.com\/www.24baires.com\/wp-content\/uploads\/2012\/09\/corte-ruta-quequen.jpg?resize=525%2C300 1.5x"},"classes":[]},{"id":44044,"url":"https:\/\/www.24baires.com\/?p=44044","url_meta":{"origin":6602,"position":2},"title":"Comenz\u00f3 el \u00e9xodo tur\u00edstico: m\u00e1s de 1800 autos circulan por hora rumbo a la Costa","author":"GB","date":"16\/04\/2014","format":false,"excerpt":"M\u00e1s de 1.800 veh\u00edculos por hora circulaban por la Autov\u00eda 2 desde el \u00e1rea metropolitana hacia la costa bonaerense, inform\u00f3 la Agencia Nacional de Seguridad Vial (ANSV), y comenz\u00f3 la veda al tr\u00e1nsito de camiones de m\u00e1s de 3,5 toneladas al comenzar el feriado extendido de Semana Santa. El peaje\u2026","rel":"","context":"En \u00abSociedad\u00bb","block_context":{"text":"Sociedad","link":"https:\/\/www.24baires.com\/?cat=1"},"img":{"alt_text":"autos finde largo junio","src":"https:\/\/i0.wp.com\/www.24baires.com\/wp-content\/uploads\/2013\/06\/autos-finde-largo-junio.jpg?resize=350%2C200","width":350,"height":200,"srcset":"https:\/\/i0.wp.com\/www.24baires.com\/wp-content\/uploads\/2013\/06\/autos-finde-largo-junio.jpg?resize=350%2C200 1x, https:\/\/i0.wp.com\/www.24baires.com\/wp-content\/uploads\/2013\/06\/autos-finde-largo-junio.jpg?resize=525%2C300 1.5x"},"classes":[]},{"id":26438,"url":"https:\/\/www.24baires.com\/?p=26438","url_meta":{"origin":6602,"position":3},"title":"2.500 veh\u00edculos por hora circulan rumbo a la Costa Atl\u00e1ntica","author":"Grupo Sierra","date":"20\/06\/2013","format":false,"excerpt":"El tr\u00e1nsito hacia la Costa Atl\u00e1ntica era fluido esta ma\u00f1ana, con un total de 2.558 veh\u00edculos por hora que circulaban por la autov\u00eda 2, inform\u00f3 la Agencia Nacional de Seguridad Vial (ANSV). Desde el primer minuto del primer d\u00eda del fin de semana largo con motivo del d\u00eda de la\u2026","rel":"","context":"En \u00abSociedad\u00bb","block_context":{"text":"Sociedad","link":"https:\/\/www.24baires.com\/?cat=1"},"img":{"alt_text":"autos finde largo junio","src":"https:\/\/i0.wp.com\/www.24baires.com\/wp-content\/uploads\/2013\/06\/autos-finde-largo-junio.jpg?resize=350%2C200","width":350,"height":200,"srcset":"https:\/\/i0.wp.com\/www.24baires.com\/wp-content\/uploads\/2013\/06\/autos-finde-largo-junio.jpg?resize=350%2C200 1x, https:\/\/i0.wp.com\/www.24baires.com\/wp-content\/uploads\/2013\/06\/autos-finde-largo-junio.jpg?resize=525%2C300 1.5x"},"classes":[]},{"id":40427,"url":"https:\/\/www.24baires.com\/?p=40427","url_meta":{"origin":6602,"position":4},"title":"Recambio: m\u00e1s de mil autos por hora circulan hacia la Costa","author":"GB","date":"14\/02\/2014","format":false,"excerpt":"De acuerdo al registro de las 9 de la Agencia Nacional de Seguridad Vial (ANSV), por el peaje de Samboromb\u00f3n de la autov\u00eda 2 transitaban 1.067 veh\u00edculos por hora hacia distintos puntos de la Costa Atl\u00e1ntica . M\u00e1s de 1000 veh\u00edculos por hora circulaban esta ma\u00f1ana hacia la Costa Atl\u00e1ntica\u2026","rel":"","context":"En \u00abSociedad\u00bb","block_context":{"text":"Sociedad","link":"https:\/\/www.24baires.com\/?cat=1"},"img":{"alt_text":"autos finde largo junio","src":"https:\/\/i0.wp.com\/www.24baires.com\/wp-content\/uploads\/2013\/06\/autos-finde-largo-junio.jpg?resize=350%2C200","width":350,"height":200,"srcset":"https:\/\/i0.wp.com\/www.24baires.com\/wp-content\/uploads\/2013\/06\/autos-finde-largo-junio.jpg?resize=350%2C200 1x, https:\/\/i0.wp.com\/www.24baires.com\/wp-content\/uploads\/2013\/06\/autos-finde-largo-junio.jpg?resize=525%2C300 1.5x"},"classes":[]},{"id":26706,"url":"https:\/\/www.24baires.com\/?p=26706","url_meta":{"origin":6602,"position":5},"title":"M\u00e1s de 2.600 autos por hora volv\u00edan de la Costa al caer la tarde","author":"Grupo Sierra","date":"23\/06\/2013","format":false,"excerpt":"Un intenso movimiento se registraba en la Autov\u00eda 2, por donde circulaban hacia Capital Federal de regreso del fin de semana largo por el D\u00eda de la Bandera y el feriado puente, 2.664 veh\u00edculos por hora. As\u00ed lo indic\u00f3 el registro del peaje Samboromb\u00f3n. La Agencia Nacional de Seguridad Vial\u2026","rel":"","context":"En \u00abSociedad\u00bb","block_context":{"text":"Sociedad","link":"https:\/\/www.24baires.com\/?cat=1"},"img":{"alt_text":"autos finde largo junio","src":"https:\/\/i0.wp.com\/www.24baires.com\/wp-content\/uploads\/2013\/06\/autos-finde-largo-junio.jpg?resize=350%2C200","width":350,"height":200,"srcset":"https:\/\/i0.wp.com\/www.24baires.com\/wp-content\/uploads\/2013\/06\/autos-finde-largo-junio.jpg?resize=350%2C200 1x, https:\/\/i0.wp.com\/www.24baires.com\/wp-content\/uploads\/2013\/06\/autos-finde-largo-junio.jpg?resize=525%2C300 1.5x"},"classes":[]}],"jetpack_sharing_enabled":true,"jetpack_likes_enabled":true,"_links":{"self":[{"href":"https:\/\/www.24baires.com\/index.php?rest_route=\/wp\/v2\/posts\/6602","targetHints":{"allow":["GET"]}}],"collection":[{"href":"https:\/\/www.24baires.com\/index.php?rest_route=\/wp\/v2\/posts"}],"about":[{"href":"https:\/\/www.24baires.com\/index.php?rest_route=\/wp\/v2\/types\/post"}],"author":[{"embeddable":true,"href":"https:\/\/www.24baires.com\/index.php?rest_route=\/wp\/v2\/users\/4"}],"replies":[{"embeddable":true,"href":"https:\/\/www.24baires.com\/index.php?rest_route=%2Fwp%2Fv2%2Fcomments&post=6602"}],"version-history":[{"count":2,"href":"https:\/\/www.24baires.com\/index.php?rest_route=\/wp\/v2\/posts\/6602\/revisions"}],"predecessor-version":[{"id":6604,"href":"https:\/\/www.24baires.com\/index.php?rest_route=\/wp\/v2\/posts\/6602\/revisions\/6604"}],"wp:attachment":[{"href":"https:\/\/www.24baires.com\/index.php?rest_route=%2Fwp%2Fv2%2Fmedia&parent=6602"}],"wp:term":[{"taxonomy":"category","embeddable":true,"href":"https:\/\/www.24baires.com\/index.php?rest_route=%2Fwp%2Fv2%2Fcategories&post=6602"},{"taxonomy":"post_tag","embeddable":true,"href":"https:\/\/www.24baires.com\/index.php?rest_route=%2Fwp%2Fv2%2Ftags&post=6602"}],"curies":[{"name":"wp","href":"https:\/\/api.w.org\/{rel}","templated":true}]}}