{"id":6598,"date":"2012-11-24T10:25:36","date_gmt":"2012-11-24T13:25:36","guid":{"rendered":"http:\/\/www.24baires.com\/?p=6598"},"modified":"2012-11-24T10:25:36","modified_gmt":"2012-11-24T13:25:36","slug":"mar-de-ajo-buscan-intensamente-a-un-docente-desaparecido","status":"publish","type":"post","link":"https:\/\/www.24baires.com\/?p=6598","title":{"rendered":"Mar de Aj\u00f3: buscan intensamente a un docente desaparecido"},"content":{"rendered":"<p><img data-recalc-dims=\"1\" loading=\"lazy\" decoding=\"async\" class=\"alignleft size-full wp-image-6599\" title=\"caballero MdA\" src=\"https:\/\/i0.wp.com\/www.24baires.com\/wp-content\/uploads\/2012\/11\/caballero-MdA.jpg?resize=220%2C266\" alt=\"\" width=\"220\" height=\"266\" \/>Claudio Germ\u00e1n Caballero, de 38 a\u00f1os, est\u00e1 desaparecido desde el 12 de noviembre y es intensamente buscado por sus familiares y la polic\u00eda.<!--more--><\/p>\n<p>Contin\u00faa la b\u00fasqueda por estas horas del docente y director de la Escuela de Aguas Verdes, Claudio Caballero, quien falta de su domicilio aproximadamente desde el lunes 12 de noviembre, seg\u00fan relat\u00f3 su hermana Silvina quien adem\u00e1s la de denuncia policial, inici\u00f3 una campa\u00f1a en Facebook para encontrarlo.<\/p>\n<p>Seg\u00fan Silvina, Caballero Sali\u00f3 de su casa ubicada en la zona de Mar de Aj\u00f3 Norte normalmente sin despedirse de nadie ni avisar de ning\u00fan viaje y desde entonces no se supo nada m\u00e1s.<\/p>\n<p>La preocupaci\u00f3n de la familia comenz\u00f3 cuando al pasar los d\u00edas Caballero fue solicitado por las escuelas donde tiene cargo porque no hab\u00eda presentado la renovaci\u00f3n de la licencia m\u00e9dica.<\/p>\n<p>Al retirarse de su casa portaba su documentaci\u00f3n personal, su billetera, su agenda, sus tel\u00e9fonos y los cargadores como hace siempre. En un primer momento los tel\u00e9fonos sonaban pero nadie contestaba, actualmente est\u00e1n apagados, coment\u00f3 la hermana.<\/p>\n<p>Se hizo la denuncia correspondiente por averiguaci\u00f3n de paradero en la comisar\u00eda de Mar de Aj\u00f3 a trav\u00e9s de la cual se indic\u00f3 que no habr\u00eda salido por las terminales de la zona y que no se encuentra en ning\u00fan hospital.<\/p>\n<p>\u201cNecesito saber donde est\u00e1 y si se encuentra bien\u201d, manifest\u00f3 conmocionada Silvina y pidi\u00f3 que quien pueda aportar alg\u00fan dato para encontrar a su hermano se comunique con la polic\u00eda.<\/p>\n","protected":false},"excerpt":{"rendered":"<p>Claudio Germ\u00e1n Caballero, de 38 a\u00f1os, est\u00e1 desaparecido desde el 12 de noviembre y es intensamente buscado por sus familiares y la polic\u00eda.<\/p>\n","protected":false},"author":4,"featured_media":0,"comment_status":"open","ping_status":"open","sticky":false,"template":"","format":"standard","meta":{"_jetpack_newsletter_access":"","_jetpack_dont_email_post_to_subs":false,"_jetpack_newsletter_tier_id":0,"_jetpack_memberships_contains_paywalled_content":false,"_jetpack_memberships_contains_paid_content":false,"footnotes":""},"categories":[49],"tags":[],"class_list":["post-6598","post","type-post","status-publish","format-standard","hentry","category-policiales"],"jetpack_featured_media_url":"","jetpack_shortlink":"https:\/\/wp.me\/p2JWE0-1Iq","jetpack-related-posts":[{"id":12667,"url":"https:\/\/www.24baires.com\/?p=12667","url_meta":{"origin":6598,"position":0},"title":"Siguen buscando a un docente desaparecido hace dos meses en Mar de Aj\u00f3","author":"AF","date":"18\/01\/2013","format":false,"excerpt":"Silvina Caballero, busca desesperadamente a su hermano docente desaparecido desde hace dos meses en la localidad de Mar de Aj\u00f3. \"Son horas muy complicadas\", expres\u00f3 la hermana del docente. \"No son los mejores d\u00edas a dos meses de la desaparici\u00f3n de Claudio todo se complica un poco m\u00e1s\", dijo. Hace\u2026","rel":"","context":"En \u00abLocales\u00bb","block_context":{"text":"Locales","link":"https:\/\/www.24baires.com\/?cat=38"},"img":{"alt_text":"caballero desaparecido mar de aj\u00f3","src":"https:\/\/i0.wp.com\/www.24baires.com\/wp-content\/uploads\/2013\/01\/caballero-desaparecido-mar-de-aj%C3%B3.png?resize=350%2C200","width":350,"height":200},"classes":[]},{"id":3744,"url":"https:\/\/www.24baires.com\/?p=3744","url_meta":{"origin":6598,"position":1},"title":"Encontraron en Mar del Plata a la maestra tresarroyense desaparecida","author":"AF","date":"29\/10\/2012","format":false,"excerpt":"Despu\u00e9s de una intensa b\u00fasqueda, la maestra tresarroyense desaparecida el 11 de octubre fue encontrada por un efectivo de la Polic\u00eda de Mar del Plata caminando en la peatonal San Mart\u00edn. Est\u00e1 internada, pero se encuentra en buen estado de salud. Valeria Elizabeth Vicente, la maestra de Tres Arroys que\u2026","rel":"","context":"En \u00abPoliciales\u00bb","block_context":{"text":"Policiales","link":"https:\/\/www.24baires.com\/?cat=49"},"img":{"alt_text":"","src":"","width":0,"height":0},"classes":[]},{"id":78060,"url":"https:\/\/www.24baires.com\/?p=78060","url_meta":{"origin":6598,"position":2},"title":"Reconocen que es dif\u00edcil encontrar con vida a los turistas desaparecidos en Florian\u00f3polis","author":"AF","date":"25\/01\/2016","format":false,"excerpt":"Se trata de Javier Caballero y su hija Trinidad de siete a\u00f1os, desaparecidos desde el viernes. La tragedia ocurri\u00f3 cuando la nena cay\u00f3 al agua y el padre se tir\u00f3 a rescatarla y no se supo m\u00e1s de ellos. As\u00ed lo relat\u00f3 Candelaria, la hermana de nueve a\u00f1os de Trinidad,\u2026","rel":"","context":"En \u00abSociedad\u00bb","block_context":{"text":"Sociedad","link":"https:\/\/www.24baires.com\/?cat=1"},"img":{"alt_text":"","src":"","width":0,"height":0},"classes":[]},{"id":117215,"url":"https:\/\/www.24baires.com\/?p=117215","url_meta":{"origin":6598,"position":3},"title":"Comienzan a vacunar al personal de las fuerzas de seguridad en la Provincia","author":"GB","date":"22\/02\/2021","format":false,"excerpt":"El Gobierno de la provincia de Buenos Aires comenzar\u00e1 hoy a aplicar la vacuna contra el coronavirus al personal de las distintas fuerzas de seguridad, informaron fuentes del Poder Ejecutivo. \"La vacuna contra el coronavirus ya lleg\u00f3 a Puente 12 y ser\u00e1 aplicada a nuestras fuerzas policiales que se encuentran\u2026","rel":"","context":"En \u00abProvincia\u00bb","block_context":{"text":"Provincia","link":"https:\/\/www.24baires.com\/?cat=40"},"img":{"alt_text":"","src":"https:\/\/i0.wp.com\/www.24baires.com\/wp-content\/uploads\/2020\/08\/vacuna-covid.jpg?resize=350%2C200","width":350,"height":200,"srcset":"https:\/\/i0.wp.com\/www.24baires.com\/wp-content\/uploads\/2020\/08\/vacuna-covid.jpg?resize=350%2C200 1x, https:\/\/i0.wp.com\/www.24baires.com\/wp-content\/uploads\/2020\/08\/vacuna-covid.jpg?resize=525%2C300 1.5x"},"classes":[]},{"id":114442,"url":"https:\/\/www.24baires.com\/?p=114442","url_meta":{"origin":6598,"position":4},"title":"Mar del Plata: la fiscal\u00eda acus\u00f3 de femicidio a la expareja de Claudia Repetto","author":"GB","date":"19\/03\/2020","format":false,"excerpt":"La jueza de Garant\u00edas, Rosa Frende, debe dar el visto bueno para que la car\u00e1tula de la causa finalmente tome otro rumbo. El titular de la Unidad Fiscal de Instrucci\u00f3n (UFI) N\u00ba 1 de Mar del Plata, Fernando Castro, acus\u00f3 a Ricardo Rodr\u00edguez de ser responsable del femicidio de Claudia\u2026","rel":"","context":"En \u00abPoliciales\u00bb","block_context":{"text":"Policiales","link":"https:\/\/www.24baires.com\/?cat=49"},"img":{"alt_text":"","src":"https:\/\/i0.wp.com\/www.24baires.com\/wp-content\/uploads\/2020\/03\/claudia-repetto.jpg?resize=350%2C200","width":350,"height":200,"srcset":"https:\/\/i0.wp.com\/www.24baires.com\/wp-content\/uploads\/2020\/03\/claudia-repetto.jpg?resize=350%2C200 1x, https:\/\/i0.wp.com\/www.24baires.com\/wp-content\/uploads\/2020\/03\/claudia-repetto.jpg?resize=525%2C300 1.5x"},"classes":[]},{"id":105969,"url":"https:\/\/www.24baires.com\/?p=105969","url_meta":{"origin":6598,"position":5},"title":"Se\u00f1alizar\u00e1n las comisar\u00edas de Laferrere y General Madariaga como centros de tortura","author":"AF","date":"17\/12\/2018","format":false,"excerpt":"El acto ser\u00e1 este martes y es impulsado por j\u00f3venes. Se marcar\u00e1n esas dependencias como lugares donde funcionaron centros clandestinos de detenci\u00f3n, tortura y exterminio durante la \u00faltima dictadura c\u00edvico-militar-eclesi\u00e1stica. Este martes se se\u00f1alizar\u00e1n las comisar\u00edas de Laferrere y General Madariaga como lugares donde funcionaron centros clandestinos de detenci\u00f3n durante\u2026","rel":"","context":"En \u00abMemoria\u00bb","block_context":{"text":"Memoria","link":"https:\/\/www.24baires.com\/?cat=50"},"img":{"alt_text":"","src":"https:\/\/i0.wp.com\/www.24baires.com\/wp-content\/uploads\/2018\/12\/comisar%C3%ADas.jpg?resize=350%2C200","width":350,"height":200,"srcset":"https:\/\/i0.wp.com\/www.24baires.com\/wp-content\/uploads\/2018\/12\/comisar%C3%ADas.jpg?resize=350%2C200 1x, https:\/\/i0.wp.com\/www.24baires.com\/wp-content\/uploads\/2018\/12\/comisar%C3%ADas.jpg?resize=525%2C300 1.5x"},"classes":[]}],"jetpack_sharing_enabled":true,"jetpack_likes_enabled":true,"_links":{"self":[{"href":"https:\/\/www.24baires.com\/index.php?rest_route=\/wp\/v2\/posts\/6598","targetHints":{"allow":["GET"]}}],"collection":[{"href":"https:\/\/www.24baires.com\/index.php?rest_route=\/wp\/v2\/posts"}],"about":[{"href":"https:\/\/www.24baires.com\/index.php?rest_route=\/wp\/v2\/types\/post"}],"author":[{"embeddable":true,"href":"https:\/\/www.24baires.com\/index.php?rest_route=\/wp\/v2\/users\/4"}],"replies":[{"embeddable":true,"href":"https:\/\/www.24baires.com\/index.php?rest_route=%2Fwp%2Fv2%2Fcomments&post=6598"}],"version-history":[{"count":2,"href":"https:\/\/www.24baires.com\/index.php?rest_route=\/wp\/v2\/posts\/6598\/revisions"}],"predecessor-version":[{"id":6601,"href":"https:\/\/www.24baires.com\/index.php?rest_route=\/wp\/v2\/posts\/6598\/revisions\/6601"}],"wp:attachment":[{"href":"https:\/\/www.24baires.com\/index.php?rest_route=%2Fwp%2Fv2%2Fmedia&parent=6598"}],"wp:term":[{"taxonomy":"category","embeddable":true,"href":"https:\/\/www.24baires.com\/index.php?rest_route=%2Fwp%2Fv2%2Fcategories&post=6598"},{"taxonomy":"post_tag","embeddable":true,"href":"https:\/\/www.24baires.com\/index.php?rest_route=%2Fwp%2Fv2%2Ftags&post=6598"}],"curies":[{"name":"wp","href":"https:\/\/api.w.org\/{rel}","templated":true}]}}