{"id":65858,"date":"2015-05-13T19:00:53","date_gmt":"2015-05-13T22:00:53","guid":{"rendered":"http:\/\/www.24baires.com\/?p=65858"},"modified":"2015-05-13T18:42:27","modified_gmt":"2015-05-13T21:42:27","slug":"mi-hermano-luciano","status":"publish","type":"post","link":"https:\/\/www.24baires.com\/?p=65858","title":{"rendered":"Mi hermano, Luciano"},"content":{"rendered":"<p style=\"text-align: right;\"><img data-recalc-dims=\"1\" loading=\"lazy\" decoding=\"async\" class=\"aligncenter size-full wp-image-65859\" src=\"https:\/\/i0.wp.com\/www.24baires.com\/wp-content\/uploads\/2015\/05\/Vanesa-Orieta.jpg?resize=560%2C373\" alt=\"Vanesa Orieta\" width=\"560\" height=\"373\" srcset=\"https:\/\/i0.wp.com\/www.24baires.com\/wp-content\/uploads\/2015\/05\/Vanesa-Orieta.jpg?w=560&amp;ssl=1 560w, https:\/\/i0.wp.com\/www.24baires.com\/wp-content\/uploads\/2015\/05\/Vanesa-Orieta.jpg?resize=300%2C200&amp;ssl=1 300w\" sizes=\"auto, (max-width: 560px) 100vw, 560px\" \/><\/p>\n<p style=\"text-align: right;\">\n<p>Hay una imagen que me produce sensaciones diferentes, pero todas fuertes, de esas que ara\u00f1an desde adentro. Me genera un dolor profundo, una desaz\u00f3n que debe arraigarse en mi propia memoria de lo que esa imagen retrata. Me produce pesar, me pone triste, me da ganas de llorar. Eso se llama empat\u00eda: quien aparece en esa foto genera eso en m\u00ed. Pero tambi\u00e9n me produce una esperanza que se abre paso haci\u00e9ndole cosquillas al sufrimiento. Porque en el dolor, la rabia y el coraje de la piba que aparece en la imagen descansa la fuerza que necesitamos todas, todos los que perseguimos justicia.<!--more--><br \/>\nPorque la de la foto es Vanesa Orieta, mientras declara y cuenta c\u00f3mo torturaron a Luciano Arruga, su hermano. C\u00f3mo lo detuvieron sin causa tantas veces, c\u00f3mo lo metieron preso sin que haya hecho nada, c\u00f3mo lo golpearon y lo violentaron psicol\u00f3gicamente. Todo esto antes de que desaparezca, de que lo desaparezcan desde el 31 de enero de 2009 al 17 de octubre del a\u00f1o pasado, cuando encontraron sus restos que estuvieron todo ese tiempo enterrados como NN.<br \/>\nImagino que ella no se propone lograr ese efecto en quienes la vemos, de seguro s\u00f3lo quiere contar los hechos, se\u00f1alar la verdad de las cosas, demostrar qui\u00e9nes son los culpables, seguir pateando la realidad hasta que haya justicia. Pero logra que sienta a Luciano ac\u00e1 cerquita, que interprete el miedo que ella cuenta que ten\u00eda de salir cuando a los 16 a\u00f1os le pas\u00f3 aquello y lo tuvieron detenido en esa comisar\u00eda improvisada y lo golpearon y amenazaron con llevarlo a donde estaban los violadores. Ella logra que al menos pueda imaginar la desesperaci\u00f3n que sufri\u00f3 al escucharlo gritar desde adentro de la comisar\u00eda: \u201cVanesa, sacame de ac\u00e1 porque me est\u00e1n pegando\u201d, mientras la polic\u00eda se burlaba de ella y su mam\u00e1. Y entiendo por qu\u00e9 se puso como loca y le gritaba al Teniente Primero Julio Diego Torales, -detenido y acusado en el juicio que se sigue por las torturas f\u00edsicas y psicol\u00f3gicas que Luciano sufri\u00f3 en esa detenci\u00f3n-, reclam\u00e1ndole por su hermano.<br \/>\nY sabemos por ella que a Luciano lo deten\u00edan seguido, lo acosaban, lo maltrataban, se la ten\u00edan jurada. Porque Vanesa, mientras llora y recuerda, nos cuenta con una valent\u00eda que arremete y atraviesa el llanto. Y yo quisiera ayudarla, quisiera que no sufriera as\u00ed, quisiera que Luciano estuviese vivo, quisiera que no lo hubiesen maltratado, que no lo hubiesen amedrentado tanto, era apenas un nene. Que no lo hubiesen desaparecido. Quisiera que haya justicia por \u00e9l, por Vanesa, por todos los pibes que la polic\u00eda desaparece, muele a golpes, obliga a afanar.<br \/>\nAhora, en este juicio, quiz\u00e1 obtengamos algo de eso. \u201cQuiero que recuerden a mi hermano como un negro, villero, argentino, que se neg\u00f3 a robar para la polic\u00eda\u201d, nos pidi\u00f3 Vanesa hace tiempo. Y para m\u00ed Luciano podr\u00eda ser s\u00f3lo eso, un recuerdo, un relato de corrupci\u00f3n e injusticia que late en nuestra sociedad, porque no lo conoc\u00ed, pero lo aprend\u00ed a conocer con esa frase y as\u00ed lo voy a recordar. Porque Vanesa sigue por \u00e9l y le pone una garra que contagia, para que no haya m\u00e1s casos como el de su hermano, que tambi\u00e9n es mi hermano, porque ese negro, villero, argentino que se le plant\u00f3 a la maldita cana corrupta y asesina, es nuestro, es propio. Ese pibe que valiente dijo no y que lo pag\u00f3 con su joven vida, es digno hermano de esa mujer, que lucha por \u00e9l y por todos.<\/p>\n","protected":false},"excerpt":{"rendered":"<p>Hay una imagen que me produce sensaciones diferentes, pero todas fuertes, de esas que ara\u00f1an desde adentro. Me genera un dolor profundo, una desaz\u00f3n que debe arraigarse en mi propia memoria de lo que esa imagen retrata. Me produce pesar, me pone triste, me da ganas de llorar. Eso se llama empat\u00eda: quien aparece en esa foto genera eso en [&#8230;]<\/p>\n","protected":false},"author":4,"featured_media":0,"comment_status":"open","ping_status":"open","sticky":false,"template":"","format":"standard","meta":{"_jetpack_newsletter_access":"","_jetpack_dont_email_post_to_subs":false,"_jetpack_newsletter_tier_id":0,"_jetpack_memberships_contains_paywalled_content":false,"_jetpack_memberships_contains_paid_content":false,"footnotes":""},"categories":[64],"tags":[],"class_list":["post-65858","post","type-post","status-publish","format-standard","hentry","category-opinion"],"jetpack_featured_media_url":"","jetpack_shortlink":"https:\/\/wp.me\/p2JWE0-h8e","jetpack-related-posts":[{"id":58855,"url":"https:\/\/www.24baires.com\/?p=58855","url_meta":{"origin":65858,"position":0},"title":"Apareci\u00f3 un testigo clave en el caso Arruga","author":"Grupo Sierra","date":"18\/12\/2014","format":false,"excerpt":"En conferencia de prensa, la hermana del joven aport\u00f3 nuevos datos sobre la muerte de su hermano. Vieron a patrullero de la Bonaerense en el lugar. A dos meses de la aparici\u00f3n del cuerpo de Luciano Arruga, enterrado como NN en el cementerio de Chacarita desde 2009, los familiares y\u2026","rel":"","context":"En \u00abJUDICIALES\u00bb","block_context":{"text":"JUDICIALES","link":"https:\/\/www.24baires.com\/?cat=68"},"img":{"alt_text":"luciano-arruga-foto","src":"https:\/\/i0.wp.com\/www.24baires.com\/wp-content\/uploads\/2014\/10\/luciano-arruga-foto.jpg?resize=350%2C200","width":350,"height":200,"srcset":"https:\/\/i0.wp.com\/www.24baires.com\/wp-content\/uploads\/2014\/10\/luciano-arruga-foto.jpg?resize=350%2C200 1x, https:\/\/i0.wp.com\/www.24baires.com\/wp-content\/uploads\/2014\/10\/luciano-arruga-foto.jpg?resize=525%2C300 1.5x"},"classes":[]},{"id":93858,"url":"https:\/\/www.24baires.com\/?p=93858","url_meta":{"origin":65858,"position":1},"title":"Descuartiz\u00f3 y quem\u00f3 a su novia, qued\u00f3 libre y ahora busca pareja por Tinder","author":"GB","date":"17\/04\/2017","format":false,"excerpt":"BAH\u00cdA BLANCA-Pablo Cuch\u00e1n recuper\u00f3 la libertad en abril de 2016 y en apenas un a\u00f1o recibi\u00f3 una nueva denuncia por violencia de g\u00e9nero. En las \u00faltimas horas comenz\u00f3 a circular su foto en Tinder, una red social que se usa para buscar pareja o acordar citas. Se trata de Pablo\u2026","rel":"","context":"En \u00abProvincia\u00bb","block_context":{"text":"Provincia","link":"https:\/\/www.24baires.com\/?cat=40"},"img":{"alt_text":"","src":"https:\/\/i0.wp.com\/www.24baires.com\/wp-content\/uploads\/2017\/04\/victor-cucharan.jpg?resize=350%2C200","width":350,"height":200,"srcset":"https:\/\/i0.wp.com\/www.24baires.com\/wp-content\/uploads\/2017\/04\/victor-cucharan.jpg?resize=350%2C200 1x, https:\/\/i0.wp.com\/www.24baires.com\/wp-content\/uploads\/2017\/04\/victor-cucharan.jpg?resize=525%2C300 1.5x"},"classes":[]},{"id":67985,"url":"https:\/\/www.24baires.com\/?p=67985","url_meta":{"origin":65858,"position":2},"title":"La hermana de Luciano Arruga denunci\u00f3 amenazas contra su familia","author":"GB","date":"22\/06\/2015","format":false,"excerpt":"Vanesa Orieta denunci\u00f3 una serie de amenazas en su contra y de su familia; entre ellas, el incendio de su autom\u00f3vil a principios de junio, por lo que reclam\u00f3 \"protecci\u00f3n\" y que \"se aclare la incertidumbre que crece ante cada hecho de amedrentamiento\". En un extenso comunicado que public\u00f3 hoy\u2026","rel":"","context":"En \u00abLocales\u00bb","block_context":{"text":"Locales","link":"https:\/\/www.24baires.com\/?cat=38"},"img":{"alt_text":"luciano-arruga-foto","src":"https:\/\/i0.wp.com\/www.24baires.com\/wp-content\/uploads\/2014\/10\/luciano-arruga-foto.jpg?resize=350%2C200","width":350,"height":200,"srcset":"https:\/\/i0.wp.com\/www.24baires.com\/wp-content\/uploads\/2014\/10\/luciano-arruga-foto.jpg?resize=350%2C200 1x, https:\/\/i0.wp.com\/www.24baires.com\/wp-content\/uploads\/2014\/10\/luciano-arruga-foto.jpg?resize=525%2C300 1.5x"},"classes":[]},{"id":57895,"url":"https:\/\/www.24baires.com\/?p=57895","url_meta":{"origin":65858,"position":3},"title":"CELS: \u00abLas dos primeras fiscales no buscaron a Luciano Arruga\u00bb","author":"Grupo Sierra","date":"29\/11\/2014","format":false,"excerpt":"As\u00ed lo expresa el texto de denuncia del Centro de Estudios Legales y Sociales (CELS) ante el jurado de enjuiciamiento. Dos fiscales y un juez afrontar\u00e1n un juicio pol\u00edtico por su responsabilidad en el caso Arruga. Los funcionarios tienen diez d\u00edas para presentar sus descargos. Cuando Vanesa Orieta, la hermana\u2026","rel":"","context":"En \u00abJUDICIALES\u00bb","block_context":{"text":"JUDICIALES","link":"https:\/\/www.24baires.com\/?cat=68"},"img":{"alt_text":"luciano-arruga-foto","src":"https:\/\/i0.wp.com\/www.24baires.com\/wp-content\/uploads\/2014\/10\/luciano-arruga-foto.jpg?resize=350%2C200","width":350,"height":200,"srcset":"https:\/\/i0.wp.com\/www.24baires.com\/wp-content\/uploads\/2014\/10\/luciano-arruga-foto.jpg?resize=350%2C200 1x, https:\/\/i0.wp.com\/www.24baires.com\/wp-content\/uploads\/2014\/10\/luciano-arruga-foto.jpg?resize=525%2C300 1.5x"},"classes":[]},{"id":55730,"url":"https:\/\/www.24baires.com\/?p=55730","url_meta":{"origin":65858,"position":4},"title":"El caso de Luciano Arruga, bajo secreto de sumario","author":"Grupo Sierra","date":"20\/10\/2014","format":false,"excerpt":"As\u00ed lo resolvi\u00f3 el juez federal Juan Pablo Salas luego de la aparici\u00f3n del cuerpo del adolescente desaparecido desde 2009. El magistrado tom\u00f3 esa decisi\u00f3n luego de reunirse con el fiscal federal Sebasti\u00e1n Basso y los abogados de la familia Arruga, Juan Manuel Combi y Maximiliano Medina, del Centro de\u2026","rel":"","context":"En \u00abJUDICIALES\u00bb","block_context":{"text":"JUDICIALES","link":"https:\/\/www.24baires.com\/?cat=68"},"img":{"alt_text":"luciano-arruga-foto","src":"https:\/\/i0.wp.com\/www.24baires.com\/wp-content\/uploads\/2014\/10\/luciano-arruga-foto.jpg?resize=350%2C200","width":350,"height":200,"srcset":"https:\/\/i0.wp.com\/www.24baires.com\/wp-content\/uploads\/2014\/10\/luciano-arruga-foto.jpg?resize=350%2C200 1x, https:\/\/i0.wp.com\/www.24baires.com\/wp-content\/uploads\/2014\/10\/luciano-arruga-foto.jpg?resize=525%2C300 1.5x"},"classes":[]},{"id":32898,"url":"https:\/\/www.24baires.com\/?p=32898","url_meta":{"origin":65858,"position":5},"title":"La querella del caso de Luciano Arruga pedir\u00e1 un jury para dos funcionarios","author":"GB","date":"02\/10\/2013","format":false,"excerpt":"Lo hicieron durante una conferencia de prensa en el CELS. Anunciaron que pedir\u00e1n juicio pol\u00edtico contra los dos principales funcionarios que investigaron la causa antes de que pasara a la Justicia Federal: la fiscal Celia Cejas y el juez de Garant\u00edas de La Matanza, Gustavo Banco. Cada vez que los\u2026","rel":"","context":"En \u00abJUDICIALES\u00bb","block_context":{"text":"JUDICIALES","link":"https:\/\/www.24baires.com\/?cat=68"},"img":{"alt_text":"","src":"","width":0,"height":0},"classes":[]}],"jetpack_sharing_enabled":true,"jetpack_likes_enabled":true,"_links":{"self":[{"href":"https:\/\/www.24baires.com\/index.php?rest_route=\/wp\/v2\/posts\/65858","targetHints":{"allow":["GET"]}}],"collection":[{"href":"https:\/\/www.24baires.com\/index.php?rest_route=\/wp\/v2\/posts"}],"about":[{"href":"https:\/\/www.24baires.com\/index.php?rest_route=\/wp\/v2\/types\/post"}],"author":[{"embeddable":true,"href":"https:\/\/www.24baires.com\/index.php?rest_route=\/wp\/v2\/users\/4"}],"replies":[{"embeddable":true,"href":"https:\/\/www.24baires.com\/index.php?rest_route=%2Fwp%2Fv2%2Fcomments&post=65858"}],"version-history":[{"count":2,"href":"https:\/\/www.24baires.com\/index.php?rest_route=\/wp\/v2\/posts\/65858\/revisions"}],"predecessor-version":[{"id":65861,"href":"https:\/\/www.24baires.com\/index.php?rest_route=\/wp\/v2\/posts\/65858\/revisions\/65861"}],"wp:attachment":[{"href":"https:\/\/www.24baires.com\/index.php?rest_route=%2Fwp%2Fv2%2Fmedia&parent=65858"}],"wp:term":[{"taxonomy":"category","embeddable":true,"href":"https:\/\/www.24baires.com\/index.php?rest_route=%2Fwp%2Fv2%2Fcategories&post=65858"},{"taxonomy":"post_tag","embeddable":true,"href":"https:\/\/www.24baires.com\/index.php?rest_route=%2Fwp%2Fv2%2Ftags&post=65858"}],"curies":[{"name":"wp","href":"https:\/\/api.w.org\/{rel}","templated":true}]}}