{"id":6571,"date":"2012-11-23T22:17:14","date_gmt":"2012-11-24T01:17:14","guid":{"rendered":"http:\/\/www.24baires.com\/?p=6571"},"modified":"2012-11-24T02:07:15","modified_gmt":"2012-11-24T05:07:15","slug":"madia-sancion-en-la-legislatura-al-proyecto-que-establece-fuertes-penalidades-para-los-deudores-alimentarios","status":"publish","type":"post","link":"https:\/\/www.24baires.com\/?p=6571","title":{"rendered":"Media sanci\u00f3n en la Legislatura al proyecto que establece fuertes penalidades para los deudores alimentarios"},"content":{"rendered":"<p>La C\u00e1mara de Diputados aprob\u00f3 y gir\u00f3 al Senado una iniciativa que contempla que aquellas personas que no cumplieren con ese tipo de obligaciones no podr\u00e1n realizar operaciones bancarias, pedir la habilitaci\u00f3n de comercios e industrias ni trabajar en el Estado<!--more--><\/p>\n<p>La C\u00e1mara de Diputados bonaerense aprob\u00f3 y gir\u00f3 al Senado un proyecto de ley que establece fuertes penalidades para los deudores alimentarios, quienes, de no cumplir con sus obligaciones, \u00abno podr\u00e1n realizar operaciones bancarias, solicitar la habilitaci\u00f3n de comercios e industrias o ser designados en cualquiera de los tres poderes del Estado provincial\u00bb.<\/p>\n<p>La iniciativa fue presentada por la legisladora Karina Nazabal (Frente para la Victoria) y busca modificar la ley 13074 de Registro de Deudores Alimentarios Morosos.<\/p>\n<p>\u201cHemos dado un paso adelante en el fortalecimiento de los derechos de los menores, los ancianos y los enfermos\u201d, dijo Nazabal, quien destac\u00f3 los alcances del proyecto que deber\u00e1 ser tratado en el Senado para convertirse en Ley.<\/p>\n<p>Resalt\u00f3 que \u201ccon la iniciativa se establece la obligaci\u00f3n de requerir al Registro de Deudor Alimentario el libre deuda registrada\u201d.<\/p>\n<p>\u00abLas obligaciones alimentarias surgidas del C\u00f3digo Civil deben entenderse como un deber \u00e9tico pero de inter\u00e9s social y de orden p\u00fablico, por lo cual el estado debe generar todas las herramientas que est\u00e9n a su alcance para garantizar el cumplimiento de las mismas\u201d, finaliz\u00f3.<br \/>\nEl Senado actualmente tiene en tratamiento otra iniciativa similar, que busca que aquellas personas inscriptas en el Registro de Deudores Alimentarios Morosos y en el Registro de Condenados por Delitos contra la Integridad Sexual no puedan trabajar en el Estado provincial.<\/p>\n<p>La iniciativa, que fue presentada por la senadora Mar\u00eda Cristina Di Rado (FpV), impide que el \u00c8stado pueda contratar a hombres y mujeres que incumplan con el pago de la cuota alimentaria de sus hijos o que hayan sido condenados por el delito de abuso sexual.<\/p>\n<p>\u00abEl incumplimiento frente a las obligaciones alimentarias expone en situaci\u00f3n de riesgo a las partes m\u00e1s indefensas de las redes familiares, ya que las cuotas por alimentos seg\u00fan surge del C\u00f3digo Civil, son destinadas en su mayor parte a los menores, a los ancianos y a los enfermos, de all\u00ed su naturaleza eminentemente asistencial\u00bb, explic\u00f3 Di Rado.<\/p>\n<p>La legisladora tambi\u00e9n propuso que se incluya en la prohibici\u00f3n, a condenados por delitos sexuales, \u201clo cual surge como consecuencia del incremento en el n\u00famero de casos que se denuncia por los llamados delitos contra la integridad sexual\u201d, explic\u00f3 Di Rado.<\/p>\n<p>&nbsp;<\/p>\n<p>&nbsp;<\/p>\n<p>&nbsp;<\/p>\n<p>&nbsp;<\/p>\n<p>&nbsp;<\/p>\n<p>&nbsp;<\/p>\n<p>&nbsp;<\/p>\n<p>&nbsp;<\/p>\n<p>&nbsp;<\/p>\n<p>&nbsp;<\/p>\n","protected":false},"excerpt":{"rendered":"<p>La C\u00e1mara de Diputados aprob\u00f3 y gir\u00f3 al Senado una iniciativa que contempla que aquellas personas que no cumplieren con ese tipo de obligaciones no podr\u00e1n realizar operaciones bancarias, pedir la habilitaci\u00f3n de comercios e industrias ni trabajar en el Estado<\/p>\n","protected":false},"author":11,"featured_media":0,"comment_status":"open","ping_status":"open","sticky":false,"template":"","format":"standard","meta":{"_jetpack_newsletter_access":"","_jetpack_dont_email_post_to_subs":false,"_jetpack_newsletter_tier_id":0,"_jetpack_memberships_contains_paywalled_content":false,"_jetpack_memberships_contains_paid_content":false,"footnotes":""},"categories":[1],"tags":[],"class_list":["post-6571","post","type-post","status-publish","format-standard","hentry","category-sociedad"],"jetpack_featured_media_url":"","jetpack_shortlink":"https:\/\/wp.me\/p2JWE0-1HZ","jetpack-related-posts":[{"id":118166,"url":"https:\/\/www.24baires.com\/?p=118166","url_meta":{"origin":6571,"position":0},"title":"Es ley la eximici\u00f3n de impuestos para hoteleros y comerciantes","author":"GB","date":"22\/10\/2021","format":false,"excerpt":"Ambas C\u00e1maras bonaerenses aprobaron la medida que beneficiar\u00e1 a hoteles, hospedajes, camping, casas de fiestas, guarder\u00edas, jardines maternales, gimnasios, parques de diversiones y salones de bailes y boliches. La C\u00e1mara de Diputados bonaerense convirti\u00f3 en ley la eximici\u00f3n de impuestos para hoteleros y comerciantes, luego de que el proyecto que\u2026","rel":"","context":"En \u00abProvincia\u00bb","block_context":{"text":"Provincia","link":"https:\/\/www.24baires.com\/?cat=40"},"img":{"alt_text":"","src":"https:\/\/i0.wp.com\/www.24baires.com\/wp-content\/uploads\/2020\/02\/senado.jpg?resize=350%2C200","width":350,"height":200,"srcset":"https:\/\/i0.wp.com\/www.24baires.com\/wp-content\/uploads\/2020\/02\/senado.jpg?resize=350%2C200 1x, https:\/\/i0.wp.com\/www.24baires.com\/wp-content\/uploads\/2020\/02\/senado.jpg?resize=525%2C300 1.5x"},"classes":[]},{"id":107707,"url":"https:\/\/www.24baires.com\/?p=107707","url_meta":{"origin":6571,"position":1},"title":"El Senado analiza un tope al aumentos de cuotas en los cr\u00e9ditos UVA","author":"GB","date":"17\/04\/2019","format":false,"excerpt":"El Senado bonaerense avanz\u00f3 en una serie de acuerdos en torno a un proyecto que busca paliar la situaci\u00f3n de los deudores de cr\u00e9ditos UVA, y ahora el Banco Provincia analizar\u00e1 la posibilidad de ponerle un tope al aumento de las cuotas que otorga la entidad, limitando su valor a\u2026","rel":"","context":"En \u00abProvincia\u00bb","block_context":{"text":"Provincia","link":"https:\/\/www.24baires.com\/?cat=40"},"img":{"alt_text":"","src":"https:\/\/i0.wp.com\/www.24baires.com\/wp-content\/uploads\/2019\/03\/protesta-creditos-uva.jpg?resize=350%2C200","width":350,"height":200,"srcset":"https:\/\/i0.wp.com\/www.24baires.com\/wp-content\/uploads\/2019\/03\/protesta-creditos-uva.jpg?resize=350%2C200 1x, https:\/\/i0.wp.com\/www.24baires.com\/wp-content\/uploads\/2019\/03\/protesta-creditos-uva.jpg?resize=525%2C300 1.5x"},"classes":[]},{"id":116905,"url":"https:\/\/www.24baires.com\/?p=116905","url_meta":{"origin":6571,"position":2},"title":"El Senado buscar\u00e1 emitir dictamen al proyecto de legalizaci\u00f3n del aborto","author":"GB","date":"17\/12\/2020","format":false,"excerpt":"Los legisladores se reunir\u00e1n este jueves para pasar a la firma el dictamen con la intenci\u00f3n con el objetivo de debatir el proyecto en la sesi\u00f3n del martes 29 de diciembre El plenario de comisiones de Banca de la Mujer, Justicia y Asuntos Penales y de Salud, que tiene a\u2026","rel":"","context":"En \u00abPol\u00edtica\u00bb","block_context":{"text":"Pol\u00edtica","link":"https:\/\/www.24baires.com\/?cat=51"},"img":{"alt_text":"","src":"https:\/\/i0.wp.com\/www.24baires.com\/wp-content\/uploads\/2020\/11\/el-senado-comenzara-tratar-la-ley-del-aporte-extraordinario-el-martes-300x225.jpg?resize=350%2C200","width":350,"height":200},"classes":[]},{"id":116875,"url":"https:\/\/www.24baires.com\/?p=116875","url_meta":{"origin":6571,"position":3},"title":"El Senado comienza el tratamiento en comisi\u00f3n del proyecto de legalizaci\u00f3n del aborto","author":"GB","date":"14\/12\/2020","format":false,"excerpt":"El Senado comenzar\u00e1 hoy el tratamiento en comisi\u00f3n del proyecto de Ley de Interrupci\u00f3n Voluntaria del Embarazo (IVE), aprobado el viernes por la C\u00e1mara de Diputados, con la intenci\u00f3n que la firma del dictamen sea en los pr\u00f3ximos d\u00edas y que pueda ser tratado en el recinto el pr\u00f3ximo 29,\u2026","rel":"","context":"En \u00abPol\u00edtica\u00bb","block_context":{"text":"Pol\u00edtica","link":"https:\/\/www.24baires.com\/?cat=51"},"img":{"alt_text":"","src":"https:\/\/i0.wp.com\/www.24baires.com\/wp-content\/uploads\/2020\/06\/senado.jpg?resize=350%2C200","width":350,"height":200,"srcset":"https:\/\/i0.wp.com\/www.24baires.com\/wp-content\/uploads\/2020\/06\/senado.jpg?resize=350%2C200 1x, https:\/\/i0.wp.com\/www.24baires.com\/wp-content\/uploads\/2020\/06\/senado.jpg?resize=525%2C300 1.5x"},"classes":[]},{"id":117601,"url":"https:\/\/www.24baires.com\/?p=117601","url_meta":{"origin":6571,"position":4},"title":"Diputados aprob\u00f3 la postergaci\u00f3n de las elecciones","author":"GB","date":"20\/05\/2021","format":false,"excerpt":"Diputados dio media sanci\u00f3n al proyecto que posterga las elecciones PASO y generales en el marco de la pandemia. La C\u00e1mara de Diputados de la Naci\u00f3n aprob\u00f3 por amplia mayor\u00eda el proyecto de ley que posterga las elecciones PASO y generales en el marco de la pandemia de coronavirus. Ahora,\u2026","rel":"","context":"En \u00abPol\u00edtica\u00bb","block_context":{"text":"Pol\u00edtica","link":"https:\/\/www.24baires.com\/?cat=51"},"img":{"alt_text":"","src":"https:\/\/i0.wp.com\/www.24baires.com\/wp-content\/uploads\/2020\/05\/diputados-virtual.jpg?resize=350%2C200","width":350,"height":200,"srcset":"https:\/\/i0.wp.com\/www.24baires.com\/wp-content\/uploads\/2020\/05\/diputados-virtual.jpg?resize=350%2C200 1x, https:\/\/i0.wp.com\/www.24baires.com\/wp-content\/uploads\/2020\/05\/diputados-virtual.jpg?resize=525%2C300 1.5x"},"classes":[]},{"id":119303,"url":"https:\/\/www.24baires.com\/?p=119303","url_meta":{"origin":6571,"position":5},"title":"Buscan crear un r\u00e9gimen de Pymes y reducirles las tasas en un 50%","author":"GB","date":"07\/09\/2022","format":false,"excerpt":"MAR DEL PLATA - Se comienza a debatir este mi\u00e9rcoles en las comisiones internas del Concejo Deliberante. El proyecta busca quitas en las Tasa de inspecci\u00f3n, de habilitaci\u00f3n y eliminaci\u00f3n de tasas de publicidad Los concejales que integran la comisi\u00f3n de Industria, Comercio, Pesca, Innovaci\u00f3n y Trabajo del Concejo Deliberante\u2026","rel":"","context":"En \u00abEconom\u00eda\u00bb","block_context":{"text":"Econom\u00eda","link":"https:\/\/www.24baires.com\/?cat=45"},"img":{"alt_text":"","src":"https:\/\/i0.wp.com\/www.24baires.com\/wp-content\/uploads\/2017\/10\/pyme.jpg?resize=350%2C200","width":350,"height":200,"srcset":"https:\/\/i0.wp.com\/www.24baires.com\/wp-content\/uploads\/2017\/10\/pyme.jpg?resize=350%2C200 1x, https:\/\/i0.wp.com\/www.24baires.com\/wp-content\/uploads\/2017\/10\/pyme.jpg?resize=525%2C300 1.5x, https:\/\/i0.wp.com\/www.24baires.com\/wp-content\/uploads\/2017\/10\/pyme.jpg?resize=700%2C400 2x"},"classes":[]}],"jetpack_sharing_enabled":true,"jetpack_likes_enabled":true,"_links":{"self":[{"href":"https:\/\/www.24baires.com\/index.php?rest_route=\/wp\/v2\/posts\/6571","targetHints":{"allow":["GET"]}}],"collection":[{"href":"https:\/\/www.24baires.com\/index.php?rest_route=\/wp\/v2\/posts"}],"about":[{"href":"https:\/\/www.24baires.com\/index.php?rest_route=\/wp\/v2\/types\/post"}],"author":[{"embeddable":true,"href":"https:\/\/www.24baires.com\/index.php?rest_route=\/wp\/v2\/users\/11"}],"replies":[{"embeddable":true,"href":"https:\/\/www.24baires.com\/index.php?rest_route=%2Fwp%2Fv2%2Fcomments&post=6571"}],"version-history":[{"count":3,"href":"https:\/\/www.24baires.com\/index.php?rest_route=\/wp\/v2\/posts\/6571\/revisions"}],"predecessor-version":[{"id":6574,"href":"https:\/\/www.24baires.com\/index.php?rest_route=\/wp\/v2\/posts\/6571\/revisions\/6574"}],"wp:attachment":[{"href":"https:\/\/www.24baires.com\/index.php?rest_route=%2Fwp%2Fv2%2Fmedia&parent=6571"}],"wp:term":[{"taxonomy":"category","embeddable":true,"href":"https:\/\/www.24baires.com\/index.php?rest_route=%2Fwp%2Fv2%2Fcategories&post=6571"},{"taxonomy":"post_tag","embeddable":true,"href":"https:\/\/www.24baires.com\/index.php?rest_route=%2Fwp%2Fv2%2Ftags&post=6571"}],"curies":[{"name":"wp","href":"https:\/\/api.w.org\/{rel}","templated":true}]}}