{"id":6560,"date":"2012-11-23T21:34:02","date_gmt":"2012-11-24T00:34:02","guid":{"rendered":"http:\/\/www.24baires.com\/?p=6560"},"modified":"2012-11-23T21:34:02","modified_gmt":"2012-11-24T00:34:02","slug":"impugnan-al-candidato-del-fap-para-el-directorio-de-la-afsca-por-haber-falseado-datos-de-su-curriculum","status":"publish","type":"post","link":"https:\/\/www.24baires.com\/?p=6560","title":{"rendered":"Impugnan al candidato del FAP para el directorio de la AFSCA por \u00abhaber falseado datos de su curriculum\u00bb"},"content":{"rendered":"<p>La Autoridad Federal de Servicios de Comunicaci\u00f3n Audiovisual (AFSCA) avanz\u00f3 en la conformaci\u00f3n de su directorio, con la excepci\u00f3n del abogado Alejandro Pereyra, propuesto por el FAP, cuyo pliego fue impugnado y ahor\u00e1 ser\u00e1 girado nuevamente a la comisi\u00f3n bicameral parlamentaria.<!--more--><br \/>\nPor lo tanto, la Comisi\u00f3n Bicameral de Promoci\u00f3n y Seguimiento de la Comunicaci\u00f3n Audiovisual definir\u00e1 en los pr\u00f3ximos d\u00edas la situaci\u00f3n del abogado Pereyra, el candidato a director de la AFSCA propuesto por el FAP y que fue impugnado por distintas organizaciones.<br \/>\nDe las siete personas que deben componer el directorio de la AFSCA, seis ya fueron nombrados, mientras que el Frente Amplio Progresista propuso para el s\u00e9ptimo lugar en el directorio a Pereyra, quien fue impugnado por diversos cuestionamientos.<\/p>\n<p>Las organizaciones que cuestionaron ese pliego son la Facultad de Periodismo de la Universidad Nacional de la Plata, Facultad de Ciencias Sociales de UBA, Universidad de Rosario, el Centro de Estudios Legales y Sociales (CELS), La Federaci\u00f3n Argentina de Radios Comunitarios, y la Asociaci\u00f3n por la Justicia Social.(AJUS).<br \/>\nLas impugnaciones a su candidatura se basan en dos aspectos: lo acusan de haber falseado datos de su curriculum cuando intent\u00f3 ocupar un cargo en el antiguo COMFER, en un concurso declarado nulo, y de tener un conflicto de intereses por ser abogado patrocinante de medios audiovisuales.<\/p>\n<p>\u00abHay una impugnaci\u00f3n de la Facultad de Periodismo de la Universidad de la Plata. El fue designado en el COMFER y la designaci\u00f3n fue anulada porque en el concurso falsific\u00f3 documentaci\u00f3n o present\u00f3 informaci\u00f3n que no era del todo cierta\u00bb, indic\u00f3 a T\u00e9lam N\u00e9stor Busso, del Foro Argentino de Radios Comunitarias (FARCO), que present\u00f3 una impugnaci\u00f3n.<\/p>\n<p>En 2003, Pereyra fue designado como director general de Asuntos Legales del COMFER, pero su nombramiento qued\u00f3 sin efecto al detectarse que hab\u00eda falseado datos de su curriculum.<br \/>\nAll\u00ed consign\u00f3 que hab\u00eda desarrollado actividades acad\u00e9micas en la Facultad de Periodismo y Comunicaci\u00f3n Social de la Universidad Nacional de La Plata y en la Facultad de Ciencias Sociales de la UBA, lo que se demostr\u00f3 que era falso.<br \/>\nAsimismo, Busso explic\u00f3 que Pereyra \u00abtambi\u00e9n tiene un conflicto de intereses, porque es patrocinante de medios audiovisuales. En su condici\u00f3n de abogado tiene un estudio jur\u00eddico desde el cual patrocina a distintos medios de comunicaci\u00f3n\u00bb.<\/p>\n<p>Busso agreg\u00f3 que Pereyra asesora en la C\u00e1mara de Diputados a Margarita Stolbizer, y que las impugnaciones en su contra son avaladas por la Universidad Nacional de La Plata, la Universidad de Buenos Aires, y el Centro de Estudios Legales y Sociales, entre otros organismos y asociaciones.<br \/>\nEn el d\u00eda de hoy, el Gobierno avanz\u00f3 con la conformaci\u00f3n definitiva de los directorios de la Autoridad Federal de Servicios de Comunicaci\u00f3n Audiovisual (Afsca) y de Radio y Televisi\u00f3n Argentina (RTA), al oficializar designaciones de los lugares que en esos organismos le corresponden a la oposici\u00f3n.<br \/>\nEn el caso de la Afsca, encargada de la aplicaci\u00f3n de la Ley de Medios y que preside Mart\u00edn Sabbatella, el nuevo integrante del directorio es el ex diputado Marcelo Stubrin, quien fue propuesto por el radicalismo, bloque parlamentario de la segunda minor\u00eda.<br \/>\nDe esta manera, el directorio de la Afsca qued\u00f3 integrado hasta el momento por Sabbatella en la presidencia, los directores Ignacio Saavedra, Claudio Schifer y Eduardo Seminara (en representaci\u00f3n de las universidades), Jorge Capitanich y el recientemente nombrado Stubrin.<br \/>\nEn tanto, en RTA los nombramientos corresponden al ex diputado Jos\u00e9 C\u00e9sar Gustavo Cusinato, propuesto por la UCR; y a Marcelo Adolfo Romeu, elegido por el Frente Amplio Progresista (FAP).<\/p>\n<p>Ambas medidas fueron dispuestas a trav\u00e9s de los decretos 2253 y 2254, respectivamente, publicados hoy en el Bolet\u00edn Oficial con las firmas de la presidenta Cristina Fern\u00e1ndez de Kirchner y el jefe de Gabinete de Ministros, Juan Manuel Abal Medina.<br \/>\nSeg\u00fan establece el art\u00edculo 14 de la Ley N.\u00ba 26.522 la conducci\u00f3n y administraci\u00f3n de la Autoridad Federal de Servicios de Comunicaci\u00f3n Audiovisual deben ser ejercida por un directorio integrado por siete miembros nombrados por el Poder Ejecutivo Nacional.<br \/>\nEl directorio debe estar conformado por un presidente y un director designados por el Poder Ejecutivo Nacional.<br \/>\nTambi\u00e9n tres directores nombrados por la Comisi\u00f3n Bicameral de Promoci\u00f3n y Seguimiento de la Comunicaci\u00f3n Audiovisual, propuestos por los bloques parlamentarios, correspondiendo uno a la mayor\u00eda o primera minor\u00eda, uno a la segunda minor\u00eda, y uno a la tercera minor\u00eda parlamentarias; y dos directores propuestos por el Consejo Federal de Comunicaci\u00f3n Audiovisual.<\/p>\n<p>&nbsp;<\/p>\n<p>&nbsp;<\/p>\n<p>&nbsp;<\/p>\n<p>&nbsp;<\/p>\n<p>&nbsp;<\/p>\n<p>&nbsp;<\/p>\n<p>&nbsp;<\/p>\n<p>&nbsp;<\/p>\n<p>&nbsp;<\/p>\n<p>&nbsp;<\/p>\n<p>&nbsp;<\/p>\n<p>&nbsp;<\/p>\n<p>&nbsp;<\/p>\n","protected":false},"excerpt":{"rendered":"<p>La Autoridad Federal de Servicios de Comunicaci\u00f3n Audiovisual (AFSCA) avanz\u00f3 en la conformaci\u00f3n de su directorio, con la excepci\u00f3n del abogado Alejandro Pereyra, propuesto por el FAP, cuyo pliego fue impugnado y ahor\u00e1 ser\u00e1 girado nuevamente a la comisi\u00f3n bicameral parlamentaria.<\/p>\n","protected":false},"author":11,"featured_media":0,"comment_status":"open","ping_status":"open","sticky":false,"template":"","format":"standard","meta":{"_jetpack_newsletter_access":"","_jetpack_dont_email_post_to_subs":false,"_jetpack_newsletter_tier_id":0,"_jetpack_memberships_contains_paywalled_content":false,"_jetpack_memberships_contains_paid_content":false,"footnotes":""},"categories":[54],"tags":[],"class_list":["post-6560","post","type-post","status-publish","format-standard","hentry","category-medios"],"jetpack_featured_media_url":"","jetpack_shortlink":"https:\/\/wp.me\/p2JWE0-1HO","jetpack-related-posts":[{"id":820,"url":"https:\/\/www.24baires.com\/?p=820","url_meta":{"origin":6560,"position":0},"title":"El gobierno \u00abno vino a estatizar, sino a hacer cumplir la ley\u00bb asegur\u00f3 Sabbatella","author":"Grupo Sierra","date":"02\/10\/2012","format":false,"excerpt":"El titular de la Autoridad Federal de Servicios de Comunicaci\u00f3n Audiovisual (AFSCA), Mart\u00edn Sabbatella, reiter\u00f3 que el gobierno \"no vino a estatizar, sino a hacer cumplir la ley\". El moronense se reuni\u00f3 con los titulares de ambas c\u00e1maras legislativas y el presidente del bloque de diputados del FpV.\u00a0 El Congreso\u2026","rel":"","context":"En \u00abMedios\u00bb","block_context":{"text":"Medios","link":"https:\/\/www.24baires.com\/?cat=54"},"img":{"alt_text":"","src":"https:\/\/i0.wp.com\/www.24baires.com\/wp-content\/uploads\/2012\/10\/sabbatella-congreso1.jpg?resize=350%2C200","width":350,"height":200,"srcset":"https:\/\/i0.wp.com\/www.24baires.com\/wp-content\/uploads\/2012\/10\/sabbatella-congreso1.jpg?resize=350%2C200 1x, https:\/\/i0.wp.com\/www.24baires.com\/wp-content\/uploads\/2012\/10\/sabbatella-congreso1.jpg?resize=525%2C300 1.5x"},"classes":[]},{"id":34986,"url":"https:\/\/www.24baires.com\/?p=34986","url_meta":{"origin":6560,"position":1},"title":"Proponen que Sabbatella siga al frente de la Afsca","author":"AF","date":"11\/11\/2013","format":false,"excerpt":"El Gobierno volvi\u00f3 a proponer al titular de la Autoridad Federal de Servicios de Comunicaci\u00f3n Audiovisual, Mart\u00edn Sabbatella, para que encabece por un nuevo per\u00edodo el directorio de este organismo. En tanto, tambi\u00e9n volvi\u00f3 a proponer a Ignacio Saavedra como miembro del directorio de la AFSCA. Las propuestas comenzaron a\u2026","rel":"","context":"En \u00abMedios\u00bb","block_context":{"text":"Medios","link":"https:\/\/www.24baires.com\/?cat=54"},"img":{"alt_text":"","src":"","width":0,"height":0},"classes":[]},{"id":34797,"url":"https:\/\/www.24baires.com\/?p=34797","url_meta":{"origin":6560,"position":2},"title":"El Congreso nombr\u00f3 los directores de la Afsca","author":"GB","date":"07\/11\/2013","format":false,"excerpt":"La Comisi\u00f3n Bicameral de Seguimiento de la Comunicaci\u00f3n Audiovisual aprob\u00f3 hoy la designaci\u00f3n de los representantes del oficialismo y de la oposici\u00f3n en el directorio de la Autoridad Federal de Servicios de Comunicaci\u00f3n Audiovisual. La comisi\u00f3n, que preside la senadora Liliana Fellner, aval\u00f3 los nombramientos de Claudio Schifer, en representaci\u00f3n\u2026","rel":"","context":"En \u00abMedios\u00bb","block_context":{"text":"Medios","link":"https:\/\/www.24baires.com\/?cat=54"},"img":{"alt_text":"","src":"","width":0,"height":0},"classes":[]},{"id":35437,"url":"https:\/\/www.24baires.com\/?p=35437","url_meta":{"origin":6560,"position":3},"title":"El Consejo Federal de Comunicaci\u00f3n Audiovisual renov\u00f3 autoridades","author":"Grupo Sierra","date":"19\/11\/2013","format":false,"excerpt":"Con una composici\u00f3n renovada, tuvo lugar la onceava sesi\u00f3n extraordinaria del Cofeca. Pedro B\u00e1ez fue reelecto y continuar\u00e1 al frente del Consejo por los pr\u00f3ximos dos a\u00f1os acompa\u00f1ado por Osvaldo Franc\u00e9s en la vicepresidencia. Los consejeros propusieron a N\u00e9stor Avalle y a Eduardo Seminara para el Directorio del AFSCA y\u2026","rel":"","context":"En \u00abMedios\u00bb","block_context":{"text":"Medios","link":"https:\/\/www.24baires.com\/?cat=54"},"img":{"alt_text":"consejo federal afsca","src":"https:\/\/i0.wp.com\/www.24baires.com\/wp-content\/uploads\/2013\/11\/consejo-federal-afsca.jpg?resize=350%2C200","width":350,"height":200,"srcset":"https:\/\/i0.wp.com\/www.24baires.com\/wp-content\/uploads\/2013\/11\/consejo-federal-afsca.jpg?resize=350%2C200 1x, https:\/\/i0.wp.com\/www.24baires.com\/wp-content\/uploads\/2013\/11\/consejo-federal-afsca.jpg?resize=525%2C300 1.5x"},"classes":[]},{"id":79,"url":"https:\/\/www.24baires.com\/?p=79","url_meta":{"origin":6560,"position":4},"title":"\u201cEs un orgullo haber sido propuesto por la Presidenta para que se aplique la ley\u201d","author":"Grupo Sierra","date":"18\/09\/2012","format":false,"excerpt":"Mart\u00edn Sabbatella asegur\u00f3 que \"es un gran orgullo\" haber sido propuesto como candidato al directorio de Afsca para \"que se aplique integralmente la Ley de Servicios de Comunicaci\u00f3n Audiovisual\". El diputado nacional realiz\u00f3 estas declaraciones a T\u00e9lam, minutos despu\u00e9s de mantener un encuentro con la Presidenta en la residencia de\u2026","rel":"","context":"En \u00abPol\u00edtica\u00bb","block_context":{"text":"Pol\u00edtica","link":"https:\/\/www.24baires.com\/?cat=51"},"img":{"alt_text":"","src":"https:\/\/i0.wp.com\/www.24baires.com\/wp-content\/uploads\/2012\/09\/sabbatella.jpg?resize=350%2C200","width":350,"height":200,"srcset":"https:\/\/i0.wp.com\/www.24baires.com\/wp-content\/uploads\/2012\/09\/sabbatella.jpg?resize=350%2C200 1x, https:\/\/i0.wp.com\/www.24baires.com\/wp-content\/uploads\/2012\/09\/sabbatella.jpg?resize=525%2C300 1.5x"},"classes":[]},{"id":40674,"url":"https:\/\/www.24baires.com\/?p=40674","url_meta":{"origin":6560,"position":5},"title":"Pe\u00f1afort: \u00abEs un avance que ahora todos los medios est\u00e9n dentro de la ley\u00bb","author":"GB","date":"18\/02\/2014","format":false,"excerpt":"La abogada que represent\u00f3 al Estado Nacional en el marco del debate de la ley de medios, Graciana Pe\u00f1afort, se refiri\u00f3 de esta manera a la aprobaci\u00f3n, por parte del directorio de la Afsca, del plan de adecuaci\u00f3n presentado por el grupo Clar\u00edn. La abogada que represent\u00f3 al Estado Nacional\u2026","rel":"","context":"En \u00abMedios\u00bb","block_context":{"text":"Medios","link":"https:\/\/www.24baires.com\/?cat=54"},"img":{"alt_text":"","src":"","width":0,"height":0},"classes":[]}],"jetpack_sharing_enabled":true,"jetpack_likes_enabled":true,"_links":{"self":[{"href":"https:\/\/www.24baires.com\/index.php?rest_route=\/wp\/v2\/posts\/6560","targetHints":{"allow":["GET"]}}],"collection":[{"href":"https:\/\/www.24baires.com\/index.php?rest_route=\/wp\/v2\/posts"}],"about":[{"href":"https:\/\/www.24baires.com\/index.php?rest_route=\/wp\/v2\/types\/post"}],"author":[{"embeddable":true,"href":"https:\/\/www.24baires.com\/index.php?rest_route=\/wp\/v2\/users\/11"}],"replies":[{"embeddable":true,"href":"https:\/\/www.24baires.com\/index.php?rest_route=%2Fwp%2Fv2%2Fcomments&post=6560"}],"version-history":[{"count":4,"href":"https:\/\/www.24baires.com\/index.php?rest_route=\/wp\/v2\/posts\/6560\/revisions"}],"predecessor-version":[{"id":6565,"href":"https:\/\/www.24baires.com\/index.php?rest_route=\/wp\/v2\/posts\/6560\/revisions\/6565"}],"wp:attachment":[{"href":"https:\/\/www.24baires.com\/index.php?rest_route=%2Fwp%2Fv2%2Fmedia&parent=6560"}],"wp:term":[{"taxonomy":"category","embeddable":true,"href":"https:\/\/www.24baires.com\/index.php?rest_route=%2Fwp%2Fv2%2Fcategories&post=6560"},{"taxonomy":"post_tag","embeddable":true,"href":"https:\/\/www.24baires.com\/index.php?rest_route=%2Fwp%2Fv2%2Ftags&post=6560"}],"curies":[{"name":"wp","href":"https:\/\/api.w.org\/{rel}","templated":true}]}}