{"id":6539,"date":"2012-11-23T18:41:53","date_gmt":"2012-11-23T21:41:53","guid":{"rendered":"http:\/\/www.24baires.com\/?p=6539"},"modified":"2012-11-23T18:41:53","modified_gmt":"2012-11-23T21:41:53","slug":"desmantelaron-una-cocina-de-cocaina-en-una-casa-de-villa-itati","status":"publish","type":"post","link":"https:\/\/www.24baires.com\/?p=6539","title":{"rendered":"Desmantelaron una &#8216;cocina&#8217; de coca\u00edna en una casa de Villa Itat\u00ed"},"content":{"rendered":"<p><strong>QUILMES &#8211;<\/strong> El operativo fue realizado por la Superintedencia de Drogas Il\u00edcitas de la Polic\u00eda bonaerense. Secuestraron prensa, moldes y precursores qu\u00edmicos, entre otros elementos para el fraccionamiento de la droga. Hay tres detenidos.<!--more--><\/p>\n<p>Un laboratorio clandestino de drogas que funcionaba en Villa Itat\u00ed, partido de Quilmes, fue desmantelado en un operativo realizado por la Polic\u00eda bonaerense que detuvo a tres personas de nacionalidad paraguaya.<\/p>\n<p>Fuentes policiales informaron \u00a0que la investigaci\u00f3n fue realizada por la Superintedencia de Drogas Il\u00edcitas, en cuya sede el ministro de Justicia y Seguridad bonaerense, Ricardo Casal, asegur\u00f3 que la pesquisa se inici\u00f3 \u201cante la posible existencia de una banda de narcotraficantes paraguayos que estaba operando en una cocina, para la fabricaci\u00f3n y estiramiento de coca\u00edna\u201d.<\/p>\n<p>En ese contexto Casal remarc\u00f3 que el narcotr\u00e1fico \u201ces lo que m\u00e1s nos preocupa y ocupa\u201d y que \u201cen esta provincia estamos todos contra la droga: los ciudadanos, el gobierno y el poder judicial para erradicar esto y el consumo de estupefacientes que tanto da\u00f1o le hace a los ciudadanos\u201d.<\/p>\n<p>El titular de la cartera de Seguridad bonaerense dijo tambi\u00e9n que \u201clas drogas y las armas est\u00e1n \u00edntimamente relacionadas\u201d, y puso como ejemplo que en el allanamiento a la vivienda de Quilmes se secuestraron dos rev\u00f3lveres y proyectiles de fusil FAL y escopeta \u201cque son usadas para atacar y cometer m\u00e1s delitos\u201d.<\/p>\n<p>Seg\u00fan las fuentes, durante los dos allanamientos realizados en dos domicilios ubicados en calles Pilcomayo y La Pampa, y en Ayacucho al 50, detuvieron a tres ciudadanos paraguayos de 32, 33 y 38 a\u00f1os.<\/p>\n<p>En poder de los mismos se incautaron m\u00e1s de cinco kilos de coca\u00edna, un kilo de marihuana, precursores qu\u00edmicos y sustancias de corte, dos rev\u00f3lveres calibre 38, proyectiles, 6.300 pesos y seis celulares.<\/p>\n<p>Adem\u00e1s, los uniformados secuestraron una prensa hidr\u00e1ulica, moldes cil\u00edndricos para la elaboraci\u00f3n de tizas, estufas el\u00e9ctricas, y elementos utilizados en el procesamiento (bateas, licuadoras, tamizadores, etc.) con restos de\u00a0coca\u00edna.<\/p>\n<p>Interviene la UFI 6 Tem\u00e1tica de Estupefacientes del Departamento Judicial Quilmes, a cargo del Dr. Pablo Leguizam\u00f3n y el Juzgado de Garant\u00edas 2 del Dr. Nolfi.<\/p>\n","protected":false},"excerpt":{"rendered":"<p>QUILMES &#8211; El operativo fue realizado por la Superintedencia de Drogas Il\u00edcitas de la Polic\u00eda bonaerense. Secuestraron prensa, moldes y precursores qu\u00edmicos, entre otros elementos para el fraccionamiento de la droga. Hay tres detenidos.<\/p>\n","protected":false},"author":11,"featured_media":0,"comment_status":"open","ping_status":"open","sticky":false,"template":"","format":"standard","meta":{"_jetpack_newsletter_access":"","_jetpack_dont_email_post_to_subs":false,"_jetpack_newsletter_tier_id":0,"_jetpack_memberships_contains_paywalled_content":false,"_jetpack_memberships_contains_paid_content":false,"footnotes":""},"categories":[49],"tags":[],"class_list":["post-6539","post","type-post","status-publish","format-standard","hentry","category-policiales"],"jetpack_featured_media_url":"","jetpack_shortlink":"https:\/\/wp.me\/p2JWE0-1Ht","jetpack-related-posts":[{"id":82379,"url":"https:\/\/www.24baires.com\/?p=82379","url_meta":{"origin":6539,"position":0},"title":"Quilmes: atrapan al Z\u00e9 Peque\u00f1o de Villa Itat\u00ed, un peligroso narco","author":"AF","date":"06\/05\/2016","format":false,"excerpt":"Se trata del l\u00edder narco donde desde hace tiempo diferentes bandas delictivas se disputan el lugar. Gracias a un operativo, la organizaci\u00f3n criminal fue desbaratada: encontraron 4 kilos de coca\u00edna y m\u00e1s de 2500 dosis de paco. Cerca de las 9 de la noche cay\u00f3 uno de los l\u00edderes narcos\u2026","rel":"","context":"En \u00abPoliciales\u00bb","block_context":{"text":"Policiales","link":"https:\/\/www.24baires.com\/?cat=49"},"img":{"alt_text":"secuestro","src":"https:\/\/i0.wp.com\/www.24baires.com\/wp-content\/uploads\/2016\/05\/secuestro.jpg?resize=350%2C200","width":350,"height":200,"srcset":"https:\/\/i0.wp.com\/www.24baires.com\/wp-content\/uploads\/2016\/05\/secuestro.jpg?resize=350%2C200 1x, https:\/\/i0.wp.com\/www.24baires.com\/wp-content\/uploads\/2016\/05\/secuestro.jpg?resize=525%2C300 1.5x"},"classes":[]},{"id":37667,"url":"https:\/\/www.24baires.com\/?p=37667","url_meta":{"origin":6539,"position":1},"title":"Incautaron 600 kilos de coca\u00edna en el oeste del Conurbano","author":"Grupo Sierra","date":"30\/12\/2013","format":false,"excerpt":"Gran parte de la droga era transportada en una combi. El curioso origen del nombre del operativo: Leones Blancos. Un total de 600 kilos de coca\u00edna fue secuestrado durante un operativo realizado en la zona norte y oeste del conurbano, en el que fueron detenidos seis integrantes de una banda\u2026","rel":"","context":"En \u00abLocales\u00bb","block_context":{"text":"Locales","link":"https:\/\/www.24baires.com\/?cat=38"},"img":{"alt_text":"coca\u00edna","src":"https:\/\/i0.wp.com\/www.24baires.com\/wp-content\/uploads\/2013\/12\/coca%C3%ADna-300x150.jpg?resize=350%2C200","width":350,"height":200},"classes":[]},{"id":57570,"url":"https:\/\/www.24baires.com\/?p=57570","url_meta":{"origin":6539,"position":2},"title":"Desbaratan banda que vend\u00eda coca\u00edna en el sur del Conurbano","author":"AF","date":"23\/11\/2014","format":false,"excerpt":"Tres hombres fueron detenidos en las \u00faltimas horas por la Polic\u00eda de la Provincia de Buenos Aires, luego de determinar que pertenec\u00edan a una organizaci\u00f3n que distribu\u00eda y almacenaba coca\u00edna en ladrillos, en la zona sur del gran Buenos Aires. Fue a ra\u00edz de una investigaci\u00f3n realizada por la Superintendencia\u2026","rel":"","context":"En \u00abLocales\u00bb","block_context":{"text":"Locales","link":"https:\/\/www.24baires.com\/?cat=38"},"img":{"alt_text":"guerra drogas","src":"https:\/\/i0.wp.com\/www.24baires.com\/wp-content\/uploads\/2014\/06\/guerra-drogas.jpg?resize=350%2C200","width":350,"height":200},"classes":[]},{"id":37151,"url":"https:\/\/www.24baires.com\/?p=37151","url_meta":{"origin":6539,"position":3},"title":"La \u00ababuela narco\u00bb fue detenida en Quilmes con 2 mil dosis de paco","author":"GB","date":"19\/12\/2013","format":false,"excerpt":"La anciana de 82 a\u00f1os fue detenida junto a otras tres personas. Est\u00e1n acusadas de ser parte de una organizaci\u00f3n que produc\u00eda y comercializaba droga. Las detenciones fueron llevadas a cabo tras m\u00faltiples allanamientos realizados en la villa Los Eucaliptos. La octagenaria era conocida como \"La vieja Ulla\" o \"Abuela\u2026","rel":"","context":"En \u00abPoliciales\u00bb","block_context":{"text":"Policiales","link":"https:\/\/www.24baires.com\/?cat=49"},"img":{"alt_text":"poli","src":"https:\/\/i0.wp.com\/www.24baires.com\/wp-content\/uploads\/2013\/09\/poli-300x225.jpg?resize=350%2C200","width":350,"height":200},"classes":[]},{"id":107563,"url":"https:\/\/www.24baires.com\/?p=107563","url_meta":{"origin":6539,"position":4},"title":"Grave: tres de cada 100 polic\u00edas trabajan bajo efecto de drogas","author":"GB","date":"08\/04\/2019","format":false,"excerpt":"Un estudio toxicol\u00f3gico sorpresivo realizado a integrantes de la Polic\u00eda Bonaerense que estaban de guardia dio como resultado que de 723 casos analizados, 22 hab\u00edan consumido drogas, es decir, un 3%, informaron fuentes oficiales. Los an\u00e1lisis se realizaron en catorce dependencias de la Plata, Avellaneda, Quilmes y La Plata, y\u2026","rel":"","context":"En \u00abProvincia\u00bb","block_context":{"text":"Provincia","link":"https:\/\/www.24baires.com\/?cat=40"},"img":{"alt_text":"","src":"https:\/\/i0.wp.com\/www.24baires.com\/wp-content\/uploads\/2017\/05\/vidal-polic%C3%ADa.jpg?resize=350%2C200","width":350,"height":200,"srcset":"https:\/\/i0.wp.com\/www.24baires.com\/wp-content\/uploads\/2017\/05\/vidal-polic%C3%ADa.jpg?resize=350%2C200 1x, https:\/\/i0.wp.com\/www.24baires.com\/wp-content\/uploads\/2017\/05\/vidal-polic%C3%ADa.jpg?resize=525%2C300 1.5x"},"classes":[]},{"id":103940,"url":"https:\/\/www.24baires.com\/?p=103940","url_meta":{"origin":6539,"position":5},"title":"Vidal anunci\u00f3 que aumentar\u00e1 la presencia policial en las calles","author":"AF","date":"16\/08\/2018","format":false,"excerpt":"La gobernadora Mar\u00eda Eugenia Vidal anunci\u00f3 hoy en La Matanza una nueva reforma en la Polic\u00eda Bonaerense, que incluye sacar m\u00e1s efectivos a la calle, formularios online en comisar\u00edas para evitar el \"cajoneo\" de denuncias y la creaci\u00f3n de un mapa de delito para combatir las denominadas \"zonas liberadas\". \"Sabemos\u2026","rel":"","context":"En \u00abSociedad\u00bb","block_context":{"text":"Sociedad","link":"https:\/\/www.24baires.com\/?cat=1"},"img":{"alt_text":"","src":"https:\/\/i0.wp.com\/www.24baires.com\/wp-content\/uploads\/2018\/03\/vidal-1.jpg?resize=350%2C200","width":350,"height":200,"srcset":"https:\/\/i0.wp.com\/www.24baires.com\/wp-content\/uploads\/2018\/03\/vidal-1.jpg?resize=350%2C200 1x, https:\/\/i0.wp.com\/www.24baires.com\/wp-content\/uploads\/2018\/03\/vidal-1.jpg?resize=525%2C300 1.5x"},"classes":[]}],"jetpack_sharing_enabled":true,"jetpack_likes_enabled":true,"_links":{"self":[{"href":"https:\/\/www.24baires.com\/index.php?rest_route=\/wp\/v2\/posts\/6539","targetHints":{"allow":["GET"]}}],"collection":[{"href":"https:\/\/www.24baires.com\/index.php?rest_route=\/wp\/v2\/posts"}],"about":[{"href":"https:\/\/www.24baires.com\/index.php?rest_route=\/wp\/v2\/types\/post"}],"author":[{"embeddable":true,"href":"https:\/\/www.24baires.com\/index.php?rest_route=\/wp\/v2\/users\/11"}],"replies":[{"embeddable":true,"href":"https:\/\/www.24baires.com\/index.php?rest_route=%2Fwp%2Fv2%2Fcomments&post=6539"}],"version-history":[{"count":1,"href":"https:\/\/www.24baires.com\/index.php?rest_route=\/wp\/v2\/posts\/6539\/revisions"}],"predecessor-version":[{"id":6540,"href":"https:\/\/www.24baires.com\/index.php?rest_route=\/wp\/v2\/posts\/6539\/revisions\/6540"}],"wp:attachment":[{"href":"https:\/\/www.24baires.com\/index.php?rest_route=%2Fwp%2Fv2%2Fmedia&parent=6539"}],"wp:term":[{"taxonomy":"category","embeddable":true,"href":"https:\/\/www.24baires.com\/index.php?rest_route=%2Fwp%2Fv2%2Fcategories&post=6539"},{"taxonomy":"post_tag","embeddable":true,"href":"https:\/\/www.24baires.com\/index.php?rest_route=%2Fwp%2Fv2%2Ftags&post=6539"}],"curies":[{"name":"wp","href":"https:\/\/api.w.org\/{rel}","templated":true}]}}