{"id":6531,"date":"2012-11-23T15:38:57","date_gmt":"2012-11-23T18:38:57","guid":{"rendered":"http:\/\/www.24baires.com\/?p=6531"},"modified":"2012-11-24T14:34:34","modified_gmt":"2012-11-24T17:34:34","slug":"sabbatella-ni-fondos-buitres-ni-medios-buitres","status":"publish","type":"post","link":"https:\/\/www.24baires.com\/?p=6531","title":{"rendered":"Sabbatella: Ni fondos buitres, ni medios buitres"},"content":{"rendered":"<p>El titular de la Afsca, Mart\u00edn Sabbatella, insisti\u00f3 que \u00abhay quienes que quieren sostener su situaci\u00f3n de privilegio y no aceptan la ley de medios\u00bb. Al concluir se\u00f1al\u00f3 \u00abArgentina recuper\u00f3 su soberan\u00eda econ\u00f3mica no someti\u00e9ndose a los fondos buitres y su soberan\u00eda cultural no someti\u00e9ndonos a los medios buitres\u00bb.\u00a0<!--more--><br \/>\n\u00abQuieren construir debates que nada tienen que ver con la ley de medios, la ley de medios no opina de los programas sino de los due\u00f1os de los medios; los programas los elige el pueblo cuando prende o apaga la radio o la televisi\u00f3n\u00bb, se\u00f1al\u00f3 Sabbatella.<\/p>\n<p>EL titular de la Afsca destac\u00f3 el \u00abmomento maravilloso que vive el pa\u00eds y la comunicaci\u00f3n audiovisual\u00bb y asegur\u00f3 que la gran participaci\u00f3n en el Encuentro de la Comunicaci\u00f3n \u00abes tambi\u00e9n fruto de la ley de Medios, de la libertad, de la diversidad y de la democracia\u00bb.<\/p>\n<p>Sabbatella destac\u00f3 \u00abla gran cantidad de hombres y mujeres de la cultura que participan de este Encuentro Nacional de la Comunicaci\u00f3n\u00bb y asegur\u00f3 que \u00abahora el desaf\u00edo es aplicar \u00edntegramente la ley de Medios para que no haya posiciones dominantes y que todos est\u00e9n dentro de la ley\u00bb.<\/p>\n<p>Por \u00faltimo Sabbatella fue contundente \u00abDesde el 2003 la\u00a0Argentina recuper\u00f3 su soberan\u00eda econ\u00f3mica no someti\u00e9ndose a los fondos buitres y su soberan\u00eda cultural no someti\u00e9ndonos a los medios buitres\u00bb.<\/p>\n<p>Fue en el II Encuentro de Comunicaci\u00f3n Audiovisual que se realiza en Mar del Plata.<\/p>\n","protected":false},"excerpt":{"rendered":"<p>El titular de la Afsca, Mart\u00edn Sabbatella, insisti\u00f3 que \u00abhay quienes que quieren sostener su situaci\u00f3n de privilegio y no aceptan la ley de medios\u00bb. Al concluir se\u00f1al\u00f3 \u00abArgentina recuper\u00f3 su soberan\u00eda econ\u00f3mica no someti\u00e9ndose a los fondos buitres y su soberan\u00eda cultural no someti\u00e9ndonos a los medios buitres\u00bb.\u00a0<\/p>\n","protected":false},"author":11,"featured_media":0,"comment_status":"open","ping_status":"open","sticky":false,"template":"","format":"standard","meta":{"_jetpack_newsletter_access":"","_jetpack_dont_email_post_to_subs":false,"_jetpack_newsletter_tier_id":0,"_jetpack_memberships_contains_paywalled_content":false,"_jetpack_memberships_contains_paid_content":false,"footnotes":""},"categories":[54],"tags":[],"class_list":["post-6531","post","type-post","status-publish","format-standard","hentry","category-medios"],"jetpack_featured_media_url":"","jetpack_shortlink":"https:\/\/wp.me\/p2JWE0-1Hl","jetpack-related-posts":[{"id":72225,"url":"https:\/\/www.24baires.com\/?p=72225","url_meta":{"origin":6531,"position":0},"title":"Compra de Nextel: \u201cMagnetto se quiere asociar a los buitres que litigan contra Argentina\u201d","author":"GB","date":"16\/09\/2015","format":false,"excerpt":"El presidente de la AFSCA asegur\u00f3, adem\u00e1s, que \u201cla compra de Nextel por parte de Clar\u00edn no es legal\". \u201cEl Estado no puede permitir que se ampl\u00ede una empresa que, por ley, debe reducirse\u201d, explic\u00f3. El presidente de la Autoridad Federal de Servicios de Comunicaci\u00f3n Audiovisual (AFSCA), Mart\u00edn Sabbatella, asegur\u00f3\u2026","rel":"","context":"En \u00abMedios\u00bb","block_context":{"text":"Medios","link":"https:\/\/www.24baires.com\/?cat=54"},"img":{"alt_text":"sabbatella post fallo","src":"https:\/\/i0.wp.com\/www.24baires.com\/wp-content\/uploads\/2012\/12\/sabbatella-post-fallo.jpg?resize=350%2C200","width":350,"height":200,"srcset":"https:\/\/i0.wp.com\/www.24baires.com\/wp-content\/uploads\/2012\/12\/sabbatella-post-fallo.jpg?resize=350%2C200 1x, https:\/\/i0.wp.com\/www.24baires.com\/wp-content\/uploads\/2012\/12\/sabbatella-post-fallo.jpg?resize=525%2C300 1.5x"},"classes":[]},{"id":9149,"url":"https:\/\/www.24baires.com\/?p=9149","url_meta":{"origin":6531,"position":1},"title":"Sabbatella Feliz: \u00abEstamos muy contentos, se hizo justicia\u00bb","author":"Grupo Sierra","date":"14\/12\/2012","format":false,"excerpt":"El titular de la Autoridad Federal de Servicios de Comunicaci\u00f3n Audiovisual (AFSCA) se\u00f1al\u00f3 que \u201cse termin\u00f3 la medida cautelar\u201d y \u201cse aplicar\u00e1 la ley de Servicios de Comunicaci\u00f3n Audiovisual de manera integral\u201d. \u00a0La sonrisa no le entraba en la cara al Jefe del AFSCA.\u00a0 \u00a0 El titular de la Autoridad\u2026","rel":"","context":"En \u00abMedios\u00bb","block_context":{"text":"Medios","link":"https:\/\/www.24baires.com\/?cat=54"},"img":{"alt_text":"sabbatella rie","src":"https:\/\/i0.wp.com\/www.24baires.com\/wp-content\/uploads\/2012\/12\/sabbatella-rie-300x200.jpg?resize=350%2C200","width":350,"height":200},"classes":[]},{"id":37222,"url":"https:\/\/www.24baires.com\/?p=37222","url_meta":{"origin":6531,"position":2},"title":"Sabbatella dijo sobre Clar\u00edn: \u00abno se puede cumplir con un pedacito de la ley\u00bb","author":"GB","date":"20\/12\/2013","format":false,"excerpt":"El titular de la Autoridad Federal de Servicios de Comunicaci\u00f3n Audiovisual (AFSCA), Mart\u00edn Sabbatella, dijo hoy que \u201cno se puede presentar un plan de adecuaci\u00f3n mostrando voluntad de cumplir la ley cuando no lo est\u00e1n haciendo en otros aspectos de esa misma norma\u201d, y grafic\u00f3 que \u201cno se puede cumplir\u2026","rel":"","context":"En \u00abMedios\u00bb","block_context":{"text":"Medios","link":"https:\/\/www.24baires.com\/?cat=54"},"img":{"alt_text":"sabbatella post fallo","src":"https:\/\/i0.wp.com\/www.24baires.com\/wp-content\/uploads\/2012\/12\/sabbatella-post-fallo-300x200.jpg?resize=350%2C200","width":350,"height":200},"classes":[]},{"id":38880,"url":"https:\/\/www.24baires.com\/?p=38880","url_meta":{"origin":6531,"position":3},"title":"Sabbatella: \u00abClar\u00edn empez\u00f3 a entender que la Argentina tiene reglas y debe cumplirlas\u00bb","author":"GB","date":"20\/01\/2014","format":false,"excerpt":"El titular de la Afsca, Mart\u00edn Sabbatella, afirm\u00f3 que \"si Clar\u00edn realmente quiere estar adentro de la ley (de Servicios de Comunicaci\u00f3n Audiovisual) tiene que adecuar la grilla de su sistema de cable\". \"Sin cumplimiento de la grilla no hay plan de adecuaci\u00f3n posible. Somos muy claros en ese tema.\u2026","rel":"","context":"En \u00abMedios\u00bb","block_context":{"text":"Medios","link":"https:\/\/www.24baires.com\/?cat=54"},"img":{"alt_text":"sabbatella post fallo","src":"https:\/\/i0.wp.com\/www.24baires.com\/wp-content\/uploads\/2012\/12\/sabbatella-post-fallo-300x200.jpg?resize=350%2C200","width":350,"height":200},"classes":[]},{"id":783,"url":"https:\/\/www.24baires.com\/?p=783","url_meta":{"origin":6531,"position":4},"title":"\u00abTodos sin ninguna excepci\u00f3n tienen que cumplir la Ley\u00bb de medios","author":"Grupo Sierra","date":"01\/10\/2012","format":false,"excerpt":"El flamante titular de la Autoridad Federal de Servicios de Comunicaci\u00f3n Audiovisual (AFSCA), Mart\u00edn Sabbatella, asegur\u00f3 que \"todos, sin excepci\u00f3n, tendr\u00e1n que cumplir la ley\" de medios. Sabbatella afirm\u00f3 hoy que el 7 de diciembre pr\u00f3ximo \"vence el plazo para que se ponga en marcha el proceso de adecuaci\u00f3n a\u2026","rel":"","context":"En \u00abMedios\u00bb","block_context":{"text":"Medios","link":"https:\/\/www.24baires.com\/?cat=54"},"img":{"alt_text":"","src":"","width":0,"height":0},"classes":[]},{"id":76858,"url":"https:\/\/www.24baires.com\/?p=76858","url_meta":{"origin":6531,"position":5},"title":"Desalojan la AFSCA y Sabbatella asegur\u00f3 que \u00abimplica la suspensi\u00f3n de la Ley de Medios\u00bb","author":"Grupo Sierra","date":"24\/12\/2015","format":false,"excerpt":"Fue dispuesto por el juez Juli\u00e1n Ercolini y lo encabezan efectivos de la Polic\u00eda Federal. Su titular, Mart\u00edn Sabbatella, asegur\u00f3 que cumplir\u00e1 la orden judicial que dispone el desalojo del organismo. Efectivos de la Polic\u00eda Federal iniciaron este jueves por la tarde el allanamiento dispuesto por el juez Juli\u00e1n Ercolini\u2026","rel":"","context":"En \u00abMedios\u00bb","block_context":{"text":"Medios","link":"https:\/\/www.24baires.com\/?cat=54"},"img":{"alt_text":"sabbatella","src":"https:\/\/i0.wp.com\/www.24baires.com\/wp-content\/uploads\/2013\/10\/sabbatella.jpg?resize=350%2C200","width":350,"height":200,"srcset":"https:\/\/i0.wp.com\/www.24baires.com\/wp-content\/uploads\/2013\/10\/sabbatella.jpg?resize=350%2C200 1x, https:\/\/i0.wp.com\/www.24baires.com\/wp-content\/uploads\/2013\/10\/sabbatella.jpg?resize=525%2C300 1.5x"},"classes":[]}],"jetpack_sharing_enabled":true,"jetpack_likes_enabled":true,"_links":{"self":[{"href":"https:\/\/www.24baires.com\/index.php?rest_route=\/wp\/v2\/posts\/6531","targetHints":{"allow":["GET"]}}],"collection":[{"href":"https:\/\/www.24baires.com\/index.php?rest_route=\/wp\/v2\/posts"}],"about":[{"href":"https:\/\/www.24baires.com\/index.php?rest_route=\/wp\/v2\/types\/post"}],"author":[{"embeddable":true,"href":"https:\/\/www.24baires.com\/index.php?rest_route=\/wp\/v2\/users\/11"}],"replies":[{"embeddable":true,"href":"https:\/\/www.24baires.com\/index.php?rest_route=%2Fwp%2Fv2%2Fcomments&post=6531"}],"version-history":[{"count":2,"href":"https:\/\/www.24baires.com\/index.php?rest_route=\/wp\/v2\/posts\/6531\/revisions"}],"predecessor-version":[{"id":6636,"href":"https:\/\/www.24baires.com\/index.php?rest_route=\/wp\/v2\/posts\/6531\/revisions\/6636"}],"wp:attachment":[{"href":"https:\/\/www.24baires.com\/index.php?rest_route=%2Fwp%2Fv2%2Fmedia&parent=6531"}],"wp:term":[{"taxonomy":"category","embeddable":true,"href":"https:\/\/www.24baires.com\/index.php?rest_route=%2Fwp%2Fv2%2Fcategories&post=6531"},{"taxonomy":"post_tag","embeddable":true,"href":"https:\/\/www.24baires.com\/index.php?rest_route=%2Fwp%2Fv2%2Ftags&post=6531"}],"curies":[{"name":"wp","href":"https:\/\/api.w.org\/{rel}","templated":true}]}}