{"id":6526,"date":"2012-11-23T15:39:39","date_gmt":"2012-11-23T18:39:39","guid":{"rendered":"http:\/\/www.24baires.com\/?p=6526"},"modified":"2012-11-24T14:34:24","modified_gmt":"2012-11-24T17:34:24","slug":"cristina-abriendo-el-eca-la-cultura-solo-florece-en-un-clima-de-libertad-y-de-inclusion-social","status":"publish","type":"post","link":"https:\/\/www.24baires.com\/?p=6526","title":{"rendered":"Cristina en el ECA: \u00abLa cultura s\u00f3lo florece en un clima de libertad y de inclusi\u00f3n social\u00bb"},"content":{"rendered":"<p><img data-recalc-dims=\"1\" loading=\"lazy\" decoding=\"async\" class=\"aligncenter size-full wp-image-6527\" title=\"fern\u00e1ndez ECA\" src=\"https:\/\/i0.wp.com\/www.24baires.com\/wp-content\/uploads\/2012\/11\/fern%C3%A1ndez-ECA.jpg?resize=560%2C368\" alt=\"\" width=\"560\" height=\"368\" srcset=\"https:\/\/i0.wp.com\/www.24baires.com\/wp-content\/uploads\/2012\/11\/fern%C3%A1ndez-ECA.jpg?w=560&amp;ssl=1 560w, https:\/\/i0.wp.com\/www.24baires.com\/wp-content\/uploads\/2012\/11\/fern%C3%A1ndez-ECA.jpg?resize=300%2C197&amp;ssl=1 300w\" sizes=\"auto, (max-width: 560px) 100vw, 560px\" \/><strong>MAR DEL PLATA &#8211;<\/strong> La presidenta Cristina Fern\u00e1ndez de Kirchner encabez\u00f3 en el Hotel Provincial la ceremonia de apertura del II Encuentro de Comunicaci\u00f3n Audiovisual (ECA).<!--more--><br \/>\nAdem\u00e1s, la Presidenta indic\u00f3 que \u00abeste extraordinario momento de la comunicaci\u00f3n audiovisual se produce por el clima de libertad e inclusi\u00f3n social que vive la Argentina\u00bb y asegur\u00f3 que \u00abtuvimos la valent\u00eda de generar los instrumentos para que ese clima, no sea s\u00f3lo discurso\u00bb.<br \/>\nAs\u00ed lo afirm\u00f3 esta tarde en el Hotel Provincial de Mar del Plata, donde la mandataria encabez\u00f3 la ceremonia de apertura del II Encuentro Nacional de Comunicaci\u00f3n Audiovisual, del que participan funcionarios, gobernadores y personalidades de la cultura, que se realiza en el marco del 27\u00ba Festival Internacional de Cine de Mar del Plata.<br \/>\nEn ese marco, la Presidenta remarc\u00f3 el \u00abextraordinario clima de libertad e inclusi\u00f3n social que hoy vive Argentina\u00bb y se\u00f1al\u00f3 que \u00abla cultura no s\u00f3lo florece y crece en un clima de libertad, sino tambi\u00e9n en la inclusi\u00f3n social con pueblos que hacen de ella una pol\u00edtica de Estado\u00bb.<br \/>\nTras recordar que \u00abse llam\u00f3 edad de oro del cine al tiempo en que el peronismo gobern\u00f3 el pa\u00eds\u00bb, Cristina dijo que \u00ablos artistas no son marcianos que producen independientemente del contexto que los rodea, sino que reflejan el contexto, cuando pueden hacerlo sin censura y en libertad\u00bb.<br \/>\nLa mandataria habl\u00f3 ante un auditorio compuesto por varios artistas como Isabel `Coca` Sarli -de quien record\u00f3 que fue censurada-, Dar\u00edo Grandinetti, Alejandra Dar\u00edn, Pepe Soriano, Hugo Arana, Gerardo Romano, Andrea del Boca y Boy Olmi, entre otros; as\u00ed como la hija y la esposa de Leonardo Favio, a quien se homenaje\u00f3 en el inicio del acto.<br \/>\nDurante su discurso, destac\u00f3 asimismo que \u00abunos pocos tuvimos la valent\u00eda de generar instrumentos para que ese poder hablara y esa libertad, no sea s\u00f3lo un discurso sino una realidad\u00bb e indic\u00f3 -en ese sentido- que desde el 2003 \u00abhemos generado los instrumentos\u00bb para ello.<br \/>\nEntre ellos, destac\u00f3 la sanci\u00f3n de la ley de Servicios de Comunicaci\u00f3n Audiovisual, una iniciativa de \u00abconstrucci\u00f3n colectiva\u00bb; generada por organizaciones, sindicatos, universidades y artistas, frente a los cuales el Estado \u00abpuso el hombro para llevar adelante sus sue\u00f1os\u00bb.<br \/>\nEn su mensaje para la apertura del encuentro, la mandataria hizo menci\u00f3n de su condici\u00f3n de \u00abcin\u00e9fila\u00bb para recomendar y comentar varias pel\u00edculas recientes como \u00abInfancia Clandestina\u00bb, y otras como \u00abJuan y Eva\u00bb de Paula de Luque; y la filmograf\u00eda completa de Favio, a quien calific\u00f3 como \u00abtal vez el mejor director de cine\u00bb que haya tenido el pa\u00eds.<br \/>\nTambi\u00e9n record\u00f3 en su discurso al ex presidente N\u00e9stor Kirchner, ante la presencia en el auditorio de Facundo Nolasco, un joven artista oriundo de Jujuy, a quien el fallecido ex mandatario le regal\u00f3 un viol\u00edn del pianista Miguel Angel Estrella para que pudiera desarrollar su arte.<br \/>\n\u00abSer\u00eda tuerto pero miraba mucho mejor que otros que tienen dos ojos y hasta lentes de contacto. El ve\u00eda y lo que no ve\u00eda, lo intu\u00eda con esa inteligencia emocional que Dios le dio\u00bb, dijo emocionada.<br \/>\nAsever\u00f3 adem\u00e1s que Kirchner \u00abvino a levantar a los que estaban humillados, sumergidos, ya fuera con un viol\u00edn, con una casa, una ruta, un trabajo, con la recuperaci\u00f3n de Aerol\u00edneas y hubiera estado junto a nosotros para recuperar YPF\u00bb y agreg\u00f3 que con \u00e9stas medidas \u00abse est\u00e1n cumpliendo los sue\u00f1os de millones de argentinos\u00bb.<br \/>\nAsimismo destac\u00f3 la media sanci\u00f3n que ya recibi\u00f3 en el Congreso la ley para que la actividad cinematogr\u00e1fica sea declarada industria nacional, de la que destac\u00f3 su \u00abcalidad reconocida internacionalmente\u00bb, como lo demostraron recientemente los premios EMY entregados a Dar\u00edo Grandinetti y Cristina Benegas por su trabajo en Televisi\u00f3n por la Inclusi\u00f3n, financiado y promovido por el gobierno nacional.<br \/>\nDurante el acto, tambi\u00e9n se entregaron 100 nuevas licencias de AM, FM y TV abierta; y se anunci\u00f3 la digitalizaci\u00f3n de 150 salas de cines en todo el pa\u00eds para que \u00abla calidad pueda llegar a todos y cada uno de los rincones de la Rep\u00fablica\u00bb, destac\u00f3 la Presidenta.<br \/>\nDel encuentro participaron el vicepresidente Amado Boudou; el jefe de Gabinete, Juan Manuel Abal Medina; el director de la AFSCA, Mart\u00edn Sabbatella; y los gobernadores Daniel Scioli, Jos\u00e9 Luis Gioja, Jos\u00e9 Alperovich, Fabiana R\u00edos, Sergio Urribarri, Maurice Closs, Gildo Insfr\u00e1n, Eduardo Fellner, Gerardo Zamora y Luc\u00eda Corpacci, entre otros, quienes recibieron la llave de las salas m\u00f3viles que llevar\u00e1n a sus provincias para la proyecci\u00f3n de pel\u00edculas nacionales.<\/p>\n","protected":false},"excerpt":{"rendered":"<p>MAR DEL PLATA &#8211; La presidenta Cristina Fern\u00e1ndez de Kirchner encabez\u00f3 en el Hotel Provincial la ceremonia de apertura del II Encuentro de Comunicaci\u00f3n Audiovisual (ECA).<\/p>\n","protected":false},"author":4,"featured_media":0,"comment_status":"open","ping_status":"open","sticky":false,"template":"","format":"standard","meta":{"_jetpack_newsletter_access":"","_jetpack_dont_email_post_to_subs":false,"_jetpack_newsletter_tier_id":0,"_jetpack_memberships_contains_paywalled_content":false,"_jetpack_memberships_contains_paid_content":false,"footnotes":""},"categories":[1],"tags":[],"class_list":["post-6526","post","type-post","status-publish","format-standard","hentry","category-sociedad"],"jetpack_featured_media_url":"","jetpack_shortlink":"https:\/\/wp.me\/p2JWE0-1Hg","jetpack-related-posts":[{"id":35504,"url":"https:\/\/www.24baires.com\/?p=35504","url_meta":{"origin":6526,"position":0},"title":"Comienza en Mar del Plata el 3\u00ba Encuentro de Comunicaci\u00f3n Audiovisual","author":"AF","date":"21\/11\/2013","format":false,"excerpt":"El ministro de Planificaci\u00f3n Federal, Julio de Vido, encabezar\u00e1 en el Teatro del Hotel Provincial, la apertura del 3\u00ba Encuentro de Comunicaci\u00f3n Audiovisual, que se extender\u00e1 hasta el s\u00e1bado con la participaci\u00f3n de representantes del Estado y de la industria para debatir la circulaci\u00f3n de contenidos. La mesa de apertura\u2026","rel":"","context":"En \u00abMedios\u00bb","block_context":{"text":"Medios","link":"https:\/\/www.24baires.com\/?cat=54"},"img":{"alt_text":"eca","src":"https:\/\/i0.wp.com\/www.24baires.com\/wp-content\/uploads\/2013\/11\/eca.jpg?resize=350%2C200","width":350,"height":200},"classes":[]},{"id":35635,"url":"https:\/\/www.24baires.com\/?p=35635","url_meta":{"origin":6526,"position":1},"title":"Assange realiza una videoconferencia con asistentes al ECA de Mar del Plata","author":"AF","date":"23\/11\/2013","format":false,"excerpt":"El fundador de WikiLeaks, Julian Assange, har\u00e1 hoy a las 12 una videoconferencia con el 3\u00ba Encuentro de Comunicaci\u00f3n Audiovisual, en Mar del Plata, desde la embajada de Ecuador en Londres, donde se encuentra asilado. De esta manera, Assange se comunicar\u00e1 con el periodista Pedro Brieger y cuatro j\u00f3venes, que\u2026","rel":"","context":"En \u00abLocales\u00bb","block_context":{"text":"Locales","link":"https:\/\/www.24baires.com\/?cat=38"},"img":{"alt_text":"assange","src":"https:\/\/i0.wp.com\/www.24baires.com\/wp-content\/uploads\/2013\/11\/assange-300x200.jpg?resize=350%2C200","width":350,"height":200},"classes":[]},{"id":6449,"url":"https:\/\/www.24baires.com\/?p=6449","url_meta":{"origin":6526,"position":2},"title":"Cristina encabeza la apertura del II Encuentro de Comunicaci\u00f3n Audiovisual","author":"Grupo Sierra","date":"22\/11\/2012","format":false,"excerpt":"MAR DEL PLATA - La presidenta Cristina Fern\u00e1ndez de Kirchner encabezar\u00e1 la apertura del Segundo Encuentro de Comunicaci\u00f3n Audiovisual este viernes a las 12 en un acto en el Sal\u00f3n de las Am\u00e9ricas del Hotel Provincial de Mar del Plata. La actividad ser\u00e1 el inicio de dos d\u00edas de debate\u2026","rel":"","context":"En \u00abMedios\u00bb","block_context":{"text":"Medios","link":"https:\/\/www.24baires.com\/?cat=54"},"img":{"alt_text":"","src":"https:\/\/i0.wp.com\/www.24baires.com\/wp-content\/uploads\/2012\/11\/cristina-eca.png?resize=350%2C200","width":350,"height":200,"srcset":"https:\/\/i0.wp.com\/www.24baires.com\/wp-content\/uploads\/2012\/11\/cristina-eca.png?resize=350%2C200 1x, https:\/\/i0.wp.com\/www.24baires.com\/wp-content\/uploads\/2012\/11\/cristina-eca.png?resize=525%2C300 1.5x"},"classes":[]},{"id":6315,"url":"https:\/\/www.24baires.com\/?p=6315","url_meta":{"origin":6526,"position":3},"title":"Foro de Medios en Mar del Plata dentro del marco del Festival de Cine","author":"AF","date":"21\/11\/2012","format":false,"excerpt":"Este jueves 22 se realizar\u00e1 en Mar del Plata un Foro Popular y Abierto por la plena aplicaci\u00f3n de la Ley de Medios, bajo el lema \"El 7D todos dentro de la Ley\".\u00a0 Organizado por ARBIA, IMFC, Red PAR, AraMdP y FecoopTV, el foro se desarrollar\u00e1 en las instalaciones del\u2026","rel":"","context":"En \u00abMedios\u00bb","block_context":{"text":"Medios","link":"https:\/\/www.24baires.com\/?cat=54"},"img":{"alt_text":"","src":"","width":0,"height":0},"classes":[]},{"id":35591,"url":"https:\/\/www.24baires.com\/?p=35591","url_meta":{"origin":6526,"position":4},"title":"Boudou volvi\u00f3 a remarcar el derecho a \u00abno estar sometidos a voces \u00fanicas\u00bb","author":"GB","date":"22\/11\/2013","format":false,"excerpt":"El vicepresidente Amado Boudou subray\u00f3 el derecho de los diversos actores sociales a tener una \"voz que se oiga y no estar sometidos a voces \u00fanicas\", al exponer en el Encuentro de Comunicaci\u00f3n Audiovisual de pa\u00edses de Unasur, en Mar del Plata. \"Somos iguales en nuestra diversidad pero no a\u2026","rel":"","context":"En \u00abMedios\u00bb","block_context":{"text":"Medios","link":"https:\/\/www.24baires.com\/?cat=54"},"img":{"alt_text":"boudou fv","src":"https:\/\/i0.wp.com\/www.24baires.com\/wp-content\/uploads\/2013\/11\/boudou-fv.jpg?resize=350%2C200","width":350,"height":200,"srcset":"https:\/\/i0.wp.com\/www.24baires.com\/wp-content\/uploads\/2013\/11\/boudou-fv.jpg?resize=350%2C200 1x, https:\/\/i0.wp.com\/www.24baires.com\/wp-content\/uploads\/2013\/11\/boudou-fv.jpg?resize=525%2C300 1.5x"},"classes":[]},{"id":35531,"url":"https:\/\/www.24baires.com\/?p=35531","url_meta":{"origin":6526,"position":5},"title":"\u00abCristina est\u00e1 tomando las decisiones que el pa\u00eds necesita\u00bb asegur\u00f3 De Vido","author":"GB","date":"21\/11\/2013","format":false,"excerpt":"MAR DEL PLATA-\u00a0El ministro de Planificaci\u00f3n Federal asegur\u00f3 que la presidenta \"Cristina Fern\u00e1ndez de Kirchner est\u00e1 con mucha fuerza, tomando las decisiones que el pa\u00eds necesita para seguir con este proyecto nacional de inclusi\u00f3n social\". As\u00ed lo expres\u00f3 el ministro al exponer en el Encuentro de Comunicaci\u00f3n Audiovisual organizado por\u2026","rel":"","context":"En \u00abLocales\u00bb","block_context":{"text":"Locales","link":"https:\/\/www.24baires.com\/?cat=38"},"img":{"alt_text":"de vidomar del plata","src":"https:\/\/i0.wp.com\/www.24baires.com\/wp-content\/uploads\/2013\/11\/de-vidomar-del-plata.jpg?resize=350%2C200","width":350,"height":200,"srcset":"https:\/\/i0.wp.com\/www.24baires.com\/wp-content\/uploads\/2013\/11\/de-vidomar-del-plata.jpg?resize=350%2C200 1x, https:\/\/i0.wp.com\/www.24baires.com\/wp-content\/uploads\/2013\/11\/de-vidomar-del-plata.jpg?resize=525%2C300 1.5x"},"classes":[]}],"jetpack_sharing_enabled":true,"jetpack_likes_enabled":true,"_links":{"self":[{"href":"https:\/\/www.24baires.com\/index.php?rest_route=\/wp\/v2\/posts\/6526","targetHints":{"allow":["GET"]}}],"collection":[{"href":"https:\/\/www.24baires.com\/index.php?rest_route=\/wp\/v2\/posts"}],"about":[{"href":"https:\/\/www.24baires.com\/index.php?rest_route=\/wp\/v2\/types\/post"}],"author":[{"embeddable":true,"href":"https:\/\/www.24baires.com\/index.php?rest_route=\/wp\/v2\/users\/4"}],"replies":[{"embeddable":true,"href":"https:\/\/www.24baires.com\/index.php?rest_route=%2Fwp%2Fv2%2Fcomments&post=6526"}],"version-history":[{"count":3,"href":"https:\/\/www.24baires.com\/index.php?rest_route=\/wp\/v2\/posts\/6526\/revisions"}],"predecessor-version":[{"id":6635,"href":"https:\/\/www.24baires.com\/index.php?rest_route=\/wp\/v2\/posts\/6526\/revisions\/6635"}],"wp:attachment":[{"href":"https:\/\/www.24baires.com\/index.php?rest_route=%2Fwp%2Fv2%2Fmedia&parent=6526"}],"wp:term":[{"taxonomy":"category","embeddable":true,"href":"https:\/\/www.24baires.com\/index.php?rest_route=%2Fwp%2Fv2%2Fcategories&post=6526"},{"taxonomy":"post_tag","embeddable":true,"href":"https:\/\/www.24baires.com\/index.php?rest_route=%2Fwp%2Fv2%2Ftags&post=6526"}],"curies":[{"name":"wp","href":"https:\/\/api.w.org\/{rel}","templated":true}]}}