{"id":6522,"date":"2012-11-23T14:38:49","date_gmt":"2012-11-23T17:38:49","guid":{"rendered":"http:\/\/www.24baires.com\/?p=6522"},"modified":"2012-11-23T14:38:49","modified_gmt":"2012-11-23T17:38:49","slug":"casi-la-mitad-de-las-mujeres-victimas-de-violencia-de-genero-convive-con-su-agresor","status":"publish","type":"post","link":"https:\/\/www.24baires.com\/?p=6522","title":{"rendered":"Casi la mitad de las mujeres v\u00edctimas de violencia de g\u00e9nero convive con su agresor"},"content":{"rendered":"<p>Seg\u00fan un informe del Ministerio de Salud de la Provincia, el 90 % de los casos de violencia de g\u00e9nero es ejercido contra la mujer y en casi su totalidad el agresor pertenece al c\u00edrculo \u00edntimo de la v\u00edctima, seg\u00fan se estableci\u00f3 a trav\u00e9s estad\u00edsticas difundidas en el marco de la conmemoraci\u00f3n del D\u00eda de la No Violencia contra la Mujer.<!--more--><\/p>\n<p>Los datos de violencia de g\u00e9nero contra la mujer en la provincia de Buenos Aires indican que en la gran mayor\u00eda de los casos el agresor pertenece al c\u00edrculo \u00edntimo de la v\u00edctima. El 46.5 por ciento de las mujeres convive con su agresor; en el 50,4 por ciento el agresor es la pareja; y en el 27,8 por ciento es un familiar. El resto, que incluye tanto a conocidos como desconocidos de la v\u00edctima, representa s\u00f3lo al 21 por ciento del total.<\/p>\n<p>Las estad\u00edsticas fueron presentadas este viernes por la cartera sanitaria provincial en el marco de la jornada realizada en Tres de Febrero por el D\u00eda Internacional de la No Violencia contra la Mujer, que se conmemora el 25 de noviembre.<\/p>\n<p>\u201cEste es el segundo a\u00f1o que implementamos el Registro de Violencia de G\u00e9nero y Familiar en nuestros hospitales y los datos obtenidos desde enero a octubre de 2012 nos confirman una tendencia ya se\u00f1alada por organizaciones no gubernamentales: en el 80 por ciento de los casos de violencia de g\u00e9nero la v\u00edctima tiene una relaci\u00f3n estrecha con el victimario\u201d, inform\u00f3 el ministro de Salud, Alejandro Collia.<\/p>\n<p>El informe fue realizado por el Programa de Prevenci\u00f3n y Atenci\u00f3n de la Violencia Familiar y de G\u00e9nero, coordinado por Lidia Tundidor, y comprende 587 casos de violencia registrados entre enero y octubre de este a\u00f1o en hospitales de la Provincia. De ese universo, el 90 por ciento de los casos corresponde a mujeres y tienen su pico entre los 15 y 34 a\u00f1os. En total, esa franja et\u00e1rea representa a m\u00e1s del 50 por ciento de las mujeres v\u00edctimas de violencia.<\/p>\n<p>\u201cLas v\u00edctimas viven en lo que se llama el c\u00edrculo de la violencia. B\u00e1sicamente son tres fases que se repiten indefectiblemente, cada vez en forma m\u00e1s frecuente e intensa: la acumulaci\u00f3n de la tensi\u00f3n, violencia psicol\u00f3gica, amenazas; el estallido con situaciones muy graves de violencia f\u00edsica, uso de armas; y la etapa de enamoramiento, donde la mujer perdona\u201d, explic\u00f3 Lidia Tundidor.<\/p>\n<p>Las planillas del ministerio de Salud para registrar los casos de violencia de g\u00e9nero contemplan cuatro tipos de violencia: la f\u00edsica con un pico de un 30 por ciento entre los 15 y los 24 a\u00f1os; la psicol\u00f3gica, un 29 por ciento durante los mismos a\u00f1os; la sexual, un 19 por ciento; y la econ\u00f3mica, un 38 por ciento entre los 25 a 34 a\u00f1os.<\/p>\n","protected":false},"excerpt":{"rendered":"<p>Seg\u00fan un informe del Ministerio de Salud de la Provincia, el 90 % de los casos de violencia de g\u00e9nero es ejercido contra la mujer y en casi su totalidad el agresor pertenece al c\u00edrculo \u00edntimo de la v\u00edctima, seg\u00fan se estableci\u00f3 a trav\u00e9s estad\u00edsticas difundidas en el marco de la conmemoraci\u00f3n del D\u00eda de la No Violencia contra la [&#8230;]<\/p>\n","protected":false},"author":4,"featured_media":0,"comment_status":"open","ping_status":"open","sticky":false,"template":"","format":"standard","meta":{"_jetpack_newsletter_access":"","_jetpack_dont_email_post_to_subs":false,"_jetpack_newsletter_tier_id":0,"_jetpack_memberships_contains_paywalled_content":false,"_jetpack_memberships_contains_paid_content":false,"footnotes":""},"categories":[1],"tags":[],"class_list":["post-6522","post","type-post","status-publish","format-standard","hentry","category-sociedad"],"jetpack_featured_media_url":"","jetpack_shortlink":"https:\/\/wp.me\/p2JWE0-1Hc","jetpack-related-posts":[{"id":16874,"url":"https:\/\/www.24baires.com\/?p=16874","url_meta":{"origin":6522,"position":0},"title":"El 77% de las mujeres atendidas por violencia de g\u00e9nero fueron agredidas por su pareja","author":"AF","date":"27\/02\/2013","format":false,"excerpt":"Entre 2011 y 2012 se atendieron 895 casos de violencias en hospitales y centros de salud de la provincia de Buenos Aires: el 81,5 por ciento fueron mujeres. La franja m\u00e1s afectada es la que va de los 15 a 39 a\u00f1os y el tipo de violencia m\u00e1s com\u00fan es\u2026","rel":"","context":"En \u00abSociedad\u00bb","block_context":{"text":"Sociedad","link":"https:\/\/www.24baires.com\/?cat=1"},"img":{"alt_text":"","src":"","width":0,"height":0},"classes":[]},{"id":41114,"url":"https:\/\/www.24baires.com\/?p=41114","url_meta":{"origin":6522,"position":1},"title":"Datos alarmantes: El 40% de las mujeres golpeadas convive con su agresor","author":"Grupo Sierra","date":"25\/02\/2014","format":false,"excerpt":"La estad\u00edstica es resultado de los registros de los hospitales p\u00fablicos bonaerenses. Piden tomar mayores medidas para la conciencia. De acuerdo a una estad\u00edstica sobre 1.388 casos elaborada por el Programa para la Atenci\u00f3n de la Violencia Familiar y de G\u00e9nero del ministerio de Salud bonaerense, m\u00e1s de la mitad\u2026","rel":"","context":"En \u00abSociedad\u00bb","block_context":{"text":"Sociedad","link":"https:\/\/www.24baires.com\/?cat=1"},"img":{"alt_text":"","src":"","width":0,"height":0},"classes":[]},{"id":66959,"url":"https:\/\/www.24baires.com\/?p=66959","url_meta":{"origin":6522,"position":2},"title":"En la Argentina muere una mujer cada 30 horas por violencia de g\u00e9nero","author":"GB","date":"02\/06\/2015","format":false,"excerpt":"La ONG La Casa del Encuentro inform\u00f3 que en 2014 se registraron 277 muertes de mujeres y ni\u00f1as por femicidios y otras 29 \"vinculadas\" de hombres y ni\u00f1os. Desde 2008 suman 1.808 las mujeres asesinadas por violencia de g\u00e9nero en el pa\u00eds. Unos 277 femicidios de mujeres y ni\u00f1as se\u2026","rel":"","context":"En \u00abSociedad\u00bb","block_context":{"text":"Sociedad","link":"https:\/\/www.24baires.com\/?cat=1"},"img":{"alt_text":"violencia de g\u00e9nero","src":"https:\/\/i0.wp.com\/www.24baires.com\/wp-content\/uploads\/2013\/01\/violencia-de-g%C3%A9nero.jpg?resize=350%2C200","width":350,"height":200},"classes":[]},{"id":108554,"url":"https:\/\/www.24baires.com\/?p=108554","url_meta":{"origin":6522,"position":3},"title":"Se realiz\u00f3 la quinta marcha por #NiUnaMenos","author":"AF","date":"03\/06\/2019","format":false,"excerpt":"Agrupaciones feministas, movimientos sociales, sindicales y partidos pol\u00edticos denunciaron que \u201cel Gobierno no cumpli\u00f3 con la ley\u201d. Con pa\u00f1uelos verdes, violetas y naranjas, manifestantes reclamaron justicia al gobierno de Cambiemos ante la cantidad de femicidios que se llevan a cabo en el pa\u00eds. Se llev\u00f3 a cabo una marcha multitudinaria,\u2026","rel":"","context":"En \u00abSociedad\u00bb","block_context":{"text":"Sociedad","link":"https:\/\/www.24baires.com\/?cat=1"},"img":{"alt_text":"","src":"https:\/\/i0.wp.com\/www.24baires.com\/wp-content\/uploads\/2019\/06\/ni-una-menos.jpg?resize=350%2C200","width":350,"height":200,"srcset":"https:\/\/i0.wp.com\/www.24baires.com\/wp-content\/uploads\/2019\/06\/ni-una-menos.jpg?resize=350%2C200 1x, https:\/\/i0.wp.com\/www.24baires.com\/wp-content\/uploads\/2019\/06\/ni-una-menos.jpg?resize=525%2C300 1.5x"},"classes":[]},{"id":115228,"url":"https:\/\/www.24baires.com\/?p=115228","url_meta":{"origin":6522,"position":4},"title":"Ni una menos: piden que v\u00edctimas y agresores no convivan","author":"AF","date":"03\/06\/2020","format":false,"excerpt":"Se realiza una nueva convocatoria del \"Ni una menos\". Destacan que ninguna mujer debe quedarse dentro de su casa con su agresor en el marco de la pandemia. El colectivo feminista realiza este mi\u00e9rcoles la quinta edici\u00f3n de la convocatoria \"Ni una menos\" para destacar que ninguna mujer debe quedarse\u2026","rel":"","context":"En \u00abSociedad\u00bb","block_context":{"text":"Sociedad","link":"https:\/\/www.24baires.com\/?cat=1"},"img":{"alt_text":"","src":"https:\/\/i0.wp.com\/www.24baires.com\/wp-content\/uploads\/2019\/06\/ni-una-menos.jpg?resize=350%2C200","width":350,"height":200,"srcset":"https:\/\/i0.wp.com\/www.24baires.com\/wp-content\/uploads\/2019\/06\/ni-una-menos.jpg?resize=350%2C200 1x, https:\/\/i0.wp.com\/www.24baires.com\/wp-content\/uploads\/2019\/06\/ni-una-menos.jpg?resize=525%2C300 1.5x"},"classes":[]},{"id":100935,"url":"https:\/\/www.24baires.com\/?p=100935","url_meta":{"origin":6522,"position":5},"title":"Para el INDEC hubo m\u00e1s de 260 mil casos de violencia de g\u00e9nero en los \u00faltimos 14 a\u00f1os","author":"GB","date":"08\/03\/2018","format":false,"excerpt":"El dato surge a partir de un informe elaborado con asistencia de organismos p\u00fablicos de todo el pa\u00eds. La gran mayor\u00eda vivi\u00f3 situaciones de violencia \u201cM\u00e1s de una vez\u201d y a partir de \u201cdistintos tipos\u201d de agresiones. El INDEC public\u00f3 en las \u00faltimas horas, como parte de la agenda instalada\u2026","rel":"","context":"En \u00abPol\u00edtica\u00bb","block_context":{"text":"Pol\u00edtica","link":"https:\/\/www.24baires.com\/?cat=51"},"img":{"alt_text":"","src":"https:\/\/i0.wp.com\/www.24baires.com\/wp-content\/uploads\/2017\/03\/ni-una-menos.jpg?resize=350%2C200","width":350,"height":200,"srcset":"https:\/\/i0.wp.com\/www.24baires.com\/wp-content\/uploads\/2017\/03\/ni-una-menos.jpg?resize=350%2C200 1x, https:\/\/i0.wp.com\/www.24baires.com\/wp-content\/uploads\/2017\/03\/ni-una-menos.jpg?resize=525%2C300 1.5x"},"classes":[]}],"jetpack_sharing_enabled":true,"jetpack_likes_enabled":true,"_links":{"self":[{"href":"https:\/\/www.24baires.com\/index.php?rest_route=\/wp\/v2\/posts\/6522","targetHints":{"allow":["GET"]}}],"collection":[{"href":"https:\/\/www.24baires.com\/index.php?rest_route=\/wp\/v2\/posts"}],"about":[{"href":"https:\/\/www.24baires.com\/index.php?rest_route=\/wp\/v2\/types\/post"}],"author":[{"embeddable":true,"href":"https:\/\/www.24baires.com\/index.php?rest_route=\/wp\/v2\/users\/4"}],"replies":[{"embeddable":true,"href":"https:\/\/www.24baires.com\/index.php?rest_route=%2Fwp%2Fv2%2Fcomments&post=6522"}],"version-history":[{"count":3,"href":"https:\/\/www.24baires.com\/index.php?rest_route=\/wp\/v2\/posts\/6522\/revisions"}],"predecessor-version":[{"id":6525,"href":"https:\/\/www.24baires.com\/index.php?rest_route=\/wp\/v2\/posts\/6522\/revisions\/6525"}],"wp:attachment":[{"href":"https:\/\/www.24baires.com\/index.php?rest_route=%2Fwp%2Fv2%2Fmedia&parent=6522"}],"wp:term":[{"taxonomy":"category","embeddable":true,"href":"https:\/\/www.24baires.com\/index.php?rest_route=%2Fwp%2Fv2%2Fcategories&post=6522"},{"taxonomy":"post_tag","embeddable":true,"href":"https:\/\/www.24baires.com\/index.php?rest_route=%2Fwp%2Fv2%2Ftags&post=6522"}],"curies":[{"name":"wp","href":"https:\/\/api.w.org\/{rel}","templated":true}]}}