{"id":6516,"date":"2012-11-23T14:26:37","date_gmt":"2012-11-23T17:26:37","guid":{"rendered":"http:\/\/www.24baires.com\/?p=6516"},"modified":"2012-11-23T14:32:02","modified_gmt":"2012-11-23T17:32:02","slug":"lorenzetti-y-zaffaroni-presentaran-una-nueva-investigacion-sobre-homicidios-dolosos","status":"publish","type":"post","link":"https:\/\/www.24baires.com\/?p=6516","title":{"rendered":"Lorenzetti y Zaffaroni presentar\u00e1n una nueva investigaci\u00f3n sobre homicidios dolosos"},"content":{"rendered":"<p><img data-recalc-dims=\"1\" loading=\"lazy\" decoding=\"async\" class=\"size-full wp-image-6517 alignleft\" title=\"lorenzetti zaffaroni\" src=\"https:\/\/i0.wp.com\/www.24baires.com\/wp-content\/uploads\/2012\/11\/lorenzetti-zaffaroni.jpg?resize=347%2C145\" alt=\"\" width=\"347\" height=\"145\" srcset=\"https:\/\/i0.wp.com\/www.24baires.com\/wp-content\/uploads\/2012\/11\/lorenzetti-zaffaroni.jpg?w=347&amp;ssl=1 347w, https:\/\/i0.wp.com\/www.24baires.com\/wp-content\/uploads\/2012\/11\/lorenzetti-zaffaroni.jpg?resize=300%2C125&amp;ssl=1 300w\" sizes=\"auto, (max-width: 347px) 100vw, 347px\" \/><\/p>\n<p>Ser\u00e1 el pr\u00f3ximo mi\u00e9rcoles, a las 11, en el Palacio de Justicia. El estudio abarca hechos registrados durante 2011 en la Ciudad de Buenos Aires, La Plata y San Mart\u00edn. Estar\u00e1n presentes los ministros de Justicia, Julio Alak, y de Seguridad, Nilda Garr\u00e9.<!--more--><br \/>\nEl presidente de la Corte Suprema de Justicia de la Naci\u00f3n, Ricardo Lorenzetti, y el ministro Ra\u00fal Zaffaroni presentar\u00e1n el 28 de noviembre pr\u00f3ximo, a las 11, en la Sala Gorostiaga del Palacio de Justicia (Talcahuano 550, cuarto piso), una nueva investigaci\u00f3n exploratoria sobre el n\u00famero y las caracter\u00edsticas de los homicidios dolosos registrados durante 2011 en la Ciudad Aut\u00f3noma de Buenos Aires y en los departamentos judiciales bonaerenses de La Plata y San Mart\u00edn.<br \/>\nEl trabajo fue desarrollado por el Instituto de Investigaciones, que depende de la Direcci\u00f3n General de Biblioteca e Investigaciones, ambos bajo la \u00f3rbita del ministro Zaffaroni.<br \/>\nEn la Ciudad de Buenos Aires permite cruces comparativos de los datos obtenidos el a\u00f1o pasado respecto de los de 2010. Los guarismos de La Plata y San Mart\u00edn s\u00f3lo corresponden a 2011.<br \/>\nLuego de la presentaci\u00f3n oficial de estudio, se podr\u00e1n visualizar los mapas interactivos del trabajo, con la posibilidad de cruzar todas las variables, as\u00ed como observar el informe completo, en www.cij.gov.ar y www.csjn.gov.ar\/dbei\/ii\/ii.html.<br \/>\nLa investigaci\u00f3n se compone de datos judiciales que provienen de los expedientes de cada una de las causas, que fueron visados por personal de la Corte y plasmados en planillas de carga (protocolo de investigaci\u00f3n) para luego ser analizados longitudinariamente como datos cuantitativos.<br \/>\nLos datos analizados primariamente fueron obtenidos de la oficina de Estad\u00edsticas del Poder Judicial de la Naci\u00f3n y de la Secretar\u00eda de Pol\u00edtica Criminal dependiente de la Procuraci\u00f3n General de la Suprema Corte de Justicia de la Provincia de Buenos Aires.<br \/>\nA partir de esas cifras se precis\u00f3 la cantidad y las caracter\u00edsticas de cada uno de los hechos de homicidio voluntario, dejando a un lado los homicidios en grado de tentativa, que tambi\u00e9n forman parte de la estad\u00edstica judicial.<br \/>\nEs preciso destacar que la Corte firm\u00f3, en octubre pasado, un acuerdo con el Ministerio de Seguridad y el Ministerio de Justicia y Derechos Humanos de la Naci\u00f3n para facilitar el intercambio de la informaci\u00f3n sobre hechos delictivos. El objetivo del acuerdo es mejorar el desarrollo conjunto de investigaciones sobre esos casos, tales como el relevamiento de datos y el an\u00e1lisis estad\u00edstico, permitiendo un conocimiento m\u00e1s preciso de la conflictividad violenta en el pa\u00eds y contribuir a la implementaci\u00f3n de pol\u00edticas de estado con fines preventivos.<br \/>\nEl Tribunal puso en marcha, adem\u00e1s, un procedimiento de monitoreo de la violencia que hace eje en la investigaci\u00f3n criminol\u00f3gica de campo mediante el acuerdo complementario suscripto el 15 de noviembre pasado.<\/p>\n","protected":false},"excerpt":{"rendered":"<p>Ser\u00e1 el pr\u00f3ximo mi\u00e9rcoles, a las 11, en el Palacio de Justicia. El estudio abarca hechos registrados durante 2011 en la Ciudad de Buenos Aires, La Plata y San Mart\u00edn. Estar\u00e1n presentes los ministros de Justicia, Julio Alak, y de Seguridad, Nilda Garr\u00e9.<\/p>\n","protected":false},"author":4,"featured_media":0,"comment_status":"open","ping_status":"open","sticky":false,"template":"","format":"standard","meta":{"_jetpack_newsletter_access":"","_jetpack_dont_email_post_to_subs":false,"_jetpack_newsletter_tier_id":0,"_jetpack_memberships_contains_paywalled_content":false,"_jetpack_memberships_contains_paid_content":false,"footnotes":""},"categories":[1],"tags":[],"class_list":["post-6516","post","type-post","status-publish","format-standard","hentry","category-sociedad"],"jetpack_featured_media_url":"","jetpack_shortlink":"https:\/\/wp.me\/p2JWE0-1H6","jetpack-related-posts":[{"id":56734,"url":"https:\/\/www.24baires.com\/?p=56734","url_meta":{"origin":6516,"position":0},"title":"Zaffaroni y Bonicatto presentar\u00e1n un informe sobre los cr\u00edmenes en la Provincia","author":"GB","date":"07\/11\/2014","format":false,"excerpt":"LA PLATA-El ministro de la Corte Suprema de Justicia de la Naci\u00f3n, Ra\u00fal Zaffaroni, y el Defensor del Pueblo bonaerense, Carlos Bonicatto, presentar\u00e1 los resultados de la investigaci\u00f3n \"Violencia y Homicidios Dolosos en la Provincia de Buenos Aires\" en la Universidad de La Plata. El informe sobre \"Violencia y Homicidios\u2026","rel":"","context":"En \u00abSociedad\u00bb","block_context":{"text":"Sociedad","link":"https:\/\/www.24baires.com\/?cat=1"},"img":{"alt_text":"Policia-bonaerense","src":"https:\/\/i0.wp.com\/www.24baires.com\/wp-content\/uploads\/2014\/04\/Policia-bonaerense.jpg?resize=350%2C200","width":350,"height":200,"srcset":"https:\/\/i0.wp.com\/www.24baires.com\/wp-content\/uploads\/2014\/04\/Policia-bonaerense.jpg?resize=350%2C200 1x, https:\/\/i0.wp.com\/www.24baires.com\/wp-content\/uploads\/2014\/04\/Policia-bonaerense.jpg?resize=525%2C300 1.5x"},"classes":[]},{"id":57798,"url":"https:\/\/www.24baires.com\/?p=57798","url_meta":{"origin":6516,"position":1},"title":"Zaffaroni destac\u00f3 la baja en la tasa de homicidios intencionales","author":"GB","date":"27\/11\/2014","format":false,"excerpt":"El ministro de la Corte Suprema de Justicia de la Naci\u00f3n destac\u00f3 las cifras de la Argentina en relaci\u00f3n con otros pa\u00edses del continente. \"Estamos en una situaci\u00f3n privilegiada\u201d, afirm\u00f3. \"Estamos en una situaci\u00f3n privilegiada\u201d dentro de una \u201cregi\u00f3n altamente violenta\u201d, remarc\u00f3 esta tarde Zaffaroni al presentar un informe sobre\u2026","rel":"","context":"En \u00abPol\u00edtica\u00bb","block_context":{"text":"Pol\u00edtica","link":"https:\/\/www.24baires.com\/?cat=51"},"img":{"alt_text":"zaffaroni2","src":"https:\/\/i0.wp.com\/www.24baires.com\/wp-content\/uploads\/2012\/11\/zaffaroni21.jpg?resize=350%2C200","width":350,"height":200,"srcset":"https:\/\/i0.wp.com\/www.24baires.com\/wp-content\/uploads\/2012\/11\/zaffaroni21.jpg?resize=350%2C200 1x, https:\/\/i0.wp.com\/www.24baires.com\/wp-content\/uploads\/2012\/11\/zaffaroni21.jpg?resize=525%2C300 1.5x"},"classes":[]},{"id":9545,"url":"https:\/\/www.24baires.com\/?p=9545","url_meta":{"origin":6516,"position":2},"title":"Zaffaroni habl\u00f3 de \u00abcrisis\u00bb en el Consejo de la Magistratura","author":"Grupo Sierra","date":"17\/12\/2012","format":false,"excerpt":"El juez de la Corte Suprema de Justicia, Eugenio Zaffaroni,\u00a0\u00a0se\u00f1al\u00f3 que \"el Consejo de la Magistratura est\u00e1 trabado principalmente en lo relacionado a la designaci\u00f3n de jueces\", y consider\u00f3 que \u201chay que encontrar un mecanismo que lo destrabe\". Al ser consultado sobre el presente del Poder Judicial, el integrante de\u2026","rel":"","context":"En \u00abPol\u00edtica\u00bb","block_context":{"text":"Pol\u00edtica","link":"https:\/\/www.24baires.com\/?cat=51"},"img":{"alt_text":"","src":"","width":0,"height":0},"classes":[]},{"id":65314,"url":"https:\/\/www.24baires.com\/?p=65314","url_meta":{"origin":6516,"position":3},"title":"Lorenzetti puso en duda asumir un nuevo mandato en la Corte","author":"GB","date":"04\/05\/2015","format":false,"excerpt":"En una reuni\u00f3n mantenida en las \u00faltimas horas, Lorenzetti le comunic\u00f3 a sus colegas, Juan Carlos Maqueda y Elena Highton de Nolasco, su decisi\u00f3n de no continuar a cargo de la presidencia del alto tribunal a partir del 2016. El presidente de la Corte Suprema de Justicia Ricardo Lorenzetti tom\u00f3\u2026","rel":"","context":"En \u00abLocales\u00bb","block_context":{"text":"Locales","link":"https:\/\/www.24baires.com\/?cat=38"},"img":{"alt_text":"lorenzetti-corte-suprema","src":"https:\/\/i0.wp.com\/www.24baires.com\/wp-content\/uploads\/2012\/10\/lorenzetti-corte-suprema.jpg?resize=350%2C200","width":350,"height":200,"srcset":"https:\/\/i0.wp.com\/www.24baires.com\/wp-content\/uploads\/2012\/10\/lorenzetti-corte-suprema.jpg?resize=350%2C200 1x, https:\/\/i0.wp.com\/www.24baires.com\/wp-content\/uploads\/2012\/10\/lorenzetti-corte-suprema.jpg?resize=525%2C300 1.5x"},"classes":[]},{"id":41638,"url":"https:\/\/www.24baires.com\/?p=41638","url_meta":{"origin":6516,"position":4},"title":"Lorenzetti: \u00abHay que reformar el poder judicial\u00bb","author":"Grupo Sierra","date":"06\/03\/2014","format":false,"excerpt":"El presidente de la Corte Suprema lo dijo durante la ceremonia en la que inaugur\u00f3 formalmente el \"a\u00f1o judicial\" y expuso los lineamientos de trabajo para 2014. Ministros del gobierno nacional, secretarios de Estado y funcionarios judiciales asistieron hoy al acto en el que el presidente de la Corte Suprema\u2026","rel":"","context":"En \u00abJUDICIALES\u00bb","block_context":{"text":"JUDICIALES","link":"https:\/\/www.24baires.com\/?cat=68"},"img":{"alt_text":"","src":"","width":0,"height":0},"classes":[]},{"id":56968,"url":"https:\/\/www.24baires.com\/?p=56968","url_meta":{"origin":6516,"position":5},"title":"Zaffaroni habl\u00f3 de \u00abuna Corte con 15 miembros\u00bb","author":"Grupo Sierra","date":"11\/11\/2014","format":false,"excerpt":"El juez de la Corte consider\u00f3 que ser\u00eda \"una conformaci\u00f3n ideal\" del m\u00e1ximo tribunal y asegur\u00f3: \"No tengo candidatos para que me reemplacen\". Zaffaroni sugiri\u00f3 que est\u00e9 dividido en salas \"que sean especializadas\", pero a la vez reafirm\u00f3 que \"lo normal es que una instituci\u00f3n funcione con todos sus miembros\"\u2026","rel":"","context":"En \u00abJUDICIALES\u00bb","block_context":{"text":"JUDICIALES","link":"https:\/\/www.24baires.com\/?cat=68"},"img":{"alt_text":"zaffaroni2","src":"https:\/\/i0.wp.com\/www.24baires.com\/wp-content\/uploads\/2012\/11\/zaffaroni21.jpg?resize=350%2C200","width":350,"height":200,"srcset":"https:\/\/i0.wp.com\/www.24baires.com\/wp-content\/uploads\/2012\/11\/zaffaroni21.jpg?resize=350%2C200 1x, https:\/\/i0.wp.com\/www.24baires.com\/wp-content\/uploads\/2012\/11\/zaffaroni21.jpg?resize=525%2C300 1.5x"},"classes":[]}],"jetpack_sharing_enabled":true,"jetpack_likes_enabled":true,"_links":{"self":[{"href":"https:\/\/www.24baires.com\/index.php?rest_route=\/wp\/v2\/posts\/6516","targetHints":{"allow":["GET"]}}],"collection":[{"href":"https:\/\/www.24baires.com\/index.php?rest_route=\/wp\/v2\/posts"}],"about":[{"href":"https:\/\/www.24baires.com\/index.php?rest_route=\/wp\/v2\/types\/post"}],"author":[{"embeddable":true,"href":"https:\/\/www.24baires.com\/index.php?rest_route=\/wp\/v2\/users\/4"}],"replies":[{"embeddable":true,"href":"https:\/\/www.24baires.com\/index.php?rest_route=%2Fwp%2Fv2%2Fcomments&post=6516"}],"version-history":[{"count":3,"href":"https:\/\/www.24baires.com\/index.php?rest_route=\/wp\/v2\/posts\/6516\/revisions"}],"predecessor-version":[{"id":6520,"href":"https:\/\/www.24baires.com\/index.php?rest_route=\/wp\/v2\/posts\/6516\/revisions\/6520"}],"wp:attachment":[{"href":"https:\/\/www.24baires.com\/index.php?rest_route=%2Fwp%2Fv2%2Fmedia&parent=6516"}],"wp:term":[{"taxonomy":"category","embeddable":true,"href":"https:\/\/www.24baires.com\/index.php?rest_route=%2Fwp%2Fv2%2Fcategories&post=6516"},{"taxonomy":"post_tag","embeddable":true,"href":"https:\/\/www.24baires.com\/index.php?rest_route=%2Fwp%2Fv2%2Ftags&post=6516"}],"curies":[{"name":"wp","href":"https:\/\/api.w.org\/{rel}","templated":true}]}}